{"id":320143,"date":"2025-08-15T05:19:19","date_gmt":"2025-08-15T05:19:19","guid":{"rendered":"https:\/\/www.europesays.com\/fr\/320143\/"},"modified":"2025-08-15T05:19:19","modified_gmt":"2025-08-15T05:19:19","slug":"charlene-de-monaco-je-voulais-quils-soient-en-securite-cette-grande-decision-prise-pour-jacques-et-gabriella","status":"publish","type":"post","link":"https:\/\/www.europesays.com\/fr\/320143\/","title":{"rendered":"Charlene de Monaco : \u201cje voulais qu\u2019ils soient en s\u00e9curit\u00e9\u2026\u201d, cette grande d\u00e9cision prise pour Jacques et Gabriella"},"content":{"rendered":"<p class=\"p1\">Avant de partager sa vie avec le prince Albert II,<br \/>\n<a href=\"https:\/\/www.closermag.fr\/royautes\/charlene-de-monaco-age-origines-psychiatrie-instagram-tout-savoir-1631018#item=1\" rel=\"nofollow noopener\" target=\"_blank\"><br \/>\nCharlene de Monaco<\/a> \u00e9tait connue pour <strong>sa carri\u00e8re de<br \/>\nnageuse<\/strong>. En effet, elle a remport\u00e9 les championnats<br \/>\njuniors d\u2019Afrique du Sud \u00e0 18 ans, avant de repr\u00e9senter son pays<br \/>\naux <strong>Jeux olympiques de Sydney<\/strong>. Si son parcours a<br \/>\nensuite \u00e9t\u00e9 stopp\u00e9 par une blessure \u00e0 l\u2019\u00e9paule, la princesse ne<br \/>\ns\u2019est jamais vraiment \u00e9loign\u00e9e des bassins.<\/p>\n<p class=\"p1\">Gr\u00e2ce \u00e0 la Fondation Princesse Charlene de Monaco, la<br \/>\nfemme du prince Albert II \u0153uvre pour <strong>pr\u00e9venir la<br \/>\nnoyade<\/strong>, en particulier chez les enfants. Mercredi 13 ao\u00fbt,<br \/>\nla femme de 47 ans s\u2019est confi\u00e9e dans les colonnes d\u2019<a href=\"https:\/\/www.ouest-france.fr\/societe\/entretien-charlene-de-monaco-derriere-chaque-noyade-il-y-a-une-famille-bouleversee-83ece66a-7829-11f0-86b5-962552fd955f\" target=\"_blank\" rel=\"nofollow noopener\">Ouest-France<\/a><br \/>\nsur l\u2019importance d\u2019apprendre \u00e0 nager.<\/p>\n<p><img loading=\"lazy\" decoding=\"async\" aria-describedby=\"caption-attachment-3571317\" itemprop=\"thumbnailUrl\" class=\"size-full wp-image-3571317 img-responsive\" src=\"https:\/\/www.europesays.com\/fr\/wp-content\/uploads\/2025\/08\/jacques-et-gabriella.jpg\" alt=\"La famille princi\u00e8re de Monaco lors de l'ouverture de la section Monaco au mus\u00e9e Miniatur Wunderland \u00e0 Hambourg.\" width=\"1200\" height=\"1801\"\/> \u00a9 Action Press \/ Bestimage<\/p>\n<p id=\"caption-attachment-3571317\" class=\"wp-caption-text\">La<br \/>\nfamille princi\u00e8re de Monaco lors de l&rsquo;ouverture de la section<br \/>\nMonaco au mus\u00e9e Miniatur Wunderland \u00e0 Hambourg.<\/p>\n<p>Jacques et Gabriella ont appris \u00e0 nager tr\u00e8s<br \/>\njeunes<\/p>\n<p class=\"p1\">Au cours de son interview, Charlene de Monaco a fait<br \/>\nde rares confidences sur <a href=\"https:\/\/www.closermag.fr\/royautes\/jacques-et-gabriella-de-monaco-cette-toute-premiere-photo-avec-albert-et-charlene-qui-a-fait-le-tour-du-monde-3534834\" rel=\"nofollow noopener\" target=\"_blank\"><br \/>\nJacques et Gabriella<\/a>. Ses jumeaux, \u00e2g\u00e9s de 10 ans, ont<br \/>\neffectivement <strong>appris \u00e0 nager tr\u00e8s t\u00f4t<\/strong>. \u201cL\u2019eau<br \/>\nfait partie de ma vie, et je voulais qu\u2019ils soient \u00e0 l\u2019aise et en<br \/>\ns\u00e9curit\u00e9 d\u00e8s leur plus jeune \u00e2ge. C\u2019est une \u00e9tape essentielle :<br \/>\napprendre \u00e0 nager t\u00f4t, c\u2019est aussi apprendre \u00e0 se respecter et \u00e0<br \/>\nrespecter l\u2019\u00e9l\u00e9ment\u201d, a-t-elle expliqu\u00e9.<\/p>\n<p class=\"p1\">Dans le futur, Jacques et Gabriella pourraient se<br \/>\nlancer dans <a href=\"https:\/\/www.closermag.fr\/royautes\/prince-albert-et-charlene-de-monaco-ces-valeurs-quils-ont-absolument-voulu-transmettre-a-leurs-enfants-jacques-et-gabriella-3465178\" rel=\"nofollow noopener\" target=\"_blank\"><br \/>\nune carri\u00e8re sportive<\/a>. Pour leur m\u00e8re, ce n\u2019est cependant<br \/>\n<strong>pas une priorit\u00e9<\/strong>. Elle a confi\u00e9 : \u201cJe ne<br \/>\ncherche pas \u00e0 en faire des champions, mais \u00e0 leur donner cette<br \/>\nlibert\u00e9 et cette s\u00e9curit\u00e9 que procure la ma\u00eetrise de l\u2019eau. Comme<br \/>\nje le dis souvent : savoir nager, c\u2019est un cadeau qu\u2019on garde pour<br \/>\ntoute la vie\u201d.<\/p>\n<p>Charlene de Monaco a \u00e9t\u00e9 touch\u00e9e par<br \/>\nun drame familial<\/p>\n<p class=\"p1\">Charlene de Monaco s\u2019est montr\u00e9e intransigeante sur<br \/>\nl\u2019apprentissage de la natation \u00e0 <a href=\"https:\/\/www.closermag.fr\/royautes\/charlene-de-monaco-avec-jacques-et-gabriella-elle-abandonne-albert-au-bout-du-monde-3558389\" rel=\"nofollow noopener\" target=\"_blank\"><br \/>\nses enfants<\/a> pour une bonne raison. En effet, sa famille a \u00e9t\u00e9<br \/>\n<strong>touch\u00e9e par une noyade<\/strong>. \u201cQuand j\u2019\u00e9tais enfant,<br \/>\nmon cousin Richard s\u2019est noy\u00e9 dans une rivi\u00e8re, tout pr\u00e8s de la<br \/>\nmaison de mon oncle. Il n\u2019avait que cinq ans\u201d, a-t-elle<br \/>\nr\u00e9v\u00e9l\u00e9.<\/p>\n<p class=\"p1\">Ce drame a ensuite eu des<br \/>\n<strong>r\u00e9percussions<\/strong> sur <a href=\"https:\/\/www.closermag.fr\/royautes\/charlene-de-monaco-sa-niece-meconnue-kaia-rose-impressionne-et-fait-parler-delle-3529571\" rel=\"nofollow noopener\" target=\"_blank\"><br \/>\ntoute sa famille<\/a>. \u201cCe fut d\u00e9vastateur pour toute notre<br \/>\nfamille. Je crois que ce genre de douleur ne dispara\u00eet jamais<br \/>\nvraiment\u201d, a-t-elle ajout\u00e9. Une situation qu\u2019elle ne souhaite<br \/>\nrevivre pour rien au monde.<\/p>\n","protected":false},"excerpt":{"rendered":"Avant de partager sa vie avec le prince Albert II, Charlene de Monaco \u00e9tait connue pour sa carri\u00e8re&hellip;\n","protected":false},"author":2,"featured_media":320144,"comment_status":"","ping_status":"","sticky":false,"template":"","format":"standard","meta":{"footnotes":""},"categories":[4],"tags":[11,548,10675,1011,27,10676,12,25],"class_list":{"0":"post-320143","1":"post","2":"type-post","3":"status-publish","4":"format-standard","5":"has-post-thumbnail","7":"category-france","8":"tag-actualites","9":"tag-article-simple","10":"tag-charlene-de-monaco","11":"tag-fr","12":"tag-france","13":"tag-jacques-et-gabriella","14":"tag-news","15":"tag-republique-francaise"},"share_on_mastodon":{"url":"https:\/\/pubeurope.com\/@fr\/115031098346965846","error":""},"_links":{"self":[{"href":"https:\/\/www.europesays.com\/fr\/wp-json\/wp\/v2\/posts\/320143","targetHints":{"allow":["GET"]}}],"collection":[{"href":"https:\/\/www.europesays.com\/fr\/wp-json\/wp\/v2\/posts"}],"about":[{"href":"https:\/\/www.europesays.com\/fr\/wp-json\/wp\/v2\/types\/post"}],"author":[{"embeddable":true,"href":"https:\/\/www.europesays.com\/fr\/wp-json\/wp\/v2\/users\/2"}],"replies":[{"embeddable":true,"href":"https:\/\/www.europesays.com\/fr\/wp-json\/wp\/v2\/comments?post=320143"}],"version-history":[{"count":0,"href":"https:\/\/www.europesays.com\/fr\/wp-json\/wp\/v2\/posts\/320143\/revisions"}],"wp:featuredmedia":[{"embeddable":true,"href":"https:\/\/www.europesays.com\/fr\/wp-json\/wp\/v2\/media\/320144"}],"wp:attachment":[{"href":"https:\/\/www.europesays.com\/fr\/wp-json\/wp\/v2\/media?parent=320143"}],"wp:term":[{"taxonomy":"category","embeddable":true,"href":"https:\/\/www.europesays.com\/fr\/wp-json\/wp\/v2\/categories?post=320143"},{"taxonomy":"post_tag","embeddable":true,"href":"https:\/\/www.europesays.com\/fr\/wp-json\/wp\/v2\/tags?post=320143"}],"curies":[{"name":"wp","href":"https:\/\/api.w.org\/{rel}","templated":true}]}}