{"id":320151,"date":"2025-08-15T05:25:40","date_gmt":"2025-08-15T05:25:40","guid":{"rendered":"https:\/\/www.europesays.com\/fr\/320151\/"},"modified":"2025-08-15T05:25:40","modified_gmt":"2025-08-15T05:25:40","slug":"grand-est-tourne-a-epinal-et-nancy-connemara-va-jouer-les-premiers-roles-a-cannes","status":"publish","type":"post","link":"https:\/\/www.europesays.com\/fr\/320151\/","title":{"rendered":"Grand Est. Tourn\u00e9 \u00e0 \u00c9pinal et Nancy, Connemara\u00a0va jouer les premiers r\u00f4les \u00e0 Cannes"},"content":{"rendered":"<p>\u00ab Un incroyable alignement des plan\u00e8tes.\u00a0\u00bb Nous sommes \u00e0 un peu plus de 800 kilom\u00e8tres des \u00e9toiles de Cannes dans les bureaux de Supermouche Productions, \u00e0 \u00c9pinal. \u00c0 des ann\u00e9es-lumi\u00e8re des paillettes de la Croisette mais au c\u0153ur de l\u2019univers de Connemara. \u00ab\u00a0Je crois que \u00e7a n\u2019arrive qu\u2019une fois dans une vie\u00a0\u00bb, sourit Emmanuel Georges qui a coproduit l\u2019adaptation du roman du Vosgien <a href=\"https:\/\/www.vosgesmatin.fr\/p\/nicolas-mathieu\" target=\"_blank\" rel=\"noopener\">Nicolas Mathieu<\/a>.<\/p>\n<p>Le 21\u00a0mai, le producteur sera avec toute l\u2019\u00e9quipe du film &#8211; M\u00e9lanie Thierry, Bastien Bouillon, Jacques Gamblin et Cl\u00e9mentine C\u00e9lari\u00e9 &#8211; dans une autre galaxie. \u00ab\u00a0Je suis un enfant de la t\u00e9l\u00e9, ma culture&#8230;<\/p>\n","protected":false},"excerpt":{"rendered":"\u00ab Un incroyable alignement des plan\u00e8tes.\u00a0\u00bb Nous sommes \u00e0 un peu plus de 800 kilom\u00e8tres des \u00e9toiles de&hellip;\n","protected":false},"author":2,"featured_media":320152,"comment_status":"","ping_status":"","sticky":false,"template":"","format":"standard","meta":{"footnotes":""},"categories":[9635],"tags":[1111,11,650,1687,1796,778,19336,1777,674,1011,27,775,1702,12,2661,3456,25],"class_list":{"0":"post-320151","1":"post","2":"type-post","3":"status-publish","4":"format-standard","5":"has-post-thumbnail","7":"category-nancy","8":"tag-actu","9":"tag-actualites","10":"tag-cinema","11":"tag-culture-loisirs","12":"tag-edition-epinal","13":"tag-epinal","14":"tag-epinal-ville-88a","15":"tag-eu","16":"tag-europe","17":"tag-fr","18":"tag-france","19":"tag-grand-est","20":"tag-nancy","21":"tag-news","22":"tag-patrimoine-culturel","23":"tag-region-lorraine","24":"tag-republique-francaise"},"share_on_mastodon":{"url":"https:\/\/pubeurope.com\/@fr\/115031121834719953","error":""},"_links":{"self":[{"href":"https:\/\/www.europesays.com\/fr\/wp-json\/wp\/v2\/posts\/320151","targetHints":{"allow":["GET"]}}],"collection":[{"href":"https:\/\/www.europesays.com\/fr\/wp-json\/wp\/v2\/posts"}],"about":[{"href":"https:\/\/www.europesays.com\/fr\/wp-json\/wp\/v2\/types\/post"}],"author":[{"embeddable":true,"href":"https:\/\/www.europesays.com\/fr\/wp-json\/wp\/v2\/users\/2"}],"replies":[{"embeddable":true,"href":"https:\/\/www.europesays.com\/fr\/wp-json\/wp\/v2\/comments?post=320151"}],"version-history":[{"count":0,"href":"https:\/\/www.europesays.com\/fr\/wp-json\/wp\/v2\/posts\/320151\/revisions"}],"wp:featuredmedia":[{"embeddable":true,"href":"https:\/\/www.europesays.com\/fr\/wp-json\/wp\/v2\/media\/320152"}],"wp:attachment":[{"href":"https:\/\/www.europesays.com\/fr\/wp-json\/wp\/v2\/media?parent=320151"}],"wp:term":[{"taxonomy":"category","embeddable":true,"href":"https:\/\/www.europesays.com\/fr\/wp-json\/wp\/v2\/categories?post=320151"},{"taxonomy":"post_tag","embeddable":true,"href":"https:\/\/www.europesays.com\/fr\/wp-json\/wp\/v2\/tags?post=320151"}],"curies":[{"name":"wp","href":"https:\/\/api.w.org\/{rel}","templated":true}]}}