{"id":320160,"date":"2025-08-15T05:33:36","date_gmt":"2025-08-15T05:33:36","guid":{"rendered":"https:\/\/www.europesays.com\/fr\/320160\/"},"modified":"2025-08-15T05:33:36","modified_gmt":"2025-08-15T05:33:36","slug":"spectacle-sophia-aram-le-monde-dapres","status":"publish","type":"post","link":"https:\/\/www.europesays.com\/fr\/320160\/","title":{"rendered":"Spectacle Sophia Aram &#8211; le Monde d&rsquo;Apr\u00e8s"},"content":{"rendered":"<p class=\"intro\">Sophia Aram &#8211; le Monde d&rsquo;Apr\u00e8s &#8211; Tourn\u00e9e, un spectacle \u00e0 voir \u00e0 Rouen (Centre Culturel Voltaire D\u00e9ville-l\u00e8s-Rouen), le 21 novembre 2025. Toutes les informations pratiques (tarifs, billetterie, plan de salle) pour ce spectacle sont \u00e0 retrouver sur cette page. R\u00e9servez d\u00e8s maintenant vos places pour assister \u00e0 ce <a href=\"https:\/\/www.jds.fr\/rouen\/agenda\/sorties-culturelles-spectacles-expositions-cinema-470_B\" rel=\"nofollow noopener\" target=\"_blank\">spectacle \u00e0 Rouen<\/a>\u00a0!<\/p>\n<p><img decoding=\"async\" loading=\"lazy\" src=\"https:\/\/www.europesays.com\/fr\/wp-content\/uploads\/2025\/08\/sophia-aram-tickets_410276_3385208_222x222.jpg\" alt=\"Sophia Aram - le Monde d'Apr\u00e8s - Tourn\u00e9e\" class=\"border\"\/><\/p>\n<p>Le spectacle de Sophia Aram \u00e0 Rouen (D\u00e9ville-l\u00e8s-Rouen) en 2025<\/p>\n<p class=\"mise_en_avant\">Sophia Aram en spectacle \u00e0 D\u00e9ville-l\u00e8s-Rouen vendredi 21 Novembre 2025 \u00e0 20h. Ce spectacle aura lieu dans une salle bien connue dans la r\u00e9gion\u00a0: <a href=\"https:\/\/www.jds.fr\/rouen\/deville-les-rouen\/salles-spectacle\/centre-culturel-voltaire-19219_L\" class=\"tde-underline\" rel=\"nofollow noopener\" target=\"_blank\">Centre Culturel Voltaire &#8211; D\u00e9ville-l\u00e8s-Rouen<\/a>, un lieu qui accueille r\u00e9guli\u00e8rement des spectacles comme celui de Sophia Aram.<\/p>\n<p>Sophia Aram est une humoriste fran\u00e7aise connue pour ses spectacles qui m\u00ealent humour ac\u00e9r\u00e9 et critique sociale. Abordant des sujets d&rsquo;actualit\u00e9 avec une finesse qui lui est propre, elle capte l&rsquo;attention du public gr\u00e2ce \u00e0 son charisme et son talent pour la satire. Ses performances se distinguent par leur capacit\u00e9 \u00e0 susciter la r\u00e9flexion tout en divertissant les spectateurs, ce qui lui a valu une place de choix sur la sc\u00e8ne humoristique fran\u00e7aise. La popularit\u00e9 de Sophia Aram est renforc\u00e9e par sa capacit\u00e9 \u00e0 naviguer habilement entre diff\u00e9rents th\u00e8mes soci\u00e9taux, offrant des prestations qui marquent les esprits et permettent au public de voir le monde sous un nouvel angle.<\/p>\n<p>D\u2019autres dates sont au programme de la tourn\u00e9e de Sophia Aram, d\u00e9couvrez l\u2019ensemble des repr\u00e9sentations du spectacle de <a href=\"https:\/\/www.jds.fr\/artistes\/sophia-aram-266_N\" rel=\"nofollow noopener\" target=\"_blank\">Sophia Aram en 2025<\/a> sur notre page d\u00e9di\u00e9e.<\/p>\n<p>Billetterie pour le spectacle de Sophia Aram \u00e0 Rouen<\/p>\n<p>Les places pour le prochain spectacle de Sophia Aram \u00e0 D\u00e9ville-l\u00e8s-Rouen sont en vente sur la billetterie en ligne. R\u00e9servez vos billets d\u00e8s maintenant pour d\u00e9couvrir sur sc\u00e8ne ce spectacle\u00a0!<\/p>\n<p><a class=\"btn btn-lg shadow-lg btn-primary rounded-pill fnac_link\" data-fnac=\"in_article\" href=\"https:\/\/www.awin1.com\/pclick.php?p=41883799170&amp;a=634278&amp;m=12494&amp;clickref=in_article-A-desktop\" target=\"_blank\" rel=\"nofollow noopener\"> Acheter des billets<\/a><\/p>\n<p>Les <strong>tarifs des billets pour assister au spectacle de Sophia Aram \u00e0 D\u00e9ville-l\u00e8s-Rouen<\/strong> d\u00e9marrent \u00e0 partir de 21\u00a0\u20ac. Diff\u00e9rentes cat\u00e9gories de places peuvent \u00eatre \u00e0 la vente, selon le placement dans la salle. Les prix peuvent donc \u00eatre diff\u00e9rents d&rsquo;une cat\u00e9gorie \u00e0 l&rsquo;autre.<\/p>\n<p>Vous pouvez aussi r\u00e9server vos places pour le spectacle de <a href=\"https:\/\/www.jds.fr\/marseille\/spectacles\/humour\/sophia-aram-le-monde-d-apres-tournee-933596_A\" rel=\"nofollow noopener\" target=\"_blank\">Sophia Aram \u00e0 Aix-en-Provence, Marseille &#8211; 6MIC<\/a> (13).<\/p>\n<p>Sophia Aram &#8211; le Monde d&rsquo;Apr\u00e8s &#8211; Tourn\u00e9e<\/p>\n<p><strong>SOPHIA ARAM<\/strong><br \/>Le monde d\u2019apr\u00e8s<\/p>\n<ul>\n<li>Textes\u00a0: Benoit Cambillard et Sophia Aram<\/li>\n<li>Musiques\u00a0: Raphael Elig<\/li>\n<li>Lumi\u00e8res\u00a0: Fabienne Flouzat et Julien Barrillet<\/li>\n<\/ul>\n<p>\n    Pour mon 5\u00e8me spectacle, j\u2019ai choisi de m\u2019amuser avec la dinguerie d\u2019une \u00e9poque r\u00e9ussissant l\u2019exploit de ressusciter les timbr\u00e9s que l\u2019on croyait oubli\u00e9s et d\u2019en inventer de nouveaux qui n\u2019ont rien \u00e0 envier aux premiers.\n<\/p>\n<p>\n    Je d\u00e9die donc ce spectacle aux antivax d\u00e9couvrant l\u2019innocuit\u00e9 d\u2019un faux passe-vaccinal face \u00e0 un vrai virus, aux petites bourgeoises le cul bien moul\u00e9 dans leurs leggings venant expier leurs vacances \u00e0 Courchevel en faisant la promotion d&rsquo;un islam rigoriste qu&rsquo;elles n&rsquo;auront ni \u00e0 subir ni \u00e0 combattre, aux antis\u00e9mites d\u00e9complex\u00e9s par la gr\u00e2ce d\u2019un candidat r\u00e9ussissant l\u2019exploit d\u2019\u00eatre juif et p\u00e9tainiste, aux gilets jaunes venus vomir leur bi\u00e8re sur la tombe du soldat inconnu, aux complotistes, aux populistes et aux d\u00e9c\u00e9r\u00e9br\u00e9s qui les excusent autant qu\u2019ils les utilisent. Aux poutinol\u00e2tres qui apr\u00e8s avoir cri\u00e9 tous les samedis \u00e0 la dictature dans notre pays, admirant la poigne d\u2019un autocrate sans foi ni loi\u2026\n<\/p>\n<p>\n    Sophia\n<\/p>\n<p>\n    Dur\u00e9e\u00a0: 1h10<br \/>Spectacle d\u00e9conseill\u00e9 aux moins de 12 ans\n<\/p>\n<p class=\"font-size-30 fw-bold lh-1 mt-0 mb-4\">Je trouve les meilleures sorties dans ma ville<\/p>\n","protected":false},"excerpt":{"rendered":"Sophia Aram &#8211; le Monde d&rsquo;Apr\u00e8s &#8211; Tourn\u00e9e, un spectacle \u00e0 voir \u00e0 Rouen (Centre Culturel Voltaire D\u00e9ville-l\u00e8s-Rouen),&hellip;\n","protected":false},"author":2,"featured_media":320161,"comment_status":"","ping_status":"","sticky":false,"template":"","format":"standard","meta":{"footnotes":""},"categories":[9587],"tags":[1111,11,1777,674,1011,27,12,5161,25,9590],"class_list":{"0":"post-320160","1":"post","2":"type-post","3":"status-publish","4":"format-standard","5":"has-post-thumbnail","7":"category-rouen","8":"tag-actu","9":"tag-actualites","10":"tag-eu","11":"tag-europe","12":"tag-fr","13":"tag-france","14":"tag-news","15":"tag-normandie","16":"tag-republique-francaise","17":"tag-rouen"},"share_on_mastodon":{"url":"https:\/\/pubeurope.com\/@fr\/115031153509466404","error":""},"_links":{"self":[{"href":"https:\/\/www.europesays.com\/fr\/wp-json\/wp\/v2\/posts\/320160","targetHints":{"allow":["GET"]}}],"collection":[{"href":"https:\/\/www.europesays.com\/fr\/wp-json\/wp\/v2\/posts"}],"about":[{"href":"https:\/\/www.europesays.com\/fr\/wp-json\/wp\/v2\/types\/post"}],"author":[{"embeddable":true,"href":"https:\/\/www.europesays.com\/fr\/wp-json\/wp\/v2\/users\/2"}],"replies":[{"embeddable":true,"href":"https:\/\/www.europesays.com\/fr\/wp-json\/wp\/v2\/comments?post=320160"}],"version-history":[{"count":0,"href":"https:\/\/www.europesays.com\/fr\/wp-json\/wp\/v2\/posts\/320160\/revisions"}],"wp:featuredmedia":[{"embeddable":true,"href":"https:\/\/www.europesays.com\/fr\/wp-json\/wp\/v2\/media\/320161"}],"wp:attachment":[{"href":"https:\/\/www.europesays.com\/fr\/wp-json\/wp\/v2\/media?parent=320160"}],"wp:term":[{"taxonomy":"category","embeddable":true,"href":"https:\/\/www.europesays.com\/fr\/wp-json\/wp\/v2\/categories?post=320160"},{"taxonomy":"post_tag","embeddable":true,"href":"https:\/\/www.europesays.com\/fr\/wp-json\/wp\/v2\/tags?post=320160"}],"curies":[{"name":"wp","href":"https:\/\/api.w.org\/{rel}","templated":true}]}}