{"id":320166,"date":"2025-08-15T05:36:14","date_gmt":"2025-08-15T05:36:14","guid":{"rendered":"https:\/\/www.europesays.com\/fr\/320166\/"},"modified":"2025-08-15T05:36:14","modified_gmt":"2025-08-15T05:36:14","slug":"boulangeries-tabacs-grandes-surfaces-quels-sont-les-commerces-ouverts-ce-vendredi-15-aout-a-rennes","status":"publish","type":"post","link":"https:\/\/www.europesays.com\/fr\/320166\/","title":{"rendered":"Boulangeries, tabacs, grandes surfaces\u2026 Quels sont les commerces ouverts ce vendredi 15 ao\u00fbt \u00e0 Rennes\u00a0?"},"content":{"rendered":"<p>            Par<br \/>\n        <strong><br \/>\n            <a href=\"https:\/\/actu.fr\/auteur\/lou-batteux\" title=\"Consulter tous les articles de Lou Batteux\" rel=\"nofollow noopener\" target=\"_blank\">Lou Batteux<\/a><br \/>\n        <\/strong><\/p>\n<p>        Publi\u00e9 le<\/p>\n<p>            15 ao\u00fbt 2025 \u00e0 6h32        <\/p>\n<p>Comme \u00e0 son habitude, la r\u00e9daction d\u2019<a href=\"https:\/\/actu.fr\/rennes\/\" rel=\"nofollow noopener\" target=\"_blank\">actu Rennes<\/a> dresse une <strong>liste des commerces ouverts<\/strong> les jours f\u00e9ri\u00e9s. Boulangeries, bars-tabacs, centres commerciaux et grandes surfaces, mais aussi magasins de bricolage, d\u00e9couvrez les enseignes qui sont <strong>ouvertes, ferm\u00e9es<\/strong> et celles qui prolongent leur fermeture en faisant le pont \u00e0 l\u2019occasion de ce <strong>vendredi 15 ao\u00fbt<\/strong>.<\/p>\n<p>Les boulangeries<\/p>\n<ul class=\" wall-content\">\n<li><strong>Maison B\u00e9cam<\/strong>, au 69, rue Jean Gu\u00e9henno : ouverte aux horaires habituels de 7h \u00e0 20h (ouverte toute l\u2019ann\u00e9e sauf le 1\u1d49\u02b3 mai) ;<\/li>\n<li><strong>Boulangerie Geffray<\/strong>, au 2, avenue Sir Winston Churchill : ouverte aux horaires habituels de 6h45 \u00e0 19h30 ;<\/li>\n<li><strong>Les boulangeries Ange<\/strong> sont toutes ouvertes aux horaires habituels, except\u00e9 celle de <strong>Cesson-S\u00e9vign\u00e9<\/strong>, au 40, rue de Bray, qui <strong>ferme vendredi<\/strong> et rouvre samedi.<\/li>\n<li><strong>Boulangerie Feuillette<\/strong>, au 35, rue de Bray, \u00e0 Cesson-S\u00e9vign\u00e9 : ouverte aux horaires habituels de 7h \u00e0 20h ;<\/li>\n<li><strong>La t\u00eate enfarin\u00e9e<\/strong>, au 3, rue de Co\u00ebtquen : ouverte le matin et en d\u00e9but d\u2019apr\u00e8s-midi, de 8h \u00e0 14h ;<\/li>\n<li><strong>Les boulangeries Augustin<\/strong> sont ouvertes toute la journ\u00e9e, sauf celle situ\u00e9e au 273, rue de Ch\u00e2teaugiron qui n\u2019ouvre que le matin, de 7h \u00e0 14h.<\/li>\n<\/ul>\n<p class=\" wall-content\">Celles ferm\u00e9es :\u00a0<\/p>\n<ul class=\" wall-content\">\n<li><strong>Les deux boulangeries Seize heures trente<\/strong>, au 2, passage Jeanne Chauveau et au 3, rue Hoche sont ferm\u00e9es, elles rouvrent mardi 19 ao\u00fbt ;<\/li>\n<li><strong>Au Four et au Moulin<\/strong>, au 35, rue Vaneau : ferm\u00e9e \u00e0 partir de jeudi 14 ao\u00fbt, \u00e0 midi, jusqu\u2019\u00e0 lundi matin, 7h ;<\/li>\n<li><strong>Aux D\u00e9lices De Sam<\/strong>, au 8, place du Bas des Lices : ferm\u00e9e toute la journ\u00e9e ;<\/li>\n<li><strong>Les deux boulangeries Maison Brodin<\/strong>, \u00e0 La Courrouze et au quartier Thabor : ferm\u00e9es toute la journ\u00e9e ;<\/li>\n<li><strong>La boulangerie du Thabor<\/strong>,\u00a0au 5, rue de Paris : ferm\u00e9e jusqu\u2019au 25 ao\u00fbt ;<\/li>\n<li><strong>Les deux boulangeries Respire<\/strong>, au 242, rue de Ch\u00e2teaugiron et au 96, rue de Saint-Brieuc : ferm\u00e9es toute la journ\u00e9e ;\u00a0<\/li>\n<li><strong>Le Fournil du Ronceray<\/strong>, au 6, place du Ronceray : ferm\u00e9e toute la journ\u00e9e ;<\/li>\n<li><strong>Le Fournil des Halles<\/strong>, au 24, rue de Nemours : ferm\u00e9e jusqu\u2019au 24 ao\u00fbt.<\/li>\n<\/ul>\n<p class=\" wall-content\">Cette liste n\u2019est pas exhaustive\u2009: les boulangeries qui n\u2019ont pas \u00e9t\u00e9 mentionn\u00e9es dans cet article sont celles qui n\u2019ont pas r\u00e9pondu \u00e0 nos sollicitations par t\u00e9l\u00e9phone.<\/p>\n<p>Les bars-tabacs<\/p>\n<ul class=\" wall-content\">\n<li><strong>Bar-Tabac Le 23<\/strong>, au \u00a024, rue Saint-H\u00e9lier : ouvert toute la journ\u00e9e \u00e0 partir de 9h ;<\/li>\n<li><strong>Tabac-Presse Le Chiquito<\/strong>, place Sainte-Anne : ouvert de 11h \u00e0 19h ;<\/li>\n<li><strong>Tabac-Presse Le Churchill<\/strong>, au 1, rue de Bourgogne : ouvert le matin uniquement, de 8h30 \u00e0 12h30.<\/li>\n<\/ul>\n<p class=\" wall-content\">Ceux ferm\u00e9s\u00a0 : <strong>le Tabac de l\u2019Est<\/strong>, au 66, boulevard Villebois Mareuil (rouvre samedi) ; <strong>Au Bretagne<\/strong>, au 7, place de Bretagne (rouvre samedi) ; <strong>Le Reinitas<\/strong>, au 115, rue de Vern ; <strong>Le Vinci<\/strong>, au 142, rue de Foug\u00e8res (rouvre samedi) ; <strong>Presse de la Poterie<\/strong>, au 10 place du Ronceray (ferm\u00e9 jusqu\u2019\u00e0 lundi, 7h30).<\/p>\n<p class=\" wall-content\">Comme pour les boulangeries, cette liste n\u2019est pas exhaustive\u2009: les bars-tabacs qui n\u2019ont pas \u00e9t\u00e9 mentionn\u00e9s dans cet article sont ceux qui n\u2019ont pas r\u00e9pondu \u00e0 nos sollicitations par t\u00e9l\u00e9phone.<\/p>\n<p>Les centres commerciaux et grandes surfaces<\/p>\n<p class=\" wall-content\">Sur leur site internet, ces magasins indiquent \u00eatre <strong>ouverts<\/strong> ce vendredi 15 ao\u00fbt :<\/p>\n<ul class=\" wall-content\">\n<li><strong>Alma<\/strong> (de 10h \u00e0 19h) ;<\/li>\n<li><strong>Decathlon<\/strong> <strong>Chantepie<\/strong> et <strong>Decathlon Rennes Betton <\/strong>(de 10h \u00e0 19h) ;<\/li>\n<li><strong>Shop\u2019in Pac\u00e9<\/strong> (de 10h \u00e0 18h) ;<\/li>\n<li><strong>IKEA<\/strong> (de 10h \u00e0 20h) ;<\/li>\n<li><strong>Intermarch\u00e9 Hyper Rennes Les Longs Champs<\/strong> (de 9h30 \u00e0 18h30) ;<\/li>\n<li><strong>Carrefour Rennes Cesson<\/strong> (de 8h30 \u00e0 20h).<\/li>\n<\/ul>\n<p class=\" wall-content\">Sur leur site internet, ces magasins indiquent \u00eatre <strong>ferm\u00e9s<\/strong> ce vendredi 15 ao\u00fbt :<\/p>\n<ul class=\" wall-content\">\n<li><strong>La Visitation<\/strong> ;<\/li>\n<li><strong>Grand Quartier<\/strong>\u00a0: les boutiques seront ferm\u00e9es sauf\u00a0<strong>Boulanger<\/strong>, qui sera ouvert de 10h \u00e0 19h ;\u00a0<strong>Super U<\/strong>, qui sera ouvert de 9h \u00e0 19h30 et\u00a0<strong>Brico D\u00e9p\u00f4t<\/strong>,\u00a0qui sera ouvert de 8h \u00e0 19h ;<\/li>\n<li><strong>Centre commercial Cleunay<\/strong> ;<\/li>\n<li><strong>Saint-Gr\u00e9goire Le Centre<\/strong> (except\u00e9 l\u2019hypermarch\u00e9 <strong>E.Leclerc<\/strong> qui reste ouvert) ;<\/li>\n<li><strong>Cultura Saint-Gr\u00e9goire.<\/strong><\/li>\n<\/ul>\n<p>Les magasins de bricolage<\/p>\n<ul class=\" wall-content\">\n<li>Les magasins <strong>Leroy Merlin Chantepie \u2013 Rennes Sud<\/strong> (au 18, all\u00e9e de Guerl\u00e9dan \u00e0 Chantepie) et <strong>Leroy Merlin Rennes Nord \u2013 Betton<\/strong> (Zone d\u2019activit\u00e9 \u00e9conomique du Pluvignon \u00e0 Betton) seront ouverts de 9h \u00e0 19h ;<\/li>\n<li>Le magasin <strong>Brico D\u00e9p\u00f4t<\/strong>, au centre commercial Grand Quartier, sera ouvert de 8h \u00e0 19h ;<\/li>\n<li>Le magasin <strong>Bricorama<\/strong>, au 40, place du Colombier, sera ferm\u00e9.<\/li>\n<\/ul>\n<p class=\" wall-content\">Suivez toute l\u2019actualit\u00e9 de vos villes et m\u00e9dias favoris en vous inscrivant \u00e0 <a href=\"https:\/\/moncompte.actu.fr\" title=\"D\u00e9couvez Mon Actu\" rel=\"nofollow noopener\" data-trk=\"{&quot;cta&quot;:{&quot;action&quot;:&quot;https:\\\/\\\/moncompte.actu.fr&quot;,&quot;category&quot;:&quot;mon compte&quot;,&quot;from&quot;:&quot;article footer&quot;,&quot;name&quot;:&quot;Mon actu&quot;,&quot;type&quot;:&quot;cta&quot;}}\" target=\"_blank\">Mon Actu<\/a>.<\/p>\n","protected":false},"excerpt":{"rendered":"Par Lou Batteux Publi\u00e9 le 15 ao\u00fbt 2025 \u00e0 6h32 Comme \u00e0 son habitude, la r\u00e9daction d\u2019actu Rennes&hellip;\n","protected":false},"author":2,"featured_media":320167,"comment_status":"","ping_status":"","sticky":false,"template":"","format":"standard","meta":{"footnotes":""},"categories":[2821],"tags":[1111,11,829,215,33,1777,674,1011,27,12,584,25,6582],"class_list":{"0":"post-320166","1":"post","2":"type-post","3":"status-publish","4":"format-standard","5":"has-post-thumbnail","7":"category-rennes","8":"tag-actu","9":"tag-actualites","10":"tag-bretagne","11":"tag-commerce","12":"tag-economie","13":"tag-eu","14":"tag-europe","15":"tag-fr","16":"tag-france","17":"tag-news","18":"tag-rennes","19":"tag-republique-francaise","20":"tag-tabac"},"share_on_mastodon":{"url":"https:\/\/pubeurope.com\/@fr\/115031165084531139","error":""},"_links":{"self":[{"href":"https:\/\/www.europesays.com\/fr\/wp-json\/wp\/v2\/posts\/320166","targetHints":{"allow":["GET"]}}],"collection":[{"href":"https:\/\/www.europesays.com\/fr\/wp-json\/wp\/v2\/posts"}],"about":[{"href":"https:\/\/www.europesays.com\/fr\/wp-json\/wp\/v2\/types\/post"}],"author":[{"embeddable":true,"href":"https:\/\/www.europesays.com\/fr\/wp-json\/wp\/v2\/users\/2"}],"replies":[{"embeddable":true,"href":"https:\/\/www.europesays.com\/fr\/wp-json\/wp\/v2\/comments?post=320166"}],"version-history":[{"count":0,"href":"https:\/\/www.europesays.com\/fr\/wp-json\/wp\/v2\/posts\/320166\/revisions"}],"wp:featuredmedia":[{"embeddable":true,"href":"https:\/\/www.europesays.com\/fr\/wp-json\/wp\/v2\/media\/320167"}],"wp:attachment":[{"href":"https:\/\/www.europesays.com\/fr\/wp-json\/wp\/v2\/media?parent=320166"}],"wp:term":[{"taxonomy":"category","embeddable":true,"href":"https:\/\/www.europesays.com\/fr\/wp-json\/wp\/v2\/categories?post=320166"},{"taxonomy":"post_tag","embeddable":true,"href":"https:\/\/www.europesays.com\/fr\/wp-json\/wp\/v2\/tags?post=320166"}],"curies":[{"name":"wp","href":"https:\/\/api.w.org\/{rel}","templated":true}]}}