{"id":320195,"date":"2025-08-15T05:51:12","date_gmt":"2025-08-15T05:51:12","guid":{"rendered":"https:\/\/www.europesays.com\/fr\/320195\/"},"modified":"2025-08-15T05:51:12","modified_gmt":"2025-08-15T05:51:12","slug":"marseille-une-nouvelle-boutique-gourmande-debarque-dans-ce-quartier-tres-touristique","status":"publish","type":"post","link":"https:\/\/www.europesays.com\/fr\/320195\/","title":{"rendered":"Marseille. Une nouvelle boutique gourmande d\u00e9barque dans ce quartier tr\u00e8s touristique"},"content":{"rendered":"<p>            Par<br \/>\n        <strong><br \/>\n            <a href=\"https:\/\/actu.fr\/auteur\/thibault-nadal-actu-fr\" title=\"Consulter tous les articles de Thibault Nadal\" target=\"_blank\" rel=\"noopener\">Thibault Nadal<\/a><br \/>\n        <\/strong><\/p>\n<p>        Publi\u00e9 le<\/p>\n<p>            15 ao\u00fbt 2025 \u00e0 6h38        <\/p>\n<p>L\u2019\u00e9t\u00e9 est bient\u00f4t fini et c\u2019est tant mieux pour votre body summer. Car c\u2019est une vraie ode au sucre et \u00e0 la gourmandise qui d\u00e9barque dans le quartier du <a href=\"https:\/\/actu.fr\/tag\/le-panier\" target=\"_blank\" rel=\"noopener\">Panier<\/a> dans le 2e arrondissement de <a href=\"https:\/\/actu.fr\/marseille\/\" target=\"_blank\" rel=\"noopener\">Marseille<\/a>.<\/p>\n<p class=\" wall-content\">D\u00e8s ce vendredi 15\u00a0ao\u00fbt 2025, <strong>une toute nouvelle boutique baptis\u00e9e \u00ab\u2009Chouchou\u2009\u00bb<\/strong> ouvre ses portes. Un univers, comme son nom l\u2019entend, d\u00e9di\u00e9 \u00e0 cette p\u00e2tisserie.<\/p>\n<p>    <a href=\"https:\/\/www.google.com\/maps\/embed?pb=!1m18!1m12!1m3!1d725.9367730115721!2d5.365489769665809!3d43.29861777423686!2m3!1f0!2f0!3f0!3m2!1i1024!2i768!4f13.1!3m3!1m2!1s0x12c9c0c245daf877%3A0xa5b5a8ed591a24c0!2zMzAgUnVlIGRlIGwnw4l2w6pjaMOpLCAxMzAwMiBNYXJzZWlsbGU!5e0!3m2!1sfr!2sfr!4v1755177934376!5m2!1sfr!2sfr\" title=\"Ouvrie le lien\" target=\"_blank\" rel=\"noopener\">Cliquez ici pour visualiser le contenu<\/a><\/p>\n<p>D\u00e8s 2,50\u00a0euros<\/p>\n<p class=\" wall-content\">Sur <a href=\"http:\/\/chouchou-marseille.fr\/menu\/\" target=\"_blank\" rel=\"noopener\">leur site<\/a>, les g\u00e9rants font saliver leurs futurs clients avec ces recettes similaires \u00e0 des choux fourr\u00e9s, mais avec une base de p\u00e2te \u00e0 beignet. \u00ab\u2009On a tout imagin\u00e9\u2009: la forme, les textures, les go\u00fbts, le nom.<strong> On voulait un plaisir simple, mais raffin\u00e9<\/strong>.\u00a0Un dessert \u00e0 emporter, \u00e0 partager, \u00e0 savourer\u00a0avec les doigts, les yeux et le c\u0153ur.\u2009\u00bb, promettent-ils.<\/p>\n<p class=\" wall-content\"><a href=\"https:\/\/www.instagram.com\/p\/DNOKk-wM8GZ\/embed\" title=\"Ouvrir le lien sur Instagram\" target=\"_blank\" rel=\"noopener\">Visualiser le contenu sur Instagram<\/a><\/p>\n<p class=\" wall-content\">Car dans ce petit local de 60m2, uniquement d\u00e9di\u00e9 \u00e0 la<strong> vente \u00e0 emporter<\/strong>, vous pourrez y d\u00e9couvrir un large choix de s\u00e9lection. <strong>D\u00e8s 2,50\u00a0euros<\/strong>, il sera possible de d\u00e9guster un chouchou au sucre et plusieurs de ses versions (caf\u00e9, chocolat ou caramel par exemple). Des chouchous signature \u00e0 4\u00a0euros seront \u00e9galement propos\u00e9s.<\/p>\n<p class=\" wall-content\">Enfin, la carte se veut vari\u00e9e avec des chouchous glac\u00e9s (d\u00e8s 5\u00a0euros), un chouchou g\u00e9ant \u00e0 6\u00a0euros, des glaces \u00e0 l\u2019italienne (\u00e0 partir de 5\u00a0euros) ou des gaufres li\u00e9geoises (d\u00e8s 4\u00a0euros). Des boissons comme du caf\u00e9 ou du matcha seront aussi disponibles.<\/p>\n<p>La boutique Chouchou se situe au 30 rue de l\u2019\u00c9v\u00each\u00e9 dans le 2e arrondissement de Marseille.<br \/>Ouvert du mercredi au dimanche de 11h \u00e0 22h.<\/p>\n<p class=\" wall-content\">Suivez toute l\u2019actualit\u00e9 de vos villes et m\u00e9dias favoris en vous inscrivant \u00e0 <a href=\"https:\/\/moncompte.actu.fr\" title=\"D\u00e9couvez Mon Actu\" rel=\"nofollow noopener\" data-trk=\"{&quot;cta&quot;:{&quot;action&quot;:&quot;https:\\\/\\\/moncompte.actu.fr&quot;,&quot;category&quot;:&quot;mon compte&quot;,&quot;from&quot;:&quot;article footer&quot;,&quot;name&quot;:&quot;Mon actu&quot;,&quot;type&quot;:&quot;cta&quot;}}\" target=\"_blank\">Mon Actu<\/a>.<\/p>\n<ul class=\"ac-article-tag wall-content\">\n<li><a href=\"https:\/\/actu.fr\/tag\/le-panier\" data-trk=\"{&quot;cta&quot;:{&quot;action&quot;:&quot;Le Panier&quot;,&quot;category&quot;:&quot;tag&quot;,&quot;from&quot;:&quot;article footer&quot;,&quot;name&quot;:&quot;Le Panier&quot;,&quot;type&quot;:&quot;cta&quot;}}\" target=\"_blank\" rel=\"noopener\">#Le Panier<\/a><\/li>\n<li><a href=\"https:\/\/actu.fr\/tag\/nouveaux-commerces\" data-trk=\"{&quot;cta&quot;:{&quot;action&quot;:&quot;Nouveaux commerces&quot;,&quot;category&quot;:&quot;tag&quot;,&quot;from&quot;:&quot;article footer&quot;,&quot;name&quot;:&quot;Nouveaux commerces&quot;,&quot;type&quot;:&quot;cta&quot;}}\" target=\"_blank\" rel=\"noopener\">#Nouveaux commerces<\/a><\/li>\n<\/ul>\n<p>                    <script async src=\"\/\/www.instagram.com\/embed.js\"><\/script><\/p>\n","protected":false},"excerpt":{"rendered":"Par Thibault Nadal Publi\u00e9 le 15 ao\u00fbt 2025 \u00e0 6h38 L\u2019\u00e9t\u00e9 est bient\u00f4t fini et c\u2019est tant mieux&hellip;\n","protected":false},"author":2,"featured_media":320196,"comment_status":"","ping_status":"","sticky":false,"template":"","format":"standard","meta":{"footnotes":""},"categories":[2814],"tags":[1111,11,1777,674,1011,27,11306,1305,884,12,3147,882,25],"class_list":{"0":"post-320195","1":"post","2":"type-post","3":"status-publish","4":"format-standard","5":"has-post-thumbnail","7":"category-marseille","8":"tag-actu","9":"tag-actualites","10":"tag-eu","11":"tag-europe","12":"tag-fr","13":"tag-france","14":"tag-le-panier","15":"tag-lifestyle","16":"tag-marseille","17":"tag-news","18":"tag-nouveaux-commerces","19":"tag-provence-alpes-cote-dazur","20":"tag-republique-francaise"},"share_on_mastodon":{"url":"https:\/\/pubeurope.com\/@fr\/115031224175092041","error":""},"_links":{"self":[{"href":"https:\/\/www.europesays.com\/fr\/wp-json\/wp\/v2\/posts\/320195","targetHints":{"allow":["GET"]}}],"collection":[{"href":"https:\/\/www.europesays.com\/fr\/wp-json\/wp\/v2\/posts"}],"about":[{"href":"https:\/\/www.europesays.com\/fr\/wp-json\/wp\/v2\/types\/post"}],"author":[{"embeddable":true,"href":"https:\/\/www.europesays.com\/fr\/wp-json\/wp\/v2\/users\/2"}],"replies":[{"embeddable":true,"href":"https:\/\/www.europesays.com\/fr\/wp-json\/wp\/v2\/comments?post=320195"}],"version-history":[{"count":0,"href":"https:\/\/www.europesays.com\/fr\/wp-json\/wp\/v2\/posts\/320195\/revisions"}],"wp:featuredmedia":[{"embeddable":true,"href":"https:\/\/www.europesays.com\/fr\/wp-json\/wp\/v2\/media\/320196"}],"wp:attachment":[{"href":"https:\/\/www.europesays.com\/fr\/wp-json\/wp\/v2\/media?parent=320195"}],"wp:term":[{"taxonomy":"category","embeddable":true,"href":"https:\/\/www.europesays.com\/fr\/wp-json\/wp\/v2\/categories?post=320195"},{"taxonomy":"post_tag","embeddable":true,"href":"https:\/\/www.europesays.com\/fr\/wp-json\/wp\/v2\/tags?post=320195"}],"curies":[{"name":"wp","href":"https:\/\/api.w.org\/{rel}","templated":true}]}}