{"id":320202,"date":"2025-08-15T05:56:14","date_gmt":"2025-08-15T05:56:14","guid":{"rendered":"https:\/\/www.europesays.com\/fr\/320202\/"},"modified":"2025-08-15T05:56:14","modified_gmt":"2025-08-15T05:56:14","slug":"visualisez-la-progression-de-larmee-russe-depuis-le-debut-du-conflit","status":"publish","type":"post","link":"https:\/\/www.europesays.com\/fr\/320202\/","title":{"rendered":"visualisez la progression de l&rsquo;arm\u00e9e russe depuis le d\u00e9but du conflit"},"content":{"rendered":"<p>Le 24\u00a0f\u00e9vrier 2022, <a href=\"https:\/\/www.franceinfo.fr\/monde\/europe\/manifestations-en-ukraine\/recit-le-scenario-le-plus-extreme-se-deroule-sous-nos-yeux-le-24-fevrier-2022-l-ukraine-se-reveille-sous-les-bombes-russes_5594750.html\" rel=\"nofollow noopener\" target=\"_blank\">les forces arm\u00e9es russes envahissaient l&rsquo;Ukraine<\/a>. Trois ans et demi plus tard, la guerre est toujours en cours entre les deux pays. Alors que Vladimir Poutine et Donald Trump doivent se rencontrer vendredi 15\u00a0ao\u00fbt en Alaska pour discuter des suites du conflit, les perc\u00e9es de l&rsquo;arm\u00e9e russe sur le territoire ukrainien leur ont permis d&rsquo;occuper 18% du pays, selon les derniers chiffres du site sp\u00e9cialis\u00e9 <a href=\"https:\/\/www.warmapper.org\/stats\" target=\"_blank\" rel=\"noopener nofollow\">War Mapper<\/a>, datant de mars 2025. Franceinfo revient dans cette carte sur l&rsquo;\u00e9volution du front mois apr\u00e8s mois, depuis f\u00e9vrier 2022.<\/p>\n<p class=\"if-step-slider__title\">Evolution du front ukrainien depuis f\u00e9vrier 2022<\/p>\n<p class=\"if-step-slider__source if-step-slider__source--big\">Source : Institute for the Study of War, AEI&rsquo;s Critical Threats Project &#8211; Cr\u00e9dit : franceinfo<\/p>\n<p>La premi\u00e8re ann\u00e9e de combats a \u00e9t\u00e9 marqu\u00e9e par des avanc\u00e9es consid\u00e9rables des forces russes sur le territoire ukrainien. \u00ab\u00a0On a, \u00e0 ce moment-l\u00e0, de tr\u00e8s importantes prises de gains territoriales de la part de la Russie, avec des avanc\u00e9es dans toutes les directions\u00a0\u00bb, explique Guillaume Lasconjarias, historien militaire et professeur associ\u00e9 \u00e0 l&rsquo;universit\u00e9 Paris Sorbonne. \u00ab\u00a0Dans le Nord et dans les r\u00e9gions de Kharkiv et de Soumy, \u00e7a s&rsquo;est vite r\u00e9sorb\u00e9\u00a0\u00bb. \u00ab\u00a0En revanche, il y a eu la constitution d&rsquo;un corridor entre les oblasts du Donbass [\u00e0 l&rsquo;est] et la Crim\u00e9e\u00a0\u00bb en 2022, offrant aux Russes \u00ab\u00a0la capacit\u00e9 de franchir le Dniepr et de s&#8217;emparer d&rsquo;une partie de la ville de Kherson\u00a0\u00bb, poursuit Guillaume Lasconjarias.<\/p>\n<p>A partir de l&rsquo;\u00e9t\u00e9 2023, le front s&rsquo;est fix\u00e9 \u00e0 l&rsquo;est de l&rsquo;Ukraine, mais les attaques n&rsquo;ont pas faibli pour autant. Les combats se sont embourb\u00e9s et ont \u00e9t\u00e9 extr\u00eamement meurtriers, rappelle la <a href=\"https:\/\/www.bbc.com\/afrique\/articles\/c230j1393k9o#:~:\" target=\"_blank\" rel=\"noopener nofollow\">BBC<\/a>. Cela n&rsquo;a permis que \u00ab\u00a0des gains tactiques relativement modestes, et une ligne de front qui n&rsquo;a pas v\u00e9ritablement boug\u00e9\u00a0\u00bb, ajoute Guillaume Lasconjarias.<\/p>\n<p>Du moins jusqu&rsquo;au printemps 2025. Depuis le mois d&rsquo;avril, \u00ab\u00a0l&rsquo;arm\u00e9e russe avance chaque mois plus vite que le pr\u00e9c\u00e9dent\u00a0\u00bb, rapporte le radio suisse <a href=\"https:\/\/www.rts.ch\/info\/monde\/2025\/article\/percee-russe-en-ukraine-l-offensive-d-ete-porte-ses-fruits-a-l-est-28966795.html\" target=\"_blank\" rel=\"noopener nofollow\">RTS<\/a>. Ces succ\u00e8s sur le terrain se sont encore acc\u00e9l\u00e9r\u00e9s d\u00e9but ao\u00fbt, \u00e0 quelques jours d&rsquo;un <a href=\"https:\/\/www.franceinfo.fr\/monde\/europe\/manifestations-en-ukraine\/rencontre-trump-poutine-pourquoi-le-sommet-sur-l-ukraine-en-alaska-place-volodymyr-zelensky-dans-une-situation-delicate_7433335.html\" rel=\"nofollow noopener\" target=\"_blank\">sommet entre Donald Trump et Vladimir Poutine<\/a> sur l&rsquo;avenir de la guerre en Ukraine. Mercredi 13\u00a0ao\u00fbt, l&rsquo;arm\u00e9e russe a ainsi revendiqu\u00e9 la conqu\u00eate de 110\u00a0km2 en une journ\u00e9e, soit sa plus grande avanc\u00e9e en Ukraine en 24\u00a0heures depuis plus d&rsquo;un an, selon les donn\u00e9es de l&rsquo;Institute for the study of war cit\u00e9es par l&rsquo;AFP.<\/p>\n<p>Les attaques russes se sont concentr\u00e9es dans les environs de Pokrovsk, \u00e0 l&rsquo;est de l&rsquo;Ukraine, o\u00f9 les forces du Kremlin ont avanc\u00e9 sur une profondeur de 10\u00a0km. Le minist\u00e8re de la D\u00e9fense russe a \u00e9galement affirm\u00e9 que ses unit\u00e9s avaient conquis <a href=\"https:\/\/www.franceinfo.fr\/monde\/europe\/manifestations-en-ukraine\/direct-guerre-en-ukraine-kiev-ordonne-des-evacuations-dans-un-secteur-de-l-est-ou-l-armee-russe-a-avance-rapidement_7433536.html\" rel=\"nofollow noopener\" target=\"_blank\">Nykanorivka et Souvorov\u00e9<\/a>, dans la r\u00e9gion de Donetsk.<\/p>\n<p>A la veille d&rsquo;un sommet sur l&rsquo;avenir de son pays organis\u00e9 sans lui, Volodymyr Zelensky a r\u00e9agi fermement \u00e0 ces avanc\u00e9es, assurant que ces unit\u00e9s russes seraient \u00ab\u00a0d\u00e9truites\u00a0\u00bb. Le pr\u00e9sident ukrainien a estim\u00e9 que ces attaques visaient \u00e0 cr\u00e9er \u00ab\u00a0le r\u00e9cit\u00a0\u00bb que \u00ab\u00a0la Russie avance et l&rsquo;Ukraine perd\u00a0\u00bb, avant la rencontre pr\u00e9vue entre Vladimir Poutine et Donald Trump.<\/p>\n<p>Ces perc\u00e9es \u00e9clairs dans le camp adverse ne sont toutefois pas anodines, juge Guillaume Lasconjarias. Cherchant \u00e0\u00a0\u00ab\u00a0s&#8217;emparer <a href=\"https:\/\/www.franceinfo.fr\/monde\/europe\/manifestations-en-ukraine\/guerre-en-ukraine-nous-allons-former-quatre-nouvelles-regions-russes-annonce-vladimir-poutine-apres-les-referendums-d-annexion_5390047.html\" rel=\"nofollow noopener\" target=\"_blank\">des quatre oblasts revendiqu\u00e9s\u00a0\u00bb <\/a><a href=\"https:\/\/www.franceinfo.fr\/monde\/europe\/manifestations-en-ukraine\/guerre-en-ukraine-nous-allons-former-quatre-nouvelles-regions-russes-annonce-vladimir-poutine-apres-les-referendums-d-annexion_5390047.html\" rel=\"nofollow noopener\" target=\"_blank\">par la Russie<\/a> (Donetsk, Louhansk, Kherson et Zaporijjia), Vladimir Poutine \u00ab\u00a0poursuit deux axes\u00a0: le premier, c&rsquo;est de continuer ses op\u00e9rations en ayant l&rsquo;initiative militaire sur le terrain\u00a0; d&rsquo;un autre c\u00f4t\u00e9,  il peut atteindre le m\u00eame objectif [par la voie] diplomatique\u00a0\u00bb.<\/p>\n<p>A l&rsquo;approche de sa rencontre avec Donald Trump, \u00ab\u00a0Vladimir Poutine arrive donc avec une forme de pression qu&rsquo;il peut exercer en disant &lsquo;pourquoi pourrais-je ou devrais-je c\u00e9der \u00e0 un cessez-le-feu, alors que j&rsquo;ai la sup\u00e9riorit\u00e9 sur le terrain\u00a0?'\u00a0\u00bb, analyse l&rsquo;historien militaire. En face, le pr\u00e9sident am\u00e9ricain esp\u00e8re bien arracher une pause dans le conflit \u00e0 l&rsquo;issue de ses \u00e9changes avec son homologue russe. Jeudi, il a n\u00e9anmoins estim\u00e9 qu&rsquo;il y avait \u00ab\u00a025% de chances que cette rencontre ne soit pas un succ\u00e8s\u00a0\u00bb.<\/p>\n<p>D\u00e9veloppement\u00a0: Valentin Pigeau<\/p>\n","protected":false},"excerpt":{"rendered":"Le 24\u00a0f\u00e9vrier 2022, les forces arm\u00e9es russes envahissaient l&rsquo;Ukraine. Trois ans et demi plus tard, la guerre est&hellip;\n","protected":false},"author":2,"featured_media":320203,"comment_status":"","ping_status":"","sticky":false,"template":"","format":"standard","meta":{"footnotes":""},"categories":[1888],"tags":[1111,1928,11,1927,1777,674,1011,27,12,1926,626,1925,25],"class_list":{"0":"post-320202","1":"post","2":"type-post","3":"status-publish","4":"format-standard","5":"has-post-thumbnail","7":"category-paris","8":"tag-actu","9":"tag-actu-paris","10":"tag-actualites","11":"tag-actualites-paris","12":"tag-eu","13":"tag-europe","14":"tag-fr","15":"tag-france","16":"tag-news","17":"tag-news-paris","18":"tag-paris","19":"tag-paris-news","20":"tag-republique-francaise"},"share_on_mastodon":{"url":"https:\/\/pubeurope.com\/@fr\/115031243753654916","error":""},"_links":{"self":[{"href":"https:\/\/www.europesays.com\/fr\/wp-json\/wp\/v2\/posts\/320202","targetHints":{"allow":["GET"]}}],"collection":[{"href":"https:\/\/www.europesays.com\/fr\/wp-json\/wp\/v2\/posts"}],"about":[{"href":"https:\/\/www.europesays.com\/fr\/wp-json\/wp\/v2\/types\/post"}],"author":[{"embeddable":true,"href":"https:\/\/www.europesays.com\/fr\/wp-json\/wp\/v2\/users\/2"}],"replies":[{"embeddable":true,"href":"https:\/\/www.europesays.com\/fr\/wp-json\/wp\/v2\/comments?post=320202"}],"version-history":[{"count":0,"href":"https:\/\/www.europesays.com\/fr\/wp-json\/wp\/v2\/posts\/320202\/revisions"}],"wp:featuredmedia":[{"embeddable":true,"href":"https:\/\/www.europesays.com\/fr\/wp-json\/wp\/v2\/media\/320203"}],"wp:attachment":[{"href":"https:\/\/www.europesays.com\/fr\/wp-json\/wp\/v2\/media?parent=320202"}],"wp:term":[{"taxonomy":"category","embeddable":true,"href":"https:\/\/www.europesays.com\/fr\/wp-json\/wp\/v2\/categories?post=320202"},{"taxonomy":"post_tag","embeddable":true,"href":"https:\/\/www.europesays.com\/fr\/wp-json\/wp\/v2\/tags?post=320202"}],"curies":[{"name":"wp","href":"https:\/\/api.w.org\/{rel}","templated":true}]}}