{"id":320209,"date":"2025-08-15T06:00:11","date_gmt":"2025-08-15T06:00:11","guid":{"rendered":"https:\/\/www.europesays.com\/fr\/320209\/"},"modified":"2025-08-15T06:00:11","modified_gmt":"2025-08-15T06:00:11","slug":"en-ukraine-la-confiance-en-volodymyr-zelensky-seffrite-apres-trois-ans-de-guerre-avec-la-russie","status":"publish","type":"post","link":"https:\/\/www.europesays.com\/fr\/320209\/","title":{"rendered":"En Ukraine, la confiance en Volodymyr Zelensky s&rsquo;effrite apr\u00e8s trois ans de guerre avec la Russie"},"content":{"rendered":"<p class=\"intro \">Alors que le sommet en Alsaka entre Vladimir Poutine et Donald Trump se tiendra ce vendredi soir, avec comme objectif de nogicier un cessez-le-feu en Ukraine, Kiev fait face \u00e0 une division de son opinion publique. Un probl\u00e8me, coupl\u00e9 \u00e0 une baisse de confiance en Volodymyr Zelensky, pour mener la guerre face \u00e0 la Russie. <br \/>&#13;\n<\/p>\n<p>Rencontre au sommet ce vendredi soir en Alaska. Dans le plus grand \u00e9tat am\u00e9ricain, <a href=\"https:\/\/www.europe1.fr\/international\/sommet-en-alaska-les-points-cles-avant-une-rencontre-historique-entre-donald-trump-et-vladimir-poutine-769101\" target=\"_blank\" rel=\"nofollow noopener\">le pr\u00e9sent des Etats-Unis Donald Trump rencontra Vladimir Poutine<\/a>, une premi\u00e8re depuis le d\u00e9but de la guerre en Ukraine il y a trois ans. Mais loin, de la base militaire sur laquelle aura lieu la rencontre, Volodymyr Zelensky semble fragilis\u00e9, y compris dans son propre pays.<\/p>\n<p>    La suite apr\u00e8s cette publicit\u00e9<\/p>\n<p>    La suite apr\u00e8s cette publicit\u00e9<\/p>\n<p>\u00a0Baisse de confiance de la population ukrainienne en son pr\u00e9sident<\/p>\n<p>\u00ab\u00a0L&rsquo;avenir de l&rsquo;Ukraine se joue pour l&rsquo;instant, sans l&rsquo;Ukraine\u00a0\u00bb, regrette ainsi <a href=\"https:\/\/www.europe1.fr\/dossiers\/volodymyr-zelensky\" target=\"_blank\" rel=\"nofollow noopener\">Volodymyr Zelensky<\/a>, qui redoute qu&rsquo;un accord d\u00e9favorable soit trouv\u00e9 \u00e0 des milliers de kilom\u00e8tres de Kiev et que Washington penche du c\u00f4t\u00e9 des exigences de Moscou.\u00a0<\/p>\n<p>Dans le m\u00eame temps, le pr\u00e9sident ukrainien\u00a0risque d&rsquo;\u00eatre fragilis\u00e9 au sein m\u00eame de son pays \u00e0 l&rsquo;issue de cette s\u00e9quence diplomatique. Si au d\u00e9but de la guerre, 90% des Ukrainiens affichaient leur confiance en leur chef de guerre, ils ne sont plus que 58% aujourd&rsquo;hui.\u00a0<\/p>\n<p>    La suite apr\u00e8s cette publicit\u00e9<\/p>\n<p>    La suite apr\u00e8s cette publicit\u00e9<\/p>\n<p>Une opinion publique de plus en plus divis\u00e9e<\/p>\n<p>\u00ab\u00a0Volodymyr Zelensky appara\u00eet comme celui qui n&rsquo;a pas de solution pour l&rsquo;Ukraine, en fait. Et, qui dit pas de solution, dit la poursuite de la guerre avec la perspective que les Russes, allant encore plus loin, prennent encore plus de territoires\u00a0\u00bb, analyse R\u00e9gis le Sommier, directeur de la r\u00e9daction d&rsquo;Omerta.<\/p>\n<p>Apr\u00e8s plus de trois ans de conflit, l&rsquo;opinion publique ukrainienne commence \u00e0 se diviser. Selon l&rsquo;Institut international de sociologie de Kiev, 38% des Ukrainiens pensent que le pays devrait c\u00e9der une partie de son territoire en \u00e9change de la paix tout en pr\u00e9servant son ind\u00e9pendance. Une id\u00e9e loin d&rsquo;\u00eatre partag\u00e9e par Volodymyr Zelensky, lui, refuse de c\u00e9der le moindre kilom\u00e8tre carr\u00e9 \u00e0 la Russie.<\/p>\n","protected":false},"excerpt":{"rendered":"Alors que le sommet en Alsaka entre Vladimir Poutine et Donald Trump se tiendra ce vendredi soir, avec&hellip;\n","protected":false},"author":2,"featured_media":320210,"comment_status":"","ping_status":"","sticky":false,"template":"","format":"standard","meta":{"footnotes":""},"categories":[1591],"tags":[11,1887,12,1885,1886,132],"class_list":{"0":"post-320209","1":"post","2":"type-post","3":"status-publish","4":"format-standard","5":"has-post-thumbnail","7":"category-russie","8":"tag-actualites","9":"tag-federation-de-russie","10":"tag-news","11":"tag-russia","12":"tag-russian-federation","13":"tag-russie"},"share_on_mastodon":{"url":"https:\/\/pubeurope.com\/@fr\/115031259487062046","error":""},"_links":{"self":[{"href":"https:\/\/www.europesays.com\/fr\/wp-json\/wp\/v2\/posts\/320209","targetHints":{"allow":["GET"]}}],"collection":[{"href":"https:\/\/www.europesays.com\/fr\/wp-json\/wp\/v2\/posts"}],"about":[{"href":"https:\/\/www.europesays.com\/fr\/wp-json\/wp\/v2\/types\/post"}],"author":[{"embeddable":true,"href":"https:\/\/www.europesays.com\/fr\/wp-json\/wp\/v2\/users\/2"}],"replies":[{"embeddable":true,"href":"https:\/\/www.europesays.com\/fr\/wp-json\/wp\/v2\/comments?post=320209"}],"version-history":[{"count":0,"href":"https:\/\/www.europesays.com\/fr\/wp-json\/wp\/v2\/posts\/320209\/revisions"}],"wp:featuredmedia":[{"embeddable":true,"href":"https:\/\/www.europesays.com\/fr\/wp-json\/wp\/v2\/media\/320210"}],"wp:attachment":[{"href":"https:\/\/www.europesays.com\/fr\/wp-json\/wp\/v2\/media?parent=320209"}],"wp:term":[{"taxonomy":"category","embeddable":true,"href":"https:\/\/www.europesays.com\/fr\/wp-json\/wp\/v2\/categories?post=320209"},{"taxonomy":"post_tag","embeddable":true,"href":"https:\/\/www.europesays.com\/fr\/wp-json\/wp\/v2\/tags?post=320209"}],"curies":[{"name":"wp","href":"https:\/\/api.w.org\/{rel}","templated":true}]}}