{"id":32021,"date":"2025-04-17T16:02:10","date_gmt":"2025-04-17T16:02:10","guid":{"rendered":"https:\/\/www.europesays.com\/fr\/32021\/"},"modified":"2025-04-17T16:02:10","modified_gmt":"2025-04-17T16:02:10","slug":"programme-parcours-et-stationnement-interdit-tout-savoir-sur-le-carnaval-de-toulouse","status":"publish","type":"post","link":"https:\/\/www.europesays.com\/fr\/32021\/","title":{"rendered":"Programme, parcours et stationnement interdit\u2026 Tout savoir sur le carnaval de Toulouse"},"content":{"rendered":"<p>            Par<br \/>\n        <strong><br \/>\n            <a href=\"https:\/\/actu.fr\/auteur\/romain-piccolo\" title=\"Consulter tous les articles de Romain Piccolo\" rel=\"nofollow noopener\" target=\"_blank\">Romain Piccolo<\/a><br \/>\n        <\/strong><\/p>\n<p>        Publi\u00e9 le<\/p>\n<p>            16 avr. 2025 \u00e0 10h38        <\/p>\n<p>\u00ab\u00a0Tous en rose !\u00a0\u00bb, c\u2019est le mot d\u2019ordre de cette \u00e9dition 2025 du carnaval de <a href=\"https:\/\/actu.fr\/toulouse\/\" rel=\"nofollow noopener\" target=\"_blank\">Toulouse<\/a>. Organiser le samedi 19 avril par le COCU, ce sont <strong>50 000 personnes qui sont attendues<\/strong> pour cet \u00e9v\u00e9nement. On vous explique tout sur ce moment de f\u00eate unique dans l\u2019ann\u00e9e.\u00a0<\/p>\n<p>Au programme<\/p>\n<p class=\" wall-content\">Les spectateurs sont invit\u00e9s \u00e0 venir v\u00eatus de rose, en hommage \u00e0 la Ville Rose, pour ajouter une touche d\u2019unit\u00e9 et de gaiet\u00e9 \u00e0 l\u2019\u00e9v\u00e9nement. Mais les organisateurs soulignent ne pas vouloir imposer de th\u00e9matique. Ce sont cependant l\u2019Am\u00e9rique latine, plus particuli\u00e8rement le Br\u00e9sil, ainsi que les oc\u00e9ans qui seront mis \u00e0 l\u2019honneur.\u00a0<\/p>\n<p class=\" wall-content\">Le point de rendez-vous de cette \u00e9dition est<strong> au rond-point Arnaud Bernard<\/strong>. \u00c0 19h30, le maire, <strong>Jean-Luc Moudenc<\/strong>, va remettre les cl\u00e9s de la ville, avant le Grand D\u00e9fil\u00e9 de 22h30 \u00e0 23h45. Il d\u00e9butera depuis le boulevard d\u2019Arcole, boulevard de Strasbourg, avant d\u2019arriver aux all\u00e9es Jean-Jaur\u00e8s, lieu du final dans un village musical.<\/p>\n<p class=\" wall-content\">Pour cette ann\u00e9e, pas de concert final, vous pourrez profiter des multiples groupes pr\u00e9sents et \u00ab\u00a0voyager \u00e0 hauteur d\u2019oreille dans un joyeux capharna\u00fcm musical\u00a0\u00bb, expliquent les organisateurs \u00e0 Actu Toulouse.\u00a0<\/p>\n<p>Le parcours de la parade<\/p>\n<p class=\" wall-content\">Cette grande parade festive va entra\u00eener des restrictions de circulation et de stationnement sur un large p\u00e9rim\u00e8tre du centre-ville.<\/p>\n<p>Vid\u00e9os : en ce moment sur Actu<br \/>\n      <img   decoding=\"async\" loading=\"lazy\" src=\"https:\/\/www.europesays.com\/fr\/wp-content\/uploads\/2025\/04\/toulouse-carnval-perturbations-trafic-811x640.png\" alt=\"Le d\u00e9fil\u00e9 de la Grande Parade du carnaval de Toulouse 2025 va avoir lieu d\u2019Arnaud-Bernard \u00e0 Jean-Jaur\u00e8s. Des restrictions de circulation et de stationnement vont \u00eatre instaur\u00e9es d\u00e8s vendredi soir.\" width=\"811\" height=\"640\"\/><br \/>\n    Le d\u00e9fil\u00e9 de la Grande Parade du carnaval de Toulouse 2025 va avoir lieu d\u2019Arnaud-Bernard \u00e0 Jean-Jaur\u00e8s. Des restrictions de circulation et de stationnement vont \u00eatre instaur\u00e9es d\u00e8s vendredi soir. (\u00a9Ville de Toulouse)Stationnement interdit, stations de m\u00e9tro ferm\u00e9es<\/p>\n<p class=\" wall-content\">La mairie renseigne : \u00ab\u00a0Le stationnement de tout v\u00e9hicule (voiture, moto, scooter\u2026), v\u00e9lo et trottinette sera interdit du vendredi 18 avril \u00e0 20h au samedi 19 avril \u00e0 minuit dans les rues situ\u00e9es sur le parcours du Grand D\u00e9fil\u00e9 et \u00e0 proximit\u00e9. La circulation des v\u00e9hicules sera \u00e9galement interdite le samedi 19 avril de 12h \u00e0 minuit sur ces m\u00eames voies\u00a0\u00bb. Des affiches seront plac\u00e9es aux abords des rues pour vous aider.\u00a0<\/p>\n<p class=\" wall-content\">Les stations Compans-Caffarelli (ligne B), Jeanne d\u2019Arc (ligne B), et Jean Jaur\u00e8s (lignes A et B) seront ferm\u00e9es le samedi 19 avril entre 17h et minuit. Tout comme le parking Indigo Victor Hugo (sortie sud autoris\u00e9e). Pour Jean-Jaur\u00e8s (sorties autoris\u00e9es) et Matabiau Ramblas* (sorties autoris\u00e9es), l\u2019interdiction durera deux heures de plus, soit dimanche 20 avril, 2h du matin.\u00a0<\/p>\n<p>Participants et animations : un melting-pot culturel<\/p>\n<p class=\" wall-content\">La parade verra la participation de nombreuses associations locales et groupes de percussions, tel que Bagass\u2019 Perkisyon, Twopikal All Stars, Fully Mass, Samba R\u00e9sille, Alkiminia, BlocoDaqui et bien d\u2019autres. Ces formations m\u00ealeront rythmes entra\u00eenants et chor\u00e9graphies endiabl\u00e9es tout au long du parcours.\u00a0<\/p>\n<p>      <img   decoding=\"async\" loading=\"lazy\" src=\"https:\/\/www.europesays.com\/fr\/wp-content\/uploads\/2025\/04\/2024-03-30-carnaval-georges-cier-00966-960x640.jpg\" alt=\"Pour les organisateurs, les chars ne doivent pas \u00eatre trop imposants, et les spectateurs doivent se m\u00ealer et ne pas \u00eatre derri\u00e8re des barri\u00e8res.\" width=\"960\" height=\"640\"\/><br \/>\n    Pour les organisateurs, les chars ne doivent pas \u00eatre trop imposants, et les spectateurs doivent se m\u00ealer et ne pas \u00eatre derri\u00e8re des barri\u00e8res. (\u00a9Georges Cier)Un carnaval pour les enfants\u00a0<\/p>\n<p class=\" wall-content\">Le COCU organise aussi une version enfant de son carnaval. Elle se tiendra ce mercredi 16 avril, de 14 \u00e0 18 heures, au jardin des Abattoirs. Le th\u00e8me : \u00ab\u00a0chasse aux tr\u00e9sors chez le Peuple Autochtone d\u2019Am\u00e9rique \u00e0 Toulouse !\u00a0\u00bb.\u00a0<\/p>\n<p>Tradition et histoire du Carnaval de Toulouse<\/p>\n<p>Le Carnaval de Toulouse, dont les premi\u00e8res traces remontent au XIII\u1d49 si\u00e8cle, est une tradition profond\u00e9ment ancr\u00e9e dans l&rsquo;histoire de la ville. Apr\u00e8s une interruption en 1988, il a \u00e9t\u00e9 relanc\u00e9 en 2011 par le COCU, r\u00e9unissant chaque ann\u00e9e des milliers de participants et spectateurs. La remise de la cl\u00e9 de la ville par le maire au d\u00e9but de la parade est une tradition symbolique, marquant le d\u00e9but des festivit\u00e9s.\u00a0<\/p>\n<p class=\" wall-content\">Suivez toute l\u2019actualit\u00e9 de vos villes et m\u00e9dias favoris en vous inscrivant \u00e0 <a href=\"https:\/\/moncompte.actu.fr\" title=\"D\u00e9couvez Mon Actu\" rel=\"nofollow noopener\" data-trk=\"{&quot;cta&quot;:{&quot;action&quot;:&quot;https:\\\/\\\/moncompte.actu.fr&quot;,&quot;category&quot;:&quot;mon compte&quot;,&quot;from&quot;:&quot;article footer&quot;,&quot;name&quot;:&quot;Mon actu&quot;,&quot;type&quot;:&quot;cta&quot;}}\" target=\"_blank\">Mon Actu<\/a>.<\/p>\n","protected":false},"excerpt":{"rendered":"Par Romain Piccolo Publi\u00e9 le 16 avr. 2025 \u00e0 10h38 \u00ab\u00a0Tous en rose !\u00a0\u00bb, c\u2019est le mot d\u2019ordre&hellip;\n","protected":false},"author":2,"featured_media":32022,"comment_status":"","ping_status":"","sticky":false,"template":"","format":"standard","meta":{"footnotes":""},"categories":[2816],"tags":[1111,11,1777,674,849,1011,27,1652,12,2680,25,1341,2312],"class_list":{"0":"post-32021","1":"post","2":"type-post","3":"status-publish","4":"format-standard","5":"has-post-thumbnail","7":"category-toulouse","8":"tag-actu","9":"tag-actualites","10":"tag-eu","11":"tag-europe","12":"tag-festival","13":"tag-fr","14":"tag-france","15":"tag-loisirs-culture","16":"tag-news","17":"tag-occitanie","18":"tag-republique-francaise","19":"tag-sortir-a-toulouse","20":"tag-toulouse"},"share_on_mastodon":{"url":"https:\/\/pubeurope.com\/@fr\/114354149331026537","error":""},"_links":{"self":[{"href":"https:\/\/www.europesays.com\/fr\/wp-json\/wp\/v2\/posts\/32021","targetHints":{"allow":["GET"]}}],"collection":[{"href":"https:\/\/www.europesays.com\/fr\/wp-json\/wp\/v2\/posts"}],"about":[{"href":"https:\/\/www.europesays.com\/fr\/wp-json\/wp\/v2\/types\/post"}],"author":[{"embeddable":true,"href":"https:\/\/www.europesays.com\/fr\/wp-json\/wp\/v2\/users\/2"}],"replies":[{"embeddable":true,"href":"https:\/\/www.europesays.com\/fr\/wp-json\/wp\/v2\/comments?post=32021"}],"version-history":[{"count":0,"href":"https:\/\/www.europesays.com\/fr\/wp-json\/wp\/v2\/posts\/32021\/revisions"}],"wp:featuredmedia":[{"embeddable":true,"href":"https:\/\/www.europesays.com\/fr\/wp-json\/wp\/v2\/media\/32022"}],"wp:attachment":[{"href":"https:\/\/www.europesays.com\/fr\/wp-json\/wp\/v2\/media?parent=32021"}],"wp:term":[{"taxonomy":"category","embeddable":true,"href":"https:\/\/www.europesays.com\/fr\/wp-json\/wp\/v2\/categories?post=32021"},{"taxonomy":"post_tag","embeddable":true,"href":"https:\/\/www.europesays.com\/fr\/wp-json\/wp\/v2\/tags?post=32021"}],"curies":[{"name":"wp","href":"https:\/\/api.w.org\/{rel}","templated":true}]}}