{"id":320213,"date":"2025-08-15T06:02:10","date_gmt":"2025-08-15T06:02:10","guid":{"rendered":"https:\/\/www.europesays.com\/fr\/320213\/"},"modified":"2025-08-15T06:02:10","modified_gmt":"2025-08-15T06:02:10","slug":"le-choix-de-lalaska-pour-la-rencontre-trump-poutine-tout-un-symbole","status":"publish","type":"post","link":"https:\/\/www.europesays.com\/fr\/320213\/","title":{"rendered":"Le choix de l&rsquo;Alaska pour la rencontre Trump-Poutine, tout un symbole"},"content":{"rendered":"<p class=\"PopSlotParagraph qg-tx2 qg-xtra-lh svelte-1r0pyek\">L&rsquo;Alaska, c&rsquo;\u00e9tait un peu \u00ab\u00a0l&rsquo;Am\u00e9rique russe\u00a0\u00bb.\u00a0Dans une sorte de \u00ab\u00a0conqu\u00eate de l&rsquo;Est\u00a0\u00bb lanc\u00e9e au XVIIIe si\u00e8cle, les Tsars envoy\u00e8rent des Russes coloniser ce territoire au climat extr\u00eame et hostile afin d&rsquo;y \u00e9tablir des comptoirs pour le commerce de fourrures et de peaux de phoques.\u00a0Mais apr\u00e8s la guerre de Crim\u00e9e perdue contre les Fran\u00e7ais et les Anglais, le tsar Alexandre\u00a0II d\u00e9cide en 1867 de vendre l&rsquo;Alaska pour la somme de 7,2\u00a0millions de dollars \u00e0 l&rsquo;\u00e9poque.\u00a0Il s&rsquo;agit pour lui de renflouer les caisses de son empire qui sont vides.<\/p>\n<p class=\"PopSlotParagraph qg-tx2 qg-xtra-lh svelte-1r0pyek\">**&gt;&gt;<a href=\"https:\/\/www.franceinfo.fr\/replay-radio\/d-un-monde-a-l-autre\/peser-sur-le-sommet-trump-poutine-une-obsession-europeenne_7356417.html\" target=\"_blank\" rel=\"noopener nofollow\" class=\"\" data-testid=\"link\"><strong><strong>Peser sur le sommet Trump-Poutine : une obsession europ\u00e9enne<\/strong><\/strong><\/a><\/p>\n<p class=\"PopSlotParagraph qg-tx2 qg-xtra-lh svelte-1r0pyek\">**Aujourd&rsquo;hui, quelques d\u00f4mes en bulbe d&rsquo;\u00e9glises orthodoxes t\u00e9moignent encore de cet h\u00e9ritage russe. Et dans l&rsquo;imaginaire russe, l&rsquo;Alaska alimente toujours une forme de nostalgie. Dans les cercles nationalistes \u00e0 Moscou, la cession de ce territoire pour une somme jug\u00e9e d\u00e9risoire a toujours un go\u00fbt amer. Parfois, des d\u00e9bats refont surface.\u00a0Ainsi, en juillet 2022, en pleine effervescence patriotique quelques mois apr\u00e8s l&rsquo;invasion de l&rsquo;Ukraine, et de tensions entre la Russie et les \u00c9tats-Unis, le pr\u00e9sident de la Douma, la chambre basse du Parlement, avait qualifi\u00e9 l&rsquo;Alaska de \u00ab\u00a0territoire de litige\u00a0\u00bb.<\/p>\n<p class=\"PopSlotParagraph qg-tx2 qg-xtra-lh svelte-1r0pyek\">Le dernier contentieux entre Russes et Am\u00e9ricains a \u00e9t\u00e9 r\u00e9gl\u00e9 en 1990. Il portait sur la d\u00e9limitation des eaux territoriales entre les deux \u00eeles Diom\u00e8de, au milieu du d\u00e9troit de Behring, qui s\u00e9pare le continent \u00ab\u00a0euro-asiatique\u00a0\u00bb et l&rsquo;Am\u00e9rique. Vladimir Poutine a clos le d\u00e9bat en expliquant que 70% du territoire russe \u00e9taient d\u00e9j\u00e0 situ\u00e9s dans des r\u00e9gions polaires ou nordiques et qu&rsquo;il n&rsquo;avait pas besoin de l&rsquo;Alaska.<\/p>\n<p> Un territoire strat\u00e9gique<\/p>\n<p class=\"PopSlotParagraph qg-tx2 qg-xtra-lh svelte-1r0pyek\">Pour autant, ce territoire est plus que jamais strat\u00e9gique. D&rsquo;abord parce l&rsquo;Alaska, qui fait trois fois la superficie de la France, est riche en or, en charbon, en gaz naturel et en p\u00e9trole. L&rsquo;\u00c9tat assure 17% de la production de brut des \u00c9tats-Unis.\u00a0Et puis avec le r\u00e9chauffement climatique et la fonte des glaciers, la route maritime du Nord, reliant les oc\u00e9ans Atlantique et Pacifique, qui passe par le d\u00e9troit de Behring, pourrait \u00e0 moyen terme \u00eatre libre de glace cinq mois par an, et donc plus facilement navigable.<\/p>\n<p class=\"PopSlotParagraph qg-tx2 qg-xtra-lh svelte-1r0pyek\">Car au-del\u00e0 de l&rsquo;Alaska, ce qui se joue en moment d&rsquo;un point de vue g\u00e9opolitique, c&rsquo;est l&rsquo;exploitation et la domination de l&rsquo;Articque, o\u00f9 la Russie renforce ses bases militaires et ses installations p\u00e9troli\u00e8res.\u00a0Mais aujourd&rsquo;hui pour Vladimir Poutine, la \u00ab\u00a0m\u00e8re de toutes les batailles\u00a0\u00bb, ce n&rsquo;est pas l&rsquo;Alaska mais l&rsquo;Ukraine, qui sera au c\u0153ur de son t\u00eate-\u00e0-t\u00eate avec Donald Trump.<\/p>\n","protected":false},"excerpt":{"rendered":"L&rsquo;Alaska, c&rsquo;\u00e9tait un peu \u00ab\u00a0l&rsquo;Am\u00e9rique russe\u00a0\u00bb.\u00a0Dans une sorte de \u00ab\u00a0conqu\u00eate de l&rsquo;Est\u00a0\u00bb lanc\u00e9e au XVIIIe si\u00e8cle, les Tsars&hellip;\n","protected":false},"author":2,"featured_media":320214,"comment_status":"","ping_status":"","sticky":false,"template":"","format":"standard","meta":{"footnotes":""},"categories":[1589],"tags":[11,73,1866,12,1864,1865,1863,308],"class_list":{"0":"post-320213","1":"post","2":"type-post","3":"status-publish","4":"format-standard","5":"has-post-thumbnail","7":"category-etats-unis","8":"tag-actualites","9":"tag-etats-unis","10":"tag-etats-unis-damerique","11":"tag-news","12":"tag-united-states","13":"tag-united-states-of-america","14":"tag-us","15":"tag-usa"},"share_on_mastodon":{"url":"https:\/\/pubeurope.com\/@fr\/115031267452752071","error":""},"_links":{"self":[{"href":"https:\/\/www.europesays.com\/fr\/wp-json\/wp\/v2\/posts\/320213","targetHints":{"allow":["GET"]}}],"collection":[{"href":"https:\/\/www.europesays.com\/fr\/wp-json\/wp\/v2\/posts"}],"about":[{"href":"https:\/\/www.europesays.com\/fr\/wp-json\/wp\/v2\/types\/post"}],"author":[{"embeddable":true,"href":"https:\/\/www.europesays.com\/fr\/wp-json\/wp\/v2\/users\/2"}],"replies":[{"embeddable":true,"href":"https:\/\/www.europesays.com\/fr\/wp-json\/wp\/v2\/comments?post=320213"}],"version-history":[{"count":0,"href":"https:\/\/www.europesays.com\/fr\/wp-json\/wp\/v2\/posts\/320213\/revisions"}],"wp:featuredmedia":[{"embeddable":true,"href":"https:\/\/www.europesays.com\/fr\/wp-json\/wp\/v2\/media\/320214"}],"wp:attachment":[{"href":"https:\/\/www.europesays.com\/fr\/wp-json\/wp\/v2\/media?parent=320213"}],"wp:term":[{"taxonomy":"category","embeddable":true,"href":"https:\/\/www.europesays.com\/fr\/wp-json\/wp\/v2\/categories?post=320213"},{"taxonomy":"post_tag","embeddable":true,"href":"https:\/\/www.europesays.com\/fr\/wp-json\/wp\/v2\/tags?post=320213"}],"curies":[{"name":"wp","href":"https:\/\/api.w.org\/{rel}","templated":true}]}}