{"id":320215,"date":"2025-08-15T06:03:10","date_gmt":"2025-08-15T06:03:10","guid":{"rendered":"https:\/\/www.europesays.com\/fr\/320215\/"},"modified":"2025-08-15T06:03:10","modified_gmt":"2025-08-15T06:03:10","slug":"starmer-et-zelensky-se-rencontrent-a-londres-et-discutent-de-leurs-attentes-pour-le-sommet-americano-russe","status":"publish","type":"post","link":"https:\/\/www.europesays.com\/fr\/320215\/","title":{"rendered":"Starmer et Zelensky se rencontrent \u00e0 Londres et discutent de leurs attentes pour le sommet am\u00e9ricano-russe"},"content":{"rendered":"<p>&#13;<br \/>\n                        Starmer et Zelensky se rencontrent \u00e0 Londres et discutent de leurs attentes pour le sommet am\u00e9ricano-russe&#13;\n                    <\/p>\n<p style=\"text-align:\">Le Premier ministre britannique Keir Starmer a rencontr\u00e9 jeudi 14 ao\u00fbt le pr\u00e9sident ukrainien Volodymyr Zelensky au 10 Downing Street, \u00e0 Londres, a fait savoir le Bureau du Premier ministre.<\/p>\n<p><a href=\"https:\/\/lecourrier.vn\/starmer-va-rencontrer-trump-en-visite-privee-en-ecosse-fin-juillet\/1286808.html\" title=\"Starmer va rencontrer Trump en visite priv\u00e9e en \u00c9cosse fin juillet\" target=\"_blank\" rel=\"noopener\">&gt;&gt; Starmer va rencontrer Trump en visite priv\u00e9e en \u00c9cosse fin juillet<\/a><\/p>\n<p><a href=\"https:\/\/lecourrier.vn\/une-rencontre-trump-poutine-prevue-dans-les-prochains-jours-selon-le-kremlin\/1288349.html\" title=\"Une rencontre Trump-Poutine pr\u00e9vue &lt;i&gt;&quot;dans les prochains jours&quot;&lt;\/i&gt;, selon le Kremlin\" target=\"_blank\" rel=\"noopener\">&gt;&gt; Une rencontre Trump-Poutine pr\u00e9vue \u00ab\u00a0dans les prochains jours\u00a0\u00bb, selon le Kremlin<\/a><\/p>\n<p><a href=\"https:\/\/lecourrier.vn\/les-dirigeants-de-leurope-et-des-etats-unis-sont-daccord-sur-les-principes-pour-les-pourparlers-avec-la-russie\/1288777.html\" title=\"Les dirigeants de l&#039;Europe et des \u00c9tats-Unis sont d&#039;accord sur les principes pour les pourparlers avec la Russie\" target=\"_blank\" rel=\"noopener\">&gt;&gt; Les dirigeants de l&rsquo;Europe et des \u00c9tats-Unis sont d&rsquo;accord sur les principes pour les pourparlers avec la Russie<\/a><\/p>\n<tr>\n<td class=\"pic\"><img decoding=\"async\" class=\"lazyload\" src=\"https:\/\/www.europesays.com\/fr\/wp-content\/uploads\/2025\/08\/082653-afp7.jpg\" alt=\"\"\/><\/td>\n<\/tr>\n<tr>\n<td class=\"caption\">Le Premier ministre britannique Keir Starmer (gauche) et\u00a0 le pr\u00e9sident ukrainien Volodymyr Zelensky, le\u00a014 ao\u00fbt \u00e0 Londres<\/td>\n<\/tr>\n<tr align=\"right\">\n<td class=\"author\">Photo : Xinhua\/VNA\/CVN<\/td>\n<\/tr>\n<p style=\"text-align:left\">Selon un communiqu\u00e9 officiel, les deux dirigeants ont discut\u00e9 des r\u00e9unions virtuelles organis\u00e9es mercredi 13 ao\u00fbt\u00a0par le chancelier allemand Friedrich Merz, ainsi que du prochain sommet entre le pr\u00e9sident am\u00e9ricain Donald Trump et son homologue russe Vladimir Poutine qui se tiendra vendredi 15 ao\u00fbt dans l&rsquo;\u00c9tat am\u00e9ricain de l&rsquo;Alaska.<\/p>\n<p style=\"text-align:left\">\u00ab\u00a0Ils sont convenus de rester en contact \u00e9troit dans les prochains jours\u00a0\u00bb, note le communiqu\u00e9, soulignant leurs attentes pour les pourparlers en Alaska.<\/p>\n<p style=\"text-align:left\">D&rsquo;apr\u00e8s la publication Telegram de M. Zelensky jeudi 14 ao\u00fbt, l&rsquo;Ukraine et le Royaume-Uni ont coordonn\u00e9 leurs positions et \u00e9chang\u00e9 leurs points de vue sur les perspectives de la prochaine rencontre en Alaska.<\/p>\n<p style=\"text-align:left\">Le pr\u00e9sident ukrainien a indiqu\u00e9 qu&rsquo;il avait discut\u00e9 avec M. Starmer des attentes pour le sommet am\u00e9ricano-russe.<\/p>\n<p style=\"text-align:left\">Les deux dirigeants ont abord\u00e9 en d\u00e9tail les garanties de s\u00e9curit\u00e9 possibles pour l&rsquo;Ukraine afin d&rsquo;assurer un accord de paix durable si un cessez-le-feu \u00e9tait conclu, peut-on lire dans la publication.<\/p>\n<p style=\"text-align:right\"><b>Xinhua\/VNA\/CVN<\/b><\/p>\n","protected":false},"excerpt":{"rendered":"&#13; Starmer et Zelensky se rencontrent \u00e0 Londres et discutent de leurs attentes pour le sommet am\u00e9ricano-russe&#13; Le&hellip;\n","protected":false},"author":2,"featured_media":320216,"comment_status":"","ping_status":"","sticky":false,"template":"","format":"standard","meta":{"footnotes":""},"categories":[1588],"tags":[11,13375,1777,674,2581,12,473,1853,2764,1851,1850,1852,134],"class_list":{"0":"post-320215","1":"post","2":"type-post","3":"status-publish","4":"format-standard","5":"has-post-thumbnail","7":"category-royaume-uni","8":"tag-actualites","9":"tag-attente","10":"tag-eu","11":"tag-europe","12":"tag-keir-starmer","13":"tag-news","14":"tag-royaume-uni","15":"tag-royaume-uni-de-grande-bretagne-et-dirlande-du-nord","16":"tag-sommet","17":"tag-uk","18":"tag-united-kingdom","19":"tag-united-kingdom-of-great-britain-and-northern-ireland","20":"tag-volodymyr-zelensky"},"share_on_mastodon":{"url":"https:\/\/pubeurope.com\/@fr\/115031271366092396","error":""},"_links":{"self":[{"href":"https:\/\/www.europesays.com\/fr\/wp-json\/wp\/v2\/posts\/320215","targetHints":{"allow":["GET"]}}],"collection":[{"href":"https:\/\/www.europesays.com\/fr\/wp-json\/wp\/v2\/posts"}],"about":[{"href":"https:\/\/www.europesays.com\/fr\/wp-json\/wp\/v2\/types\/post"}],"author":[{"embeddable":true,"href":"https:\/\/www.europesays.com\/fr\/wp-json\/wp\/v2\/users\/2"}],"replies":[{"embeddable":true,"href":"https:\/\/www.europesays.com\/fr\/wp-json\/wp\/v2\/comments?post=320215"}],"version-history":[{"count":0,"href":"https:\/\/www.europesays.com\/fr\/wp-json\/wp\/v2\/posts\/320215\/revisions"}],"wp:featuredmedia":[{"embeddable":true,"href":"https:\/\/www.europesays.com\/fr\/wp-json\/wp\/v2\/media\/320216"}],"wp:attachment":[{"href":"https:\/\/www.europesays.com\/fr\/wp-json\/wp\/v2\/media?parent=320215"}],"wp:term":[{"taxonomy":"category","embeddable":true,"href":"https:\/\/www.europesays.com\/fr\/wp-json\/wp\/v2\/categories?post=320215"},{"taxonomy":"post_tag","embeddable":true,"href":"https:\/\/www.europesays.com\/fr\/wp-json\/wp\/v2\/tags?post=320215"}],"curies":[{"name":"wp","href":"https:\/\/api.w.org\/{rel}","templated":true}]}}