{"id":320217,"date":"2025-08-15T06:04:10","date_gmt":"2025-08-15T06:04:10","guid":{"rendered":"https:\/\/www.europesays.com\/fr\/320217\/"},"modified":"2025-08-15T06:04:10","modified_gmt":"2025-08-15T06:04:10","slug":"rtl-infos-allemagne-une-fillette-de-6-ans-agressee-sexuellement-pres-du-parc-aquatique-deuropa-park","status":"publish","type":"post","link":"https:\/\/www.europesays.com\/fr\/320217\/","title":{"rendered":"RTL Infos &#8211; Allemagne: Une fillette de 6 ans agress\u00e9e sexuellement pr\u00e8s du parc aquatique d\u2019Europa Park"},"content":{"rendered":"<p class=\"article-body__summary\">\n                            Une fillette de six ans a \u00e9t\u00e9 victime d\u2019une agression \u00e0 Rust, pr\u00e8s du parc aquatique Rulantica. L\u2019auteur pr\u00e9sum\u00e9, un homme de 31 ans, est toujours en fuite. Les autorit\u00e9s lancent un appel \u00e0 t\u00e9moins.                        <\/p>\n<p>Une fillette \u00e2g\u00e9e de six ans a \u00e9t\u00e9 victime d\u2019une agression pr\u00e8s du parc aquatique Rulantica, \u00e0 Rust, en Allemagne, le samedi 9 ao\u00fbt 2025, rapporte <a href=\"https:\/\/www.francebleu.fr\/infos\/faits-divers-justice\/une-fillette-de-6-ans-victime-d-une-agression-sexuelle-pres-du-parc-rulantica-l-agresseur-toujours-recherche-9939017\" target=\"_blank\" rel=\"noopener nofollow\">France Bleu<\/a>\u00a0et <a href=\"https:\/\/france3-regions.franceinfo.fr\/grand-est\/haut-rhin\/il-attire-une-fillette-de-6-ans-a-l-exterieur-du-parc-aquatique-d-europa-park-avant-de-l-agresser-sexuellement-3201783.html\" target=\"_blank\" rel=\"noopener nofollow\">France 3 Grand Est<\/a>.<\/p>\n<p>Selon les autorit\u00e9s, l\u2019enfant s\u2019\u00e9tait momentan\u00e9ment \u00e9loign\u00e9e de ses parents lorsqu\u2019elle a \u00e9t\u00e9 approch\u00e9e par un homme. L\u2019agression a eu lieu dans une zone bois\u00e9e \u00e0 proximit\u00e9 du parc. La fillette a \u00e9t\u00e9 retrouv\u00e9e par un passant vers 22 heures, \u00e0 plusieurs kilom\u00e8tres du parc, dans un quartier de la ville de Grafenhausen.<\/p>\n<p>Le suspect, un homme de 31 ans de nationalit\u00e9 roumaine, domicili\u00e9 dans la r\u00e9gion de Rust, est toujours en fuite. Les forces de l\u2019ordre ont perquisitionn\u00e9 son domicile et ont \u00e9mis un mandat d\u2019arr\u00eat.<\/p>\n<p>La police criminelle allemande appelle toute personne ayant \u00e9t\u00e9 pr\u00e9sente dans la zone nord du parc Rulantica entre 20 h 20 et 22 h 20 le 9 ao\u00fbt \u00e0 se manifester au \u202a+49 781 21 2820\u202c.<\/p>\n<p>Cette affaire a suscit\u00e9 une vive \u00e9motion dans la r\u00e9gion et rappelle l\u2019importance de la vigilance dans les lieux publics.<\/p>\n","protected":false},"excerpt":{"rendered":"Une fillette de six ans a \u00e9t\u00e9 victime d\u2019une agression \u00e0 Rust, pr\u00e8s du parc aquatique Rulantica. L\u2019auteur&hellip;\n","protected":false},"author":2,"featured_media":320218,"comment_status":"","ping_status":"","sticky":false,"template":"","format":"standard","meta":{"footnotes":""},"categories":[1587],"tags":[11,672,1804,1805,1803,1777,674,1801,12,1802],"class_list":{"0":"post-320217","1":"post","2":"type-post","3":"status-publish","4":"format-standard","5":"has-post-thumbnail","7":"category-allemagne","8":"tag-actualites","9":"tag-allemagne","10":"tag-bundesrepublik-deutschland","11":"tag-de","12":"tag-deutschland","13":"tag-eu","14":"tag-europe","15":"tag-germany","16":"tag-news","17":"tag-republique-federale-dallemagne"},"share_on_mastodon":{"url":"https:\/\/pubeurope.com\/@fr\/115031275690472350","error":""},"_links":{"self":[{"href":"https:\/\/www.europesays.com\/fr\/wp-json\/wp\/v2\/posts\/320217","targetHints":{"allow":["GET"]}}],"collection":[{"href":"https:\/\/www.europesays.com\/fr\/wp-json\/wp\/v2\/posts"}],"about":[{"href":"https:\/\/www.europesays.com\/fr\/wp-json\/wp\/v2\/types\/post"}],"author":[{"embeddable":true,"href":"https:\/\/www.europesays.com\/fr\/wp-json\/wp\/v2\/users\/2"}],"replies":[{"embeddable":true,"href":"https:\/\/www.europesays.com\/fr\/wp-json\/wp\/v2\/comments?post=320217"}],"version-history":[{"count":0,"href":"https:\/\/www.europesays.com\/fr\/wp-json\/wp\/v2\/posts\/320217\/revisions"}],"wp:featuredmedia":[{"embeddable":true,"href":"https:\/\/www.europesays.com\/fr\/wp-json\/wp\/v2\/media\/320218"}],"wp:attachment":[{"href":"https:\/\/www.europesays.com\/fr\/wp-json\/wp\/v2\/media?parent=320217"}],"wp:term":[{"taxonomy":"category","embeddable":true,"href":"https:\/\/www.europesays.com\/fr\/wp-json\/wp\/v2\/categories?post=320217"},{"taxonomy":"post_tag","embeddable":true,"href":"https:\/\/www.europesays.com\/fr\/wp-json\/wp\/v2\/tags?post=320217"}],"curies":[{"name":"wp","href":"https:\/\/api.w.org\/{rel}","templated":true}]}}