{"id":320242,"date":"2025-08-15T06:19:15","date_gmt":"2025-08-15T06:19:15","guid":{"rendered":"https:\/\/www.europesays.com\/fr\/320242\/"},"modified":"2025-08-15T06:19:15","modified_gmt":"2025-08-15T06:19:15","slug":"la-famille-royale-britannique-un-soap-opera-cest-une-star-internationale-intime-delizabeth-ii-et-charles-iii-qui-laffirme","status":"publish","type":"post","link":"https:\/\/www.europesays.com\/fr\/320242\/","title":{"rendered":"La famille royale britannique ? \u201cUn soap opera\u201d, c\u2019est une star internationale intime d\u2019Elizabeth II et Charles III qui l\u2019affirme !"},"content":{"rendered":"<p>Le chanteur Sting sera \u00e0 Paris pour un spectacle musical qui<br \/>\nraconte sa vie, du 18 f\u00e9vrier au 7 mars 2026. \u00c0 cette occasion,<br \/>\nl\u2019ex-leader du groupe Police a accord\u00e9 une longue<br \/>\ninterview au Figaro TV Magazine.<\/p>\n<p>L\u2019artiste de 73 ans a \u00e9voqu\u00e9 sa relation avec Elizabeth II et le<br \/>\nroi Charles III, et a m\u00eame donn\u00e9 son avis sur la monarchie<br \/>\nbritannique.<\/p>\n<p>Sting bient\u00f4t de retour \u00e0 Paris, il \u00e9voque sa relation avec la<br \/>\nFrance<\/p>\n<p>Le 10 juin dernier, les journalistes du Figaro TV<br \/>\nMagazine ont pu rencontrer <a href=\"https:\/\/www.closermag.fr\/people\/sting-a-quoi-ressemble-son-magnifique-domaine-de-toscane-renove-pendant-plus-de-dix-ans-3564709\" target=\"_blank\" rel=\"noopener\"><br \/>\nSting<\/a>, ancien leader du groupe The Police. Le chanteur<br \/>\nde 73 ans sera de retour \u00e0 Paris en d\u00e9but d\u2019ann\u00e9e 2026, pour un<br \/>\n<strong>spectacle musical<\/strong> qui retrace sa vie. Plus<br \/>\n\u00e9tonnant, l\u2019artiste sera \u00e0 l\u2019affiche<br \/>\nde\u00a0<strong>Kaamelott\u00a0<\/strong>le long m\u00e9trage<br \/>\nd\u00e9riv\u00e9 de la s\u00e9rie culte d\u2019Alexandre Astier. Sting entretient une<br \/>\nrelation particuli\u00e8re avec la <strong>France<\/strong>, comme il l\u2019a<br \/>\nexpliqu\u00e9. Il avait d\u2019ailleurs rouvert le Bataclan, apr\u00e8s les<br \/>\nattentats de novembre 2015. \u00ab\u00a0C\u2019\u00e9tait un honneur\u00a0\u00bb a-t-il<br \/>\nconfi\u00e9 \u00e0 nos confr\u00e8res.<\/p>\n<p>Le chanteur a \u00e9voqu\u00e9 son amour pour la France et la musique<br \/>\nfran\u00e7aise. \u00ab\u00a0Vous savez, il n\u2019y a pas longtemps, j\u2019\u00e9tais invit\u00e9<br \/>\ndans l\u2019\u00e9mission \u2018C \u00e0 Vous\u2019. Ils m\u2019ont montr\u00e9 des images<br \/>\nd\u2019archives o\u00f9 <a href=\"https:\/\/www.closermag.fr\/people\/johnny-hallyday-laura-smet-souffre-encore-de-la-guerre-familiale-ses-confidences-poignantes-3570641\" target=\"_blank\" rel=\"noopener\"><br \/>\nJohnny Hallyday<\/a> confie que je suis son chanteur pr\u00e9f\u00e9r\u00e9.<br \/>\n<strong>J\u2019\u00e9tais presque en pleurs<\/strong>. Je ne savais m\u00eame pas<br \/>\nqu\u2019il me connaissait\u00a0\u00bb a-t-il d\u00e9clar\u00e9.<\/p>\n<blockquote class=\"twitter-tweet\"><p><a class=\"twitter-link\" rel=\"noindex, nofollow noopener\" href=\"https:\/\/twitter.com\/TVMAG\/status\/1956011252519461355\" target=\"_blank\"><\/p><\/blockquote>\n<p>Sting\u00a0: son avis sans filtre sur<br \/>\nla Monarchie britannique<\/p>\n<p>La star anglaise s\u2019est ensuite exprim\u00e9e sur la <a href=\"https:\/\/www.closermag.fr\/royautes\/harry-et-meghan-leur-annonce-a-provoque-un-seisme-a-buckingham-cette-surprenante-reaction-de-charles-iii-3570981\" target=\"_blank\" rel=\"noopener\"><br \/>\nfamille royale<\/a> britannique. En 2018, Sting participait aux 92<br \/>\nans de la reine <a href=\"https:\/\/www.closermag.fr\/royautes\/cest-moi-qui-paie-elizabeth-ii-a-vu-rouge-pour-le-mariage-dharry-et-meghan-3569346\" target=\"_blank\" rel=\"noopener\"><br \/>\nElizabeth II<\/a>. Interrog\u00e9 sur sa relation avec elle, il a assur\u00e9<br \/>\n: \u00ab\u00a0Je l\u2019ai rencontr\u00e9e une seule fois. Quand, elle m\u2019a pos\u00e9 du<br \/>\nm\u00e9tal sur la t\u00eate. Elle m\u2019a fait <strong>commandant de l\u2019Empire<br \/>\nBritannique<\/strong>, qui n\u2019est pas si grand. En France, je suis<br \/>\nchevalier des Arts et des Lettres. \u00c7a, c\u2019est la classe ! Vous ne le<br \/>\nsaviez pas ? Graham Greene a toujours dit que c\u2019\u00e9tait le meilleur<br \/>\nhonneur\u00a0\u00bb.<\/p>\n<p>Sting a ensuite confi\u00e9 avoir d\u00e9j\u00e0 din\u00e9 avec le <a href=\"https:\/\/www.closermag.fr\/royautes\/charles-iii-il-sapprete-a-faire-une-declaration-historique-le-sens-du-devoir-et-du-sacrifice-3569732\" target=\"_blank\" rel=\"noopener\"><br \/>\nroi Charles III<\/a>. \u00ab\u00a0<strong>Je l\u2019admire<\/strong>, il a des<br \/>\nopinions sur le monde, le climat, l\u2019\u00e9cologie, l\u2019architecture. Mais<br \/>\nje ne l\u2019envie pas. Je pense qu\u2019il est dans une <strong>situation<br \/>\nimpossible<\/strong>. Le bon c\u00f4t\u00e9 des monarques britanniques, c\u2019est<br \/>\nqu\u2019ils n\u2019ont pas de pouvoir. Ils sont juste symboliques et forment<br \/>\nune famille, une sorte de \u2018<strong>soap opera\u2019<\/strong>. Vous<br \/>\nl\u2019aurez compris, <strong>je ne suis pas un royaliste<\/strong><br \/>\n!\u00a0\u00bb a-t-il avou\u00e9.<\/p>\n<p><script async src=\"https:\/\/platform.twitter.com\/widgets.js\" charset=\"utf-8\"><\/script><\/p>\n","protected":false},"excerpt":{"rendered":"Le chanteur Sting sera \u00e0 Paris pour un spectacle musical qui raconte sa vie, du 18 f\u00e9vrier au&hellip;\n","protected":false},"author":2,"featured_media":320243,"comment_status":"","ping_status":"","sticky":false,"template":"","format":"standard","meta":{"footnotes":""},"categories":[1359],"tags":[548,581,58,59,1011,27,973,29982,27847],"class_list":{"0":"post-320242","1":"post","2":"type-post","3":"status-publish","4":"format-standard","5":"has-post-thumbnail","7":"category-people","8":"tag-article-simple","9":"tag-charles-iii","10":"tag-divertissement","11":"tag-entertainment","12":"tag-fr","13":"tag-france","14":"tag-people","15":"tag-reine-elizabeth-ii","16":"tag-sting"},"share_on_mastodon":{"url":"https:\/\/pubeurope.com\/@fr\/115031334100727583","error":""},"_links":{"self":[{"href":"https:\/\/www.europesays.com\/fr\/wp-json\/wp\/v2\/posts\/320242","targetHints":{"allow":["GET"]}}],"collection":[{"href":"https:\/\/www.europesays.com\/fr\/wp-json\/wp\/v2\/posts"}],"about":[{"href":"https:\/\/www.europesays.com\/fr\/wp-json\/wp\/v2\/types\/post"}],"author":[{"embeddable":true,"href":"https:\/\/www.europesays.com\/fr\/wp-json\/wp\/v2\/users\/2"}],"replies":[{"embeddable":true,"href":"https:\/\/www.europesays.com\/fr\/wp-json\/wp\/v2\/comments?post=320242"}],"version-history":[{"count":0,"href":"https:\/\/www.europesays.com\/fr\/wp-json\/wp\/v2\/posts\/320242\/revisions"}],"wp:featuredmedia":[{"embeddable":true,"href":"https:\/\/www.europesays.com\/fr\/wp-json\/wp\/v2\/media\/320243"}],"wp:attachment":[{"href":"https:\/\/www.europesays.com\/fr\/wp-json\/wp\/v2\/media?parent=320242"}],"wp:term":[{"taxonomy":"category","embeddable":true,"href":"https:\/\/www.europesays.com\/fr\/wp-json\/wp\/v2\/categories?post=320242"},{"taxonomy":"post_tag","embeddable":true,"href":"https:\/\/www.europesays.com\/fr\/wp-json\/wp\/v2\/tags?post=320242"}],"curies":[{"name":"wp","href":"https:\/\/api.w.org\/{rel}","templated":true}]}}