{"id":320246,"date":"2025-08-15T06:22:25","date_gmt":"2025-08-15T06:22:25","guid":{"rendered":"https:\/\/www.europesays.com\/fr\/320246\/"},"modified":"2025-08-15T06:22:25","modified_gmt":"2025-08-15T06:22:25","slug":"kaamelott-deuxieme-volet-la-suite-de-la-saga-au-casting-xxl-livre-ses-premieres-images","status":"publish","type":"post","link":"https:\/\/www.europesays.com\/fr\/320246\/","title":{"rendered":"\u00ab\u00a0Kaamelott \u2013 Deuxi\u00e8me volet\u00a0\u00bb : la suite de la saga au casting XXL livre ses premi\u00e8res images"},"content":{"rendered":"<ul class=\"jsx-862013697 ArticleChapo__List\">\n<li class=\"jsx-862013697 ArticleChapo__List_Item flex\">Quatre ans apr\u00e8s un succ\u00e8s monstre au cin\u00e9ma, le roi Arthur envoie ses chevaliers \u00ab\u00a0\u00e0 l\u2019Aventure\u00a0\u00bb dans un nouveau film qui se d\u00e9voile enfin en images.<\/li>\n<li class=\"jsx-862013697 ArticleChapo__List_Item flex\">L\u2019histoire est tellement dense que le r\u00e9alisateur a pr\u00e9f\u00e9r\u00e9 la scinder en deux, avec un premier rendez-vous en salles le 22 octobre.<\/li>\n<\/ul>\n<p data-module=\"article-paragraph\" class=\"jsx-3046738180 Paragraph Paragraph__End\">\u00ab\u00a0Qui part \u00e0 l\u2019Aventure ?\u00a0\u00bb La question pos\u00e9e par Arthur trouve un \u00e9cho si large chez ses chevaliers qu\u2019ils l\u00e8vent presque tous la main. Regroup\u00e9s en \u00e9quipes, ils quitteront la Table ronde \u00ab\u00a0pour aller prouver leur valeur et leur courage aux quatre coins du monde\u00a0\u00bb, pr\u00e9vient Alexadre Astier dans sa note d\u2019intention. De quoi faire de la suite de Kaamelott au cin\u00e9ma un \u00e9v\u00e8nement XXL que les fans attendent d\u00e9j\u00e0 depuis quatre ans. Les toutes premi\u00e8res images ont \u00e9t\u00e9 d\u00e9voil\u00e9es ce jeudi 14 ao\u00fbt, au c\u0153ur de l\u2019\u00e9t\u00e9, plusieurs mois avant la sortie en salles de ce diptyque n\u00e9cessaire pour son auteur.<\/p>\n<p data-module=\"article-paragraph\" class=\"jsx-3046738180 Paragraph Paragraph__End\">\u00ab\u00a0C\u2019est un volet long, constitu\u00e9 de nombreuses histoires parall\u00e8les, qui m\u00e9rite qu\u2019on s\u2019y attarde. Je n\u2019aurais pas compress\u00e9 tout \u00e7a en deux heures. Mais il s\u2019agit bien d\u2019un volet unique\u00a0\u00bb, insiste Alexandre Astier, selon qui ces deux parties \u00ab\u00a0pourront \u00eatre vues \u00e0 la suite\u00a0l\u2019une de l\u2019autre comme un seul grand film\u00a0\u00bb. \u00ab\u00a0Comme un gros bouquin coup\u00e9 en deux, un long spectacle avec entracte\u00a0\u00bb, ajoute-t-il. Huit mois de tournage ont \u00e9t\u00e9 n\u00e9cessaires pour ces nouveaux films qui arrivent 4 ans <a href=\"https:\/\/www.tf1info.fr\/culture\/kaamelott-premier-volet-le-retour-du-roi-astier-tient-toutes-ses-promesses-2191846.html\" target=\"_blank\" rel=\"noopener\">apr\u00e8s le succ\u00e8s monstre du premier<\/a>. Plus de 2,6 millions de spectateurs avaient \u00e9t\u00e9 s\u00e9duits par Kaamelott \u2013 Premier volet qui avait r\u00e9alis\u00e9 <a href=\"https:\/\/www.tf1info.fr\/culture\/kaamelott-premier-volet-alexandre-astier-realise-le-meilleur-demarrage-de-l-annee-pour-un-film-francais-2192611.html\" target=\"_blank\" rel=\"noopener\">le meilleur d\u00e9marrage de l\u2019ann\u00e9e pour un film fran\u00e7ais<\/a> en pleine crise sanitaire.<\/p>\n<p><img decoding=\"async\" src=\"https:\/\/www.europesays.com\/fr\/wp-content\/uploads\/2025\/08\/kaamelott-deuxieme-volet-casting-p1-et-2-7a34c3-0@1x.jpeg\" alt=\"Voici l'ensemble des acteurs \u00e0 l'affiche de &quot;Kaamelott - Deuxi\u00e8me volet&quot;, scind\u00e9 en deux films. - SND\" loading=\"lazy\" importance=\"low\" fetchpriority=\"low\" class=\"\" data-module=\"article-image\"\/>Voici l&rsquo;ensemble des acteurs \u00e0 l&rsquo;affiche de \u00ab\u00a0Kaamelott &#8211; Deuxi\u00e8me volet\u00a0\u00bb, scind\u00e9 en deux films. &#8211; SND<a href=\"https:\/\/www.tf1info.fr\/culture\/grand-fan-de-kaamelott-thomas-pesquet-a-pu-decouvrir-le-film-dans-l-espace-2192166.html\" rel=\"noopener\" class=\"jsx-3308031228 Link flex\" target=\"_blank\"><img decoding=\"async\" src=\"https:\/\/www.europesays.com\/fr\/wp-content\/uploads\/2025\/08\/pesquet-ok-iss-a3dc7a-1@1x.jpeg\" alt=\"Thomas Pesquet va partager durant quelques jours l'ISS avec 10 autres compagnons.\" loading=\"lazy\" importance=\"low\" fetchpriority=\"low\" class=\"\" aria-hidden=\"true\"\/><\/p>\n<p class=\"jsx-3657663356 ReadMoreArticle__Title\">Lire aussi<\/p>\n<p class=\"jsx-3657663356\">Grand fan de \u00ab\u00a0Kaamelott\u00a0\u00bb, Thomas Pesquet a pu d\u00e9couvrir le film dans l\u2019espace<\/p>\n<p><\/a><\/p>\n<p data-module=\"article-paragraph\" class=\"jsx-3046738180 Paragraph Paragraph__End\">La saga \u00e9tend davantage son spectre avec un casting absolument dingue compos\u00e9 de ses visages historiques (Audrey Fleurot, Lionel Astier, Anne Girouard) et de nouveaux venus (Thomas VDB, Frank Dubosc). Le personnage de Perceval, incarn\u00e9 depuis le d\u00e9but de la s\u00e9rie par Franck Pitiot, ne figure en revanche pas dans la tr\u00e8s longue liste fournie par la production. Sans que l\u2019on ne sache encore pourquoi. Seule certitude : ce Kaamelott \u2013 Deuxi\u00e8me volet sera \u00e0 d\u00e9couvrir en deux temps. Le 22 octobre pour la partie 1, le 11 novembre 2026 pour la partie 2.<\/p>\n<p>Delphine DE FREITAS<\/p>\n","protected":false},"excerpt":{"rendered":"Quatre ans apr\u00e8s un succ\u00e8s monstre au cin\u00e9ma, le roi Arthur envoie ses chevaliers \u00ab\u00a0\u00e0 l\u2019Aventure\u00a0\u00bb dans un&hellip;\n","protected":false},"author":2,"featured_media":320247,"comment_status":"","ping_status":"","sticky":false,"template":"","format":"standard","meta":{"footnotes":""},"categories":[1356],"tags":[1111,11,1921,21259,650,58,59,1011,27,7187,1922,2041,973,4280,252,1364,133,2040],"class_list":{"0":"post-320246","1":"post","2":"type-post","3":"status-publish","4":"format-standard","5":"has-post-thumbnail","7":"category-television","8":"tag-actu","9":"tag-actualites","10":"tag-article-video","11":"tag-audrey-fleurot","12":"tag-cinema","13":"tag-divertissement","14":"tag-entertainment","15":"tag-fr","16":"tag-france","17":"tag-franck-dubosc","18":"tag-info","19":"tag-medias-et-divertissement","20":"tag-people","21":"tag-series-tele","22":"tag-television","23":"tag-tv","24":"tag-video","25":"tag-video-culture"},"share_on_mastodon":{"url":"https:\/\/pubeurope.com\/@fr\/115031346172882953","error":""},"_links":{"self":[{"href":"https:\/\/www.europesays.com\/fr\/wp-json\/wp\/v2\/posts\/320246","targetHints":{"allow":["GET"]}}],"collection":[{"href":"https:\/\/www.europesays.com\/fr\/wp-json\/wp\/v2\/posts"}],"about":[{"href":"https:\/\/www.europesays.com\/fr\/wp-json\/wp\/v2\/types\/post"}],"author":[{"embeddable":true,"href":"https:\/\/www.europesays.com\/fr\/wp-json\/wp\/v2\/users\/2"}],"replies":[{"embeddable":true,"href":"https:\/\/www.europesays.com\/fr\/wp-json\/wp\/v2\/comments?post=320246"}],"version-history":[{"count":0,"href":"https:\/\/www.europesays.com\/fr\/wp-json\/wp\/v2\/posts\/320246\/revisions"}],"wp:featuredmedia":[{"embeddable":true,"href":"https:\/\/www.europesays.com\/fr\/wp-json\/wp\/v2\/media\/320247"}],"wp:attachment":[{"href":"https:\/\/www.europesays.com\/fr\/wp-json\/wp\/v2\/media?parent=320246"}],"wp:term":[{"taxonomy":"category","embeddable":true,"href":"https:\/\/www.europesays.com\/fr\/wp-json\/wp\/v2\/categories?post=320246"},{"taxonomy":"post_tag","embeddable":true,"href":"https:\/\/www.europesays.com\/fr\/wp-json\/wp\/v2\/tags?post=320246"}],"curies":[{"name":"wp","href":"https:\/\/api.w.org\/{rel}","templated":true}]}}