{"id":320250,"date":"2025-08-15T06:24:15","date_gmt":"2025-08-15T06:24:15","guid":{"rendered":"https:\/\/www.europesays.com\/fr\/320250\/"},"modified":"2025-08-15T06:24:15","modified_gmt":"2025-08-15T06:24:15","slug":"le-festival-du-film-de-toronto-fait-machine-arriere-le-documentaire-sur-le-7-octobre-sera-finalement-au-programme","status":"publish","type":"post","link":"https:\/\/www.europesays.com\/fr\/320250\/","title":{"rendered":"Le Festival Du Film De Toronto Fait Machine Arri\u00e8re : Le Documentaire Sur Le 7 Octobre Sera Finalement Au Programme"},"content":{"rendered":"<p class=\"\" data-is=\"component-paragraph\">La direction du Festival international du film de Toronto (TIFF) a annonc\u00e9 vendredi matin que le documentaire \u00ab\u00a0The Road Between Us\u00a0\u00bb, consacr\u00e9 au g\u00e9n\u00e9ral \u00e0 la retraite Noam Tibon et aux \u00e9v\u00e9nements du 7 octobre, sera finalement projet\u00e9 lors du festival. Cette volte-face fait suite aux pressions consid\u00e9rables exerc\u00e9es sur l&rsquo;organisation.<\/p>\n<p class=\"\" data-is=\"component-paragraph\">Dans un communiqu\u00e9 conjoint, le directeur g\u00e9n\u00e9ral du festival Cameron Bailey et le r\u00e9alisateur Barry Avrich ont d\u00e9clar\u00e9 : \u00ab\u00a0Au cours des derni\u00e8res 24 heures, de nombreuses discussions ont eu lieu concernant l&rsquo;annulation de la projection. Le TIFF et les cr\u00e9ateurs ont entendu la douleur du public et nous souhaitons y r\u00e9pondre ensemble.\u00a0\u00bb<\/p>\n<p class=\"\" data-is=\"component-paragraph\">Le film, initialement retir\u00e9 de la programmation, avait suscit\u00e9 une vive pol\u00e9mique dans la communaut\u00e9 juive canadienne et internationale. Plusieurs organisations juives avaient vivement critiqu\u00e9 la d\u00e9cision initiale d&rsquo;annulation. La raison invoqu\u00e9e pour cette exclusion concernait des autorisations manquantes pour l&rsquo;utilisation d&rsquo;images du Hamas dans le documentaire &#8211; des vid\u00e9os r\u00e9alis\u00e9es par les terroristes eux-m\u00eames.<\/p>\n<p class=\"\" data-is=\"component-paragraph\">Selon le journal The Sun, les d\u00e9bats se sont intensifi\u00e9s lors de la r\u00e9union du conseil d&rsquo;administration du TIFF jeudi. John Ropolo, membre du conseil, a confirm\u00e9 que \u00ab\u00a0le probl\u00e8me est enti\u00e8rement r\u00e9solu\u00a0\u00bb et que le film sera \u00ab\u00a0pr\u00e9sent\u00e9 comme pr\u00e9vu, et m\u00eame \u00e0 plus grande \u00e9chelle que pr\u00e9vu initialement\u00a0\u00bb.<\/p>\n<p class=\"\" data-is=\"component-paragraph\">Cette controverse souligne les tensions persistantes autour de la repr\u00e9sentation des \u00e9v\u00e9nements du 7 octobre dans les m\u00e9dias et le monde culturel. La d\u00e9cision finale du TIFF de maintenir la projection t\u00e9moigne de l&rsquo;importance accord\u00e9e \u00e0 la libert\u00e9 d&rsquo;expression artistique, tout en reconnaissant la sensibilit\u00e9 du sujet trait\u00e9.<\/p>\n<p class=\"\" data-is=\"component-paragraph\">Le documentaire du r\u00e9alisateur canadien Barry Avrich retrace l&rsquo;histoire remarquable du g\u00e9n\u00e9ral Noam Tibon, p\u00e8re du journaliste Amir Tibon, membre du kibboutz Nahal Oz. Le 7 octobre, ce militaire \u00e0 la retraite s&rsquo;est lanc\u00e9 dans une mission de sauvetage pour retrouver sa famille, notamment ses deux petites-filles. Au-del\u00e0 de sa mission personnelle, Tibon a \u00e9galement secouru des survivants du massacre du festival Nova et port\u00e9 secours \u00e0 des soldats bless\u00e9s.<\/p>\n<p class=\"\" data-is=\"component-paragraph\">Le film fera donc partie de la s\u00e9lection officielle du festival, o\u00f9 il devrait contribuer aux d\u00e9bats essentiels que le cin\u00e9ma se doit de susciter selon les organisateurs.<\/p>\n","protected":false},"excerpt":{"rendered":"La direction du Festival international du film de Toronto (TIFF) a annonc\u00e9 vendredi matin que le documentaire \u00ab\u00a0The&hellip;\n","protected":false},"author":2,"featured_media":316088,"comment_status":"","ping_status":"","sticky":false,"template":"","format":"standard","meta":{"footnotes":""},"categories":[1354],"tags":[58,59,1346,1011,27,1360],"class_list":{"0":"post-320250","1":"post","2":"type-post","3":"status-publish","4":"format-standard","5":"has-post-thumbnail","7":"category-films","8":"tag-divertissement","9":"tag-entertainment","10":"tag-films","11":"tag-fr","12":"tag-france","13":"tag-movies"},"share_on_mastodon":{"url":"https:\/\/pubeurope.com\/@fr\/115031353980187747","error":""},"_links":{"self":[{"href":"https:\/\/www.europesays.com\/fr\/wp-json\/wp\/v2\/posts\/320250","targetHints":{"allow":["GET"]}}],"collection":[{"href":"https:\/\/www.europesays.com\/fr\/wp-json\/wp\/v2\/posts"}],"about":[{"href":"https:\/\/www.europesays.com\/fr\/wp-json\/wp\/v2\/types\/post"}],"author":[{"embeddable":true,"href":"https:\/\/www.europesays.com\/fr\/wp-json\/wp\/v2\/users\/2"}],"replies":[{"embeddable":true,"href":"https:\/\/www.europesays.com\/fr\/wp-json\/wp\/v2\/comments?post=320250"}],"version-history":[{"count":0,"href":"https:\/\/www.europesays.com\/fr\/wp-json\/wp\/v2\/posts\/320250\/revisions"}],"wp:featuredmedia":[{"embeddable":true,"href":"https:\/\/www.europesays.com\/fr\/wp-json\/wp\/v2\/media\/316088"}],"wp:attachment":[{"href":"https:\/\/www.europesays.com\/fr\/wp-json\/wp\/v2\/media?parent=320250"}],"wp:term":[{"taxonomy":"category","embeddable":true,"href":"https:\/\/www.europesays.com\/fr\/wp-json\/wp\/v2\/categories?post=320250"},{"taxonomy":"post_tag","embeddable":true,"href":"https:\/\/www.europesays.com\/fr\/wp-json\/wp\/v2\/tags?post=320250"}],"curies":[{"name":"wp","href":"https:\/\/api.w.org\/{rel}","templated":true}]}}