{"id":320251,"date":"2025-08-15T06:25:16","date_gmt":"2025-08-15T06:25:16","guid":{"rendered":"https:\/\/www.europesays.com\/fr\/320251\/"},"modified":"2025-08-15T06:25:16","modified_gmt":"2025-08-15T06:25:16","slug":"un-impact-moins-lourd-que-prevu","status":"publish","type":"post","link":"https:\/\/www.europesays.com\/fr\/320251\/","title":{"rendered":"un impact moins lourd que pr\u00e9vu"},"content":{"rendered":"<p>             <a href=\"https:\/\/ma-sante.news\/wp-content\/uploads\/2025\/07\/anxiete-depression-troubles-anxieux-post-covid-confinements-isolement-social-Ma-Sante.jpeg\" data-caption=\"elon l\u2019Organisation mondiale de la sant\u00e9 (OMS), l\u2019isolement social augmente de 50 % le risque de troubles anxieux et d\u00e9pressifs. \u00a9 Adobe Stock\" target=\"_blank\" rel=\"noopener\"><img loading=\"lazy\" decoding=\"async\" width=\"696\" height=\"464\" class=\"entry-thumb td-modal-image\" src=\"data:image\/svg+xml,%3Csvg%20xmlns=\" http:=\"\" data-lazy- data-lazy- alt=\"Une femme atteinte d'anxi\u00e9t\u00e9 pendant le confinement \u00e0 cause de l'isolement social.\" title=\"anxie\u0301te\u0301 de\u0301pression troubles anxieux post covid confinements isolement social Ma Sante\u0301\" data-lazy-src=\"https:\/\/www.europesays.com\/fr\/wp-content\/uploads\/2025\/08\/anxiete-depression-troubles-anxieux-post-covid-confinements-isolement-social-Ma-Sante-696x464.jpeg\"\/><\/a>elon l\u2019Organisation mondiale de la sant\u00e9 (OMS), l\u2019isolement social augmente de 50 % le risque de troubles anxieux et d\u00e9pressifs. \u00a9 Adobe Stock                                    \t\t\t             <a class=\"gofollow\" data-track=\"MjgsMCwxLDYw\" href=\"https:\/\/ma-sante.news\/inscrivez-vous-a-notre-newsletter\/\" target=\"_blank\" rel=\"noopener\"><img loading=\"lazy\" decoding=\"async\" width=\"1068\" height=\"131\" src=\"data:image\/svg+xml,%3Csvg%20xmlns=\" http:=\"\" data-lazy-src=\"https:\/\/www.europesays.com\/fr\/wp-content\/uploads\/2025\/03\/banniere-newsletter.png\"\/><\/a> <\/p>\n<p>On s\u2019\u00e9tait pr\u00e9par\u00e9s \u00e0 l\u2019id\u00e9e d\u2019un raz-de-mar\u00e9e mental post-pand\u00e9mie. Trois ans d\u2019angoisses sanitaires, <a href=\"https:\/\/ma-sante.news\/cinq-ans-apres-le-confinement-notre-memoire-a-t-elle-ete-alteree-par-lisolement\/\" target=\"_blank\" rel=\"noopener\">de confinements, d\u2019isolement<\/a>, de p\u00e9nuries de farine et de discours anxiog\u00e8nes\u2026 On imaginait un pays sous anxiolytiques, durablement traumatis\u00e9. Et pourtant, surprise ! <a href=\"https:\/\/ma-sante.news\/troubles-anxieux-comment-expliquer-cette-anxiete-aigue-qui-envahit-le-quotidien\/\" target=\"_blank\" rel=\"noopener\">Les troubles anxieux<\/a> en France n\u2019ont pas explos\u00e9 durablement depuis le Covid.<\/p>\n<p>C\u2019est ce que r\u00e9v\u00e8le une \u00e9tude publi\u00e9e le 22 juillet 2025 par Sant\u00e9 publique France, bas\u00e9e sur des enqu\u00eates de terrain men\u00e9es entre 2017 et 2021. L\u2019organisme a mesur\u00e9 la fr\u00e9quence des sympt\u00f4mes anxieux dans la population adulte fran\u00e7aise, via un questionnaire valid\u00e9 de 7 items. Et les r\u00e9sultats sont limpides : les troubles anxieux sont rest\u00e9s stables avant et apr\u00e8s la pand\u00e9mie.<\/p>\n<p>        L\u2019anxi\u00e9t\u00e9 n\u2019a pas surf\u00e9 sur la vague du Covid    <strong>Des chiffres qui remettent les pendules \u00e0 l\u2019heure<\/strong>    <\/p>\n<p>L\u2019\u00e9tude montre que 12,5 % des personnes interrog\u00e9es en 2021 d\u00e9claraient des signes d\u2019anxi\u00e9t\u00e9. Un chiffre quasi identique \u00e0 celui de 2017, bien avant que le mot \u201cCovid\u201d ne s\u2019invite dans notre vocabulaire.<\/p>\n<p>Autrement dit, pas d\u2019augmentation durable, malgr\u00e9 le tsunami \u00e9motionnel des premi\u00e8res vagues de l\u2019\u00e9pid\u00e9mie. Oui, on a tous eu peur. Oui, les sir\u00e8nes de 20h, <a href=\"https:\/\/ma-sante.news\/deplacement-coronavirus-telechargez-directement-attestation-derogatoire-1842\/\" target=\"_blank\" rel=\"noopener\">les attestations<\/a>, les files devant les supermarch\u00e9s ont fait grimper l\u2019angoisse. <\/p>\n<p>Mais <a href=\"https:\/\/ma-sante.news\/stress-chronique-pourquoi-votre-cerveau-reagit-encore-comme-a-lage-de-pierre\/\" target=\"_blank\" rel=\"noopener\">ce stress<\/a> semble avoir \u00e9t\u00e9 temporaire, une sorte de r\u00e9flexe de survie collectif\u2026 et non un basculement vers<a href=\"https:\/\/ma-sante.news\/therapies-comportementales-cognitives-solution-anxiete-depression-phobies\/\" target=\"_blank\" rel=\"noopener\"> l\u2019anxi\u00e9t\u00e9 chronique<\/a>. Ces hausses d\u2019anxi\u00e9t\u00e9 observ\u00e9es en 2020 semblent transitoires. Les donn\u00e9es de 2021 ne confirment pas une tendance durable \u00e0 la hausse selon Sant\u00e9 publique France.<\/p>\n<p>        <strong>D\u00e9pression et anxi\u00e9t\u00e9 : deux courbes bien diff\u00e9rentes<\/strong>    <\/p>\n<p>Attention cependant \u00e0 ne pas tout confondre : si l\u2019anxi\u00e9t\u00e9 est rest\u00e9e stable, ce n\u2019est pas le cas de la d\u00e9pression. L\u00e0, les chiffres sont formels : la pr\u00e9valence des \u00e9pisodes d\u00e9pressifs a grimp\u00e9 de 7,5 % en 2017 \u00e0 10 % en 2021. Un vrai signal d\u2019alerte pour la sant\u00e9 mentale en France. Cette divergence interroge. Pourquoi la d\u00e9pression progresse, alors que l\u2019anxi\u00e9t\u00e9 stagne ? Les chercheurs avancent plusieurs pistes :\u00a0<\/p>\n<p>Des facteurs qui nourrissent une tristesse durable, plut\u00f4t qu\u2019une angoisse aigu\u00eb.<\/p>\n<p>        Troubles anxieux : des in\u00e9galit\u00e9s tr\u00e8s marqu\u00e9es    <strong>Anxi\u00e9t\u00e9 : pas tous log\u00e9s \u00e0 la m\u00eame enseigne\u00a0<\/strong>    <\/p>\n<p>L\u2019\u00e9tude souligne aussi des disparit\u00e9s sociales inqui\u00e9tantes :<\/p>\n<ul class=\"wp-block-list\">\n<li><a href=\"https:\/\/ma-sante.news\/psycho-conseils-gerer-anxiete-218697\/\" target=\"_blank\" rel=\"noopener\">L\u2019anxi\u00e9t\u00e9<\/a> touche davantage les personnes en difficult\u00e9 financi\u00e8re,<\/li>\n<li>Et celles ayant un niveau d\u2019\u00e9ducation plus faible.<\/li>\n<\/ul>\n<p>En d\u2019autres termes : plus on cumule les vuln\u00e9rabilit\u00e9s sociales, plus le risque d\u2019anxi\u00e9t\u00e9 augmente. Cette <a href=\"https:\/\/ma-sante.news\/covid-cinq-ans-apres-mais-pourquoi-notre-sante-mentale-autant-degradee\/\" target=\"_blank\" rel=\"noopener\">in\u00e9galit\u00e9 face \u00e0 la sant\u00e9 mentale est un vrai enjeu de sant\u00e9 publique<\/a>. Et elle rappelle que l\u2019anxi\u00e9t\u00e9 n\u2019est pas qu\u2019un sentiment, c\u2019est aussi un r\u00e9v\u00e9lateur social.<\/p>\n<p>        <strong>Les femmes plus concern\u00e9es que les hommes<\/strong>    <\/p>\n<p>Autre constat marquant, confirm\u00e9 par les donn\u00e9es de Sant\u00e9 publique France : les femmes sont plus touch\u00e9es que les hommes.<\/p>\n<p>En 2021, 15 % des femmes d\u00e9claraient des sympt\u00f4mes anxieux, contre 10 % des hommes. Cette diff\u00e9rence s\u2019explique en partie par une exposition accrue des femmes aux pr\u00e9carit\u00e9s \u00e9conomiques, aux responsabilit\u00e9s familiales, mais aussi aux violences conjugales, dont les signalements ont explos\u00e9 pendant les confinements.<\/p>\n<blockquote class=\"wp-block-quote is-layout-flow wp-block-quote-is-layout-flow\">\n<p><strong>\u00c0 SAVOIR<\/strong><\/p>\n<p>L\u2019anxi\u00e9t\u00e9, c\u2019est aussi une affaire d\u2019\u00e2ge. Selon Sant\u00e9 publique France, elle est plus fr\u00e9quente chez les jeunes adultes (18-24 ans) que chez les seniors. En 2021, pr\u00e8s de 20 % des 18-24 ans d\u00e9claraient des sympt\u00f4mes anxieux, contre moins de 10 % apr\u00e8s 65 ans.<\/p>\n<\/blockquote>\n<p>  <a class=\"gofollow\" data-track=\"MTIsMCwxLDYw\" href=\"https:\/\/ma-sante.news\/annonceurs\/\" target=\"_blank\" rel=\"noopener\"><img loading=\"lazy\" decoding=\"async\" width=\"2560\" height=\"2133\" src=\"data:image\/svg+xml,%3Csvg%20xmlns=\" http:=\"\" data-lazy-src=\"https:\/\/www.europesays.com\/fr\/wp-content\/uploads\/2025\/03\/pub-annonceurs-4-scaled.jpg\"\/><\/a>    <img loading=\"lazy\" decoding=\"async\" width=\"755\" height=\"495\" src=\"data:image\/svg+xml,%3Csvg%20xmlns=\" http:=\"\" data-lazy-src=\"https:\/\/www.europesays.com\/fr\/wp-content\/uploads\/2025\/03\/Image1.jpg\"\/>Inscrivez-vous \u00e0 notre newsletter <br \/>Ma Sant\u00e9                      <\/p>\n","protected":false},"excerpt":{"rendered":"elon l\u2019Organisation mondiale de la sant\u00e9 (OMS), l\u2019isolement social augmente de 50 % le risque de troubles anxieux&hellip;\n","protected":false},"author":2,"featured_media":320252,"comment_status":"","ping_status":"","sticky":false,"template":"","format":"standard","meta":{"footnotes":""},"categories":[10],"tags":[37352,4357,5506,1011,27,72,71,45820],"class_list":{"0":"post-320251","1":"post","2":"type-post","3":"status-publish","4":"format-standard","5":"has-post-thumbnail","7":"category-sante","8":"tag-anxiu00e9tu00e9","9":"tag-covid-19","10":"tag-du00e9pression","11":"tag-fr","12":"tag-france","13":"tag-health","14":"tag-sante","15":"tag-troubles-anxieux"},"share_on_mastodon":{"url":"https:\/\/pubeurope.com\/@fr\/115031357755254711","error":""},"_links":{"self":[{"href":"https:\/\/www.europesays.com\/fr\/wp-json\/wp\/v2\/posts\/320251","targetHints":{"allow":["GET"]}}],"collection":[{"href":"https:\/\/www.europesays.com\/fr\/wp-json\/wp\/v2\/posts"}],"about":[{"href":"https:\/\/www.europesays.com\/fr\/wp-json\/wp\/v2\/types\/post"}],"author":[{"embeddable":true,"href":"https:\/\/www.europesays.com\/fr\/wp-json\/wp\/v2\/users\/2"}],"replies":[{"embeddable":true,"href":"https:\/\/www.europesays.com\/fr\/wp-json\/wp\/v2\/comments?post=320251"}],"version-history":[{"count":0,"href":"https:\/\/www.europesays.com\/fr\/wp-json\/wp\/v2\/posts\/320251\/revisions"}],"wp:featuredmedia":[{"embeddable":true,"href":"https:\/\/www.europesays.com\/fr\/wp-json\/wp\/v2\/media\/320252"}],"wp:attachment":[{"href":"https:\/\/www.europesays.com\/fr\/wp-json\/wp\/v2\/media?parent=320251"}],"wp:term":[{"taxonomy":"category","embeddable":true,"href":"https:\/\/www.europesays.com\/fr\/wp-json\/wp\/v2\/categories?post=320251"},{"taxonomy":"post_tag","embeddable":true,"href":"https:\/\/www.europesays.com\/fr\/wp-json\/wp\/v2\/tags?post=320251"}],"curies":[{"name":"wp","href":"https:\/\/api.w.org\/{rel}","templated":true}]}}