{"id":320275,"date":"2025-08-15T06:37:08","date_gmt":"2025-08-15T06:37:08","guid":{"rendered":"https:\/\/www.europesays.com\/fr\/320275\/"},"modified":"2025-08-15T06:37:08","modified_gmt":"2025-08-15T06:37:08","slug":"patrouille-de-france-et-feu-dartifice-du-15-aout-a-toulon-toutes-les-informations-pratiques-pour-venir-au-mourillon-frequence-sud-fr","status":"publish","type":"post","link":"https:\/\/www.europesays.com\/fr\/320275\/","title":{"rendered":"Patrouille de France et feu d&#039;artifice du 15 ao\u00fbt \u00e0 Toulon: toutes les informations pratiques pour venir au Mourillon &#8211; frequence-sud.fr"},"content":{"rendered":"<ol>\n<li><a href=\"https:\/\/news.google.com\/rss\/articles\/CBMi-AFBVV95cUxQSFhVeFRIMTBsVjBqejFXUGZTYi1lUzZVWVJyWDNZY1cweXgxcnRyUHNkWTM2U3VGN2cxUzJJMS1TV0MyM08wQXBnTDZheVBjU1RYMXNhQ2ZmNVRZdFpnVS1kT090azl0UnEwaWFKdDB4eEgyVUxOdEtydkR0OVZCdTQweVNGTFZhZEhiVUhmRXhuVFV3TDhCUHhlNm9ya0ZlYl9SUmxZUHlaSnNxak1hbVluTzhLcEhWVHR3TEFNRFowWXhwSDV3N2dxNEVVcTVzOVNjV2ZBT2dhTC1ZWjgzeERGX3lSQS0zemFNWmd4N0RobzBueFRxMdIB_AFBVV95cUxNMzB5a053d2djUUxfRExIaW5wTTcxa0ZvYVNVb3dmM25UUWRBbUlZam84MW9IbzhlVFFrYTdGaTRhNXBKWFhtY3hSLWtqY2pzSm9vM2tIWVE3TGdOVWRfa3NMREFqS3VDVEVTWVFhc0d1VU42N1Y3Ykd3aTYtd3ZaZjU4VkowMWtKVlRmMGwyVXlBSklxLXIzVm9UVEhxVXBpSnRzY0tDTS1WeFIwNEc2bGxuNDRLaTdvZ19xTzR1cmNHQk8wX0tsMlhHdHFLMDdvVmNEUlM5MTZIX3FpWlFZSEZZSjNCWkRIcmtmcGpjMi03U0JxX3E4MTloUWk?oc=5\" target=\"_blank\" rel=\"nofollow noopener\">Patrouille de France et feu d&rsquo;artifice du 15 ao\u00fbt \u00e0 Toulon: toutes les informations pratiques pour venir au Mourillon<\/a>&nbsp;&nbsp;frequence-sud.fr<\/li>\n<li><a href=\"https:\/\/news.google.com\/rss\/articles\/CBMilAJBVV95cUxQelRvRjVnNVA1Nlh6MHoyTGZqQXZJbmlmdHRZa3Ziem9tR3lXNE9rcGRYYm5rd2wydUNFMnhpbkFwbURnNXZYTzBWemEtYl9Wd1hIZ05rNDUxSkFBc2dWNlBTTVdEVHNSNlBWWEg1RGdQdl9LYTNrNV8tSlJQTC1wUGU4ZjU0c3FhNEdKbmJXenJtbmM2ZTJGWUFyak1zajgwTnNwekR1dVlHTFFqWTVXeTJqVFQ5dllPWF9MaDdCVjJFaDd1YjQ0TEVqNmdYY0I2akcteGRrM0pVdTRxcXVjOGtrN0pibUw4R01IQUVVdV9XaVhfRFhhbmpNS3lJanliUVJYSlBnaGxMMFdIa29KWjBHRGY?oc=5\" target=\"_blank\" rel=\"nofollow noopener\">81e anniversaire du D\u00e9barquement de Provence : c\u00e9r\u00e9monies patriotiques et reconstitution historique au programme<\/a>&nbsp;&nbsp;Ville de Saint-Rapha\u00ebl<\/li>\n<li><a href=\"https:\/\/news.google.com\/rss\/articles\/CBMi_AFBVV95cUxQTmwyUUtJWmd0VUc1V2Z6OXVVU2hOZV91WWpQNWExckNLcC1aTGI4Q29HZzRUT28xdUJac0stSUFyb2l3anl5R3BNTlIzQlp0aExyOUVtR2ZtemtkX0FncHlwZXVGREtoNTY0cnBIb0dST2haOGlLd0ZHSUYzejh1SDhTM24xOEk0LXMwQWVKZjI0S0V3dXZvQWwxSjhvRUJVVFFCcDRZT3B2ZGx5VXRFaHpzTkd6X1NlcjJHQ1M4TU9SeFhIdkRVOU1xMlF3V3c3Z3FvZzcwZ28zWVhlYXlwNmQxUGw2ZUFNU0xYMnhWMW45aHZ2NHgtU3JXX0Y?oc=5\" target=\"_blank\" rel=\"nofollow noopener\">Panther, Dauphin, Falcon&#8230; Les ailes de la marine en d\u00e9monstration \u00e0 Toulon ce vendredi 15 ao\u00fbt<\/a>&nbsp;&nbsp;Le marin<\/li>\n<li><a href=\"https:\/\/news.google.com\/rss\/articles\/CBMi0wFBVV95cUxOenIxQjM3WjFRT2ZfaWx4a3h3cGJWbEU3QU9YVUVPakRWQnhxQjJldTI2UzJ0OHZFNGFDcXNMZHBUcXJYQWtEZkJMZWNINzF4VDBUdWUwYmdFZ212b3JicDRIRmh2WFo2ZlVUaVVUNTNuS1BjNlZRSHZ4RWdtV0hqYjBvQ2oyUDFaWkVjMENFcm82R2I3ZHFxXzQ3TjdxTmVfLTdSMzRWVUpTOFI0Uzd3MktXQ3hwN3pvNUV6YWMtdzJ5WVo5MGFhYnJJRGV2UmpTS05j?oc=5\" target=\"_blank\" rel=\"nofollow noopener\">O\u00f9 se garer pour voir la Patrouille de France et le feu d&rsquo;artifice \u00e0 Toulon le 15 ao\u00fbt ?<\/a>&nbsp;&nbsp;francebleu.fr<\/li>\n<li><a href=\"https:\/\/news.google.com\/rss\/articles\/CBMilAFBVV95cUxOUVh0eHR1UG55UVlUMEl0Vmg5b3RfcGNZSWZLTHpraS1pTzB1ckVWUTJTQUgzRkN6aE9MMEI0N3M0YXN6cV8xTUhibFVNMVA1a1BmR3hNMm1vbjJ1ckRWUFVlMFZHVGJyc1FYcnZyM2w2YUdhUEg4WUJhMG8wdlpFNjB6WjUzS3R2bXJxaTRrcTJLS3Ez?oc=5\" target=\"_blank\" rel=\"nofollow noopener\">La m\u00e9moire des lib\u00e9rateurs c\u00e9l\u00e9br\u00e9e sur le port de Saint-Tropez<\/a>&nbsp;&nbsp;Var-Matin<\/li>\n<\/ol>\n","protected":false},"excerpt":{"rendered":"Patrouille de France et feu d&rsquo;artifice du 15 ao\u00fbt \u00e0 Toulon: toutes les informations pratiques pour venir au&hellip;\n","protected":false},"author":2,"featured_media":1445,"comment_status":"","ping_status":"","sticky":false,"template":"","format":"standard","meta":{"footnotes":""},"categories":[9619],"tags":[1111,11,1777,674,1011,27,12,882,25,2310],"class_list":{"0":"post-320275","1":"post","2":"type-post","3":"status-publish","4":"format-standard","5":"has-post-thumbnail","7":"category-toulon","8":"tag-actu","9":"tag-actualites","10":"tag-eu","11":"tag-europe","12":"tag-fr","13":"tag-france","14":"tag-news","15":"tag-provence-alpes-cote-dazur","16":"tag-republique-francaise","17":"tag-toulon"},"share_on_mastodon":{"url":"https:\/\/pubeurope.com\/@fr\/115031405041201125","error":""},"_links":{"self":[{"href":"https:\/\/www.europesays.com\/fr\/wp-json\/wp\/v2\/posts\/320275","targetHints":{"allow":["GET"]}}],"collection":[{"href":"https:\/\/www.europesays.com\/fr\/wp-json\/wp\/v2\/posts"}],"about":[{"href":"https:\/\/www.europesays.com\/fr\/wp-json\/wp\/v2\/types\/post"}],"author":[{"embeddable":true,"href":"https:\/\/www.europesays.com\/fr\/wp-json\/wp\/v2\/users\/2"}],"replies":[{"embeddable":true,"href":"https:\/\/www.europesays.com\/fr\/wp-json\/wp\/v2\/comments?post=320275"}],"version-history":[{"count":0,"href":"https:\/\/www.europesays.com\/fr\/wp-json\/wp\/v2\/posts\/320275\/revisions"}],"wp:featuredmedia":[{"embeddable":true,"href":"https:\/\/www.europesays.com\/fr\/wp-json\/wp\/v2\/media\/1445"}],"wp:attachment":[{"href":"https:\/\/www.europesays.com\/fr\/wp-json\/wp\/v2\/media?parent=320275"}],"wp:term":[{"taxonomy":"category","embeddable":true,"href":"https:\/\/www.europesays.com\/fr\/wp-json\/wp\/v2\/categories?post=320275"},{"taxonomy":"post_tag","embeddable":true,"href":"https:\/\/www.europesays.com\/fr\/wp-json\/wp\/v2\/tags?post=320275"}],"curies":[{"name":"wp","href":"https:\/\/api.w.org\/{rel}","templated":true}]}}