{"id":320276,"date":"2025-08-15T06:38:13","date_gmt":"2025-08-15T06:38:13","guid":{"rendered":"https:\/\/www.europesays.com\/fr\/320276\/"},"modified":"2025-08-15T06:38:13","modified_gmt":"2025-08-15T06:38:13","slug":"spectacle-ballets-compagnie-acontretemps-a-toulon-theatre-jules-verne-bandol-billets-reservations-dates","status":"publish","type":"post","link":"https:\/\/www.europesays.com\/fr\/320276\/","title":{"rendered":"Spectacle Ballets &#8211; Compagnie Acontretemps \u00e0 Toulon, Th\u00e9\u00e2tre Jules Verne Bandol : billets, r\u00e9servations, dates"},"content":{"rendered":"<p class=\"intro\">Ballets &#8211; Compagnie Acontretemps, un spectacle \u00e0 voir \u00e0 Toulon (Th\u00e9\u00e2tre Jules Verne Bandol), le 24 avril 2026. Toutes les informations pratiques (tarifs, billetterie, plan de salle) pour ce spectacle sont \u00e0 retrouver sur cette page. R\u00e9servez d\u00e8s maintenant vos places pour assister \u00e0 ce <a href=\"https:\/\/www.jds.fr\/toulon\/agenda\/sorties-culturelles-spectacles-expositions-cinema-470_B\" rel=\"nofollow noopener\" target=\"_blank\">spectacle \u00e0 Toulon<\/a>\u00a0!<\/p>\n<p><img decoding=\"async\" loading=\"lazy\" src=\"https:\/\/www.europesays.com\/fr\/wp-content\/uploads\/2025\/08\/compagnie-acontretemps-tickets_428164_3493522_222x222.jpg\" alt=\"Ballets - Compagnie Acontretemps\" class=\"border\"\/><\/p>\n<p><strong>Pr\u00e9sent\u00e9 par Th\u00e9\u00e2tre Jules Verne<\/strong> (1-10116762\/2-1016763\/3-10167664).<\/p>\n<p>\u00ab Le soleil sous la mer, myst\u00e9rieuse aurore, <br \/>\u00c9claire la for\u00eat des coraux abyssins <br \/>Qui m\u00eale, aux profondeurs de ses ti\u00e8des bassins, <br \/>La b\u00eate \u00e9panouie et la vivante flore\u2026<\/p>\n<p>\u2026De sa splendide \u00e9caille \u00e9teignant les \u00e9maux, <br \/>Un grand poisson navigue \u00e0 travers les rameaux <br \/>Dans l&rsquo;ombre transparente indolemment il r\u00f4de <br \/>Et, brusquement, d&rsquo;un coup de sa nageoire en feu <br \/>Il fait, par le cristal morne, immobile et bleu, <br \/>Courir un frisson d&rsquo;or, de nacre et d&rsquo;\u00e9meraude\u00a0\u00bb<\/p>\n<p><strong>N\u00e9r\u00e9\u00efdes<\/strong> plonge les spectateurs dans un monde tout en couleurs, dans lequel des \u00eatres imaginaires vont et viennent, avec humour et fantaisie, au gr\u00e9 des courants\u2026<\/p>\n<p>Port\u00e9 par les musiques contemporaines, si belles, des 2 compositeurs choisis, ce ballet peut captiver et emporter tous les publics, des plus jeunes aux plus \u00e2g\u00e9s dot\u00e9s d\u2019un c\u0153ur d\u2019enfant et d\u2019imagination\u2026<\/p>\n<p class=\"font-size-30 fw-bold lh-1 mt-0 mb-4\">Je trouve les meilleures sorties dans ma ville<\/p>\n","protected":false},"excerpt":{"rendered":"Ballets &#8211; Compagnie Acontretemps, un spectacle \u00e0 voir \u00e0 Toulon (Th\u00e9\u00e2tre Jules Verne Bandol), le 24 avril 2026.&hellip;\n","protected":false},"author":2,"featured_media":320277,"comment_status":"","ping_status":"","sticky":false,"template":"","format":"standard","meta":{"footnotes":""},"categories":[9619],"tags":[1111,11,1777,674,1011,27,12,882,25,2310],"class_list":{"0":"post-320276","1":"post","2":"type-post","3":"status-publish","4":"format-standard","5":"has-post-thumbnail","7":"category-toulon","8":"tag-actu","9":"tag-actualites","10":"tag-eu","11":"tag-europe","12":"tag-fr","13":"tag-france","14":"tag-news","15":"tag-provence-alpes-cote-dazur","16":"tag-republique-francaise","17":"tag-toulon"},"share_on_mastodon":{"url":"https:\/\/pubeurope.com\/@fr\/115031409368834716","error":""},"_links":{"self":[{"href":"https:\/\/www.europesays.com\/fr\/wp-json\/wp\/v2\/posts\/320276","targetHints":{"allow":["GET"]}}],"collection":[{"href":"https:\/\/www.europesays.com\/fr\/wp-json\/wp\/v2\/posts"}],"about":[{"href":"https:\/\/www.europesays.com\/fr\/wp-json\/wp\/v2\/types\/post"}],"author":[{"embeddable":true,"href":"https:\/\/www.europesays.com\/fr\/wp-json\/wp\/v2\/users\/2"}],"replies":[{"embeddable":true,"href":"https:\/\/www.europesays.com\/fr\/wp-json\/wp\/v2\/comments?post=320276"}],"version-history":[{"count":0,"href":"https:\/\/www.europesays.com\/fr\/wp-json\/wp\/v2\/posts\/320276\/revisions"}],"wp:featuredmedia":[{"embeddable":true,"href":"https:\/\/www.europesays.com\/fr\/wp-json\/wp\/v2\/media\/320277"}],"wp:attachment":[{"href":"https:\/\/www.europesays.com\/fr\/wp-json\/wp\/v2\/media?parent=320276"}],"wp:term":[{"taxonomy":"category","embeddable":true,"href":"https:\/\/www.europesays.com\/fr\/wp-json\/wp\/v2\/categories?post=320276"},{"taxonomy":"post_tag","embeddable":true,"href":"https:\/\/www.europesays.com\/fr\/wp-json\/wp\/v2\/tags?post=320276"}],"curies":[{"name":"wp","href":"https:\/\/api.w.org\/{rel}","templated":true}]}}