{"id":320292,"date":"2025-08-15T06:55:12","date_gmt":"2025-08-15T06:55:12","guid":{"rendered":"https:\/\/www.europesays.com\/fr\/320292\/"},"modified":"2025-08-15T06:55:12","modified_gmt":"2025-08-15T06:55:12","slug":"la-structure-cagnes-sur-mer-installee-en-juin-ne-passe-pas-inapercue-mais-seduit-elle-les-passants","status":"publish","type":"post","link":"https:\/\/www.europesays.com\/fr\/320292\/","title":{"rendered":"La structure #Cagnes-sur-Mer install\u00e9e en juin ne passe pas inaper\u00e7ue: mais s\u00e9duit-elle les passants?"},"content":{"rendered":"<p>Elle attire l\u2019\u0153il. En se promenant sur le bord de mer, tout pr\u00e8s de l\u2019hippodrome, difficile de rater la structure bleue et blanche #Cagnes-sur-Mer, sous-titr\u00e9e \u00ab\u00a0Une ville qui bouge!\u00a0\u00bb, install\u00e9e l\u00e0 le 25 juin, quelques jours avant l\u2019inauguration du pumptrack voisin.<\/p>\n<p>Et non seulement on ne peut pas la rater, mais elle ne manque pas de faire r\u00e9agir les passants, visiteurs comme locaux.<\/p>\n<p>Un aimant \u00e0 touristes<\/p>\n<p>En l\u2019espace d\u2019une demi-heure, une dizaine de passants s\u2019arr\u00eatent pour immortaliser le lieu. Enfants grimpant sur les lettres g\u00e9antes, parents ajustant le cadrage: la sc\u00e8ne se r\u00e9p\u00e8te.<\/p>\n<p>Une famille su\u00e9doise n\u2019y \u00e9chappe pas: \u00ab\u00a0Regardez, c\u2019est le sigle dont parlait l\u2019office de tourisme! \u00a0\u00bb Plus loin, un couple d\u2019Anglais \u00e0 v\u00e9lo arr\u00eate sa balade, intrigu\u00e9. \u00ab\u00a0C\u2019est sympa, \u00e7a change, et le nom de la ville est bien visible. Ce sera facile \u00e0 classer dans les photos\u00a0\u00bb, s\u2019amuse Jenny.<\/p>\n<p>En voiture aussi, difficile de la rater. On l\u00e8ve le pied, on tourne la t\u00eate. Les passagers d\u2019un car touristique arr\u00eat\u00e9 au feu tricolore profitent de l\u2019instant pour mitrailler.<\/p>\n<p>\u00ab\u00a0Je pr\u00e9f\u00e8re la mer\u00a0\u00bb<\/p>\n<p>Mais la structure n\u2019a pas que des fans. \u00ab\u00a0Ce n\u2019est pas le spot photo dont je r\u00eave. Ces #ILove font le buzz mais je n\u2019y vois pas d\u2019int\u00e9r\u00eat. Je pr\u00e9f\u00e8re la mer. A Nice, tout le monde pose devant. Nous, on ne s\u2019est pas arr\u00eat\u00e9s\u00a0\u00bb, r\u00e9plique Caroline. Un touriste belge, un brin blas\u00e9, s\u2019arr\u00eate: \u00ab\u00a0C\u2019est un hashtag parmi tant d\u2019autres. En Wallonie, il y en a partout\u2026 C\u2019est un d\u00e9tail dans le paysage.\u00a0\u00bb<\/p>\n<p>Et les Cagnois dans tout \u00e7a? On croise Marie, qui parle d\u2019un \u00ab\u00a0joujou\u00a0\u00bb qu\u2019elle a \u00ab\u00a0vu \u00e0 la t\u00e9l\u00e9\u00a0\u00bb: \u00ab\u00a0C\u2019est sympa, \u00e7a change.\u00a0\u00bb<\/p>\n<p>St\u00e9phanie, qui accompagne sa fille au pumptrack, trouve la structure \u00ab\u00a0plut\u00f4t jolie, m\u00eame si beaucoup la trouvent trop grosse et trop voyante\u00a0\u00bb. En plus, \u00ab\u00a0juste apr\u00e8s le pont entre Villeneuve-Loubet et Cagnes-sur-Mer, elle marque un rep\u00e8re\u00a0\u00bb. <\/p>\n<p>De loin, Jacques, un curieux, tend l\u2019oreille. Et opine: \u00ab\u00a0Cagnes-sur-Mer cherche \u00e0 se d\u00e9marquer et rajeunir son image. C\u2019est la suite logique. Pour s\u2019inscrire dans l\u2019air du temps, il fallait un symbole. Le voici.\u00a0\u00bb Au-del\u00e0 du simple d\u00e9cor, le #Cagnes-sur-Mer incarne pour lui une strat\u00e9gie de communication assum\u00e9e.<\/p>\n<p>La quadra comme l\u2019octog\u00e9naire voient juste: \u00e0 son installation, la Ville \u00e9voquait un \u00ab\u00a0totem urbain\u00a0\u00bb vou\u00e9 \u00e0 \u00ab\u00a0devenir un symbole fort de notre identit\u00e9\u00a0\u00bb, \u00ab\u00a0pens\u00e9 comme un point de rep\u00e8re embl\u00e9matique\u00a0\u00bb. Dans cette structure, la municipalit\u00e9 dirig\u00e9e par Louis N\u00e8gre voit encore \u00ab\u00a0une volont\u00e9 assum\u00e9e de renforcer la visibilit\u00e9 et la notori\u00e9t\u00e9 de la commune, en conjuguant esth\u00e9tisme, attractivit\u00e9 et strat\u00e9gie de communication territoriale\u00a0\u00bb.<\/p>\n<p>Et dans les communes alentour ?<\/p>\n<p>Avant Cagnes, plusieurs communes avaient c\u00e9d\u00e9 \u00e0 la mode du hashtag. \u00c0 Nice, la structure install\u00e9e il y a presque dix ans est devenue un lieu passage incontournable et l\u2019un des spots pr\u00e9f\u00e9r\u00e9s des vacanciers comme des Ni\u00e7ois.<\/p>\n<p>M\u00eame chose \u00e0 Tourrettes-sur-Loup, o\u00f9 le spot \u00e0 selfies cr\u00e9\u00e9 l\u2019ann\u00e9e derni\u00e8re \u00e0 l\u2019entr\u00e9e du village m\u00e9di\u00e9val conna\u00eet son petit succ\u00e8s.<\/p>\n<p>\u00c0 Gatti\u00e8res, o\u00f9 une structure similaire a \u00e9t\u00e9 install\u00e9e en 2018 en hommage \u00e0 une famille du village d\u00e9cim\u00e9e lors de l\u2019attentat de la promenade des Anglais, elle \u00ab\u00a0fait partie du cadre\u00a0\u00bb sans \u00eatre devenue une attraction, explique la maire Pascale Guit-Nicol: \u00ab\u00a0Peu de touristes font le d\u00e9tour. L\u2019id\u00e9e est sympa, originale, rien de plus.\u00a0\u00bb<\/p>\n","protected":false},"excerpt":{"rendered":"Elle attire l\u2019\u0153il. En se promenant sur le bord de mer, tout pr\u00e8s de l\u2019hippodrome, difficile de rater&hellip;\n","protected":false},"author":2,"featured_media":320293,"comment_status":"","ping_status":"","sticky":false,"template":"","format":"standard","meta":{"footnotes":""},"categories":[2819],"tags":[1111,11,1777,674,1011,27,12,2401,882,25,3366],"class_list":{"0":"post-320292","1":"post","2":"type-post","3":"status-publish","4":"format-standard","5":"has-post-thumbnail","7":"category-nice","8":"tag-actu","9":"tag-actualites","10":"tag-eu","11":"tag-europe","12":"tag-fr","13":"tag-france","14":"tag-news","15":"tag-nice","16":"tag-provence-alpes-cote-dazur","17":"tag-republique-francaise","18":"tag-vie-locale"},"share_on_mastodon":{"url":"https:\/\/pubeurope.com\/@fr\/115031475693144271","error":""},"_links":{"self":[{"href":"https:\/\/www.europesays.com\/fr\/wp-json\/wp\/v2\/posts\/320292","targetHints":{"allow":["GET"]}}],"collection":[{"href":"https:\/\/www.europesays.com\/fr\/wp-json\/wp\/v2\/posts"}],"about":[{"href":"https:\/\/www.europesays.com\/fr\/wp-json\/wp\/v2\/types\/post"}],"author":[{"embeddable":true,"href":"https:\/\/www.europesays.com\/fr\/wp-json\/wp\/v2\/users\/2"}],"replies":[{"embeddable":true,"href":"https:\/\/www.europesays.com\/fr\/wp-json\/wp\/v2\/comments?post=320292"}],"version-history":[{"count":0,"href":"https:\/\/www.europesays.com\/fr\/wp-json\/wp\/v2\/posts\/320292\/revisions"}],"wp:featuredmedia":[{"embeddable":true,"href":"https:\/\/www.europesays.com\/fr\/wp-json\/wp\/v2\/media\/320293"}],"wp:attachment":[{"href":"https:\/\/www.europesays.com\/fr\/wp-json\/wp\/v2\/media?parent=320292"}],"wp:term":[{"taxonomy":"category","embeddable":true,"href":"https:\/\/www.europesays.com\/fr\/wp-json\/wp\/v2\/categories?post=320292"},{"taxonomy":"post_tag","embeddable":true,"href":"https:\/\/www.europesays.com\/fr\/wp-json\/wp\/v2\/tags?post=320292"}],"curies":[{"name":"wp","href":"https:\/\/api.w.org\/{rel}","templated":true}]}}