{"id":320298,"date":"2025-08-15T06:58:18","date_gmt":"2025-08-15T06:58:18","guid":{"rendered":"https:\/\/www.europesays.com\/fr\/320298\/"},"modified":"2025-08-15T06:58:18","modified_gmt":"2025-08-15T06:58:18","slug":"pastore-consultant-de-prestige-pour-le-premier-match-du-dimanche-soir-sur-ligue-1-2","status":"publish","type":"post","link":"https:\/\/www.europesays.com\/fr\/320298\/","title":{"rendered":"Pastore, consultant de prestige pour le premier match du dimanche soir sur Ligue 1+"},"content":{"rendered":"<p class=\"mb-4 text-lg md:leading-8 break-words\">Un consultant de luxe pour <a href=\"https:\/\/fr.news.yahoo.com\/sport\/implication-joueurs-contenus-attractifs-lutte-050113644.html\" data-ylk=\"slk:Ligue 1+;elm:context_link;itc:0;sec:content-canvas;outcm:mb_qualified_link;_E:mb_qualified_link;ct:story;\" class=\"link  yahoo-link\" target=\"_blank\" rel=\"noopener\">Ligue 1+<\/a>. La nouvelle cha\u00eene de la Ligue a mis les petits plats dans les grands pour la journ\u00e9e de reprise de la <a href=\"https:\/\/rmcsport.bfmtv.com\/football\/ligue-1\/\" rel=\"nofollow noopener\" target=\"_blank\" data-ylk=\"slk:Ligue 1;elm:context_link;itc:0;sec:content-canvas\" class=\"link \">Ligue 1<\/a>, en recrutant pour le temps d&rsquo;une soir\u00e9e un invit\u00e9 de marque: Javier Pastore.<\/p>\n<p class=\"mb-4 text-lg md:leading-8 break-words\">L&rsquo;ancienne star du Paris Saint-Germain interviendra en tant que consultant lors de Nantes-PSG, dimanche soir. Une rencontre <a href=\"https:\/\/fr.news.yahoo.com\/sport\/ligue-1-pourquoi-nantes-psg-133833214.html\" data-ylk=\"slk:que la cha\u00eene a d\u00e9cid\u00e9 de diffuser en clair;elm:context_link;itc:0;sec:content-canvas;outcm:mb_qualified_link;_E:mb_qualified_link;ct:story;\" class=\"link  yahoo-link\" target=\"_blank\" rel=\"noopener\">que la cha\u00eene a d\u00e9cid\u00e9 de diffuser en clair<\/a> \u00e0 20h45 afin de faire d\u00e9couvrir sa plateforme au plus grand nombre.<\/p>\n<p>Un autre ex du PSG avec Pastore<\/p>\n<p class=\"mb-4 text-lg md:leading-8 break-words\">Intervenant de luxe, \u00ab\u00a0El Flaco\u00a0\u00bb rappellera de beaux souvenirs aux fans parisiens, lui qui a marqu\u00e9 le PSG par son passage de 2011 \u00e0 2018. A ses c\u00f4t\u00e9s \u00e0 la Beaujoire, l&rsquo;Argentin sera accompagn\u00e9 de Marina Lorenzo et d\u2019un autre consultant, Guillaume Hoarau, ancien joueur du PSG lui aussi (2008-13).<\/p>\n<p class=\"mb-4 text-lg md:leading-8 break-words\">Le match Nantes-PSG, quatre jours apr\u00e8s <a href=\"https:\/\/rmcsport.bfmtv.com\/football\/supercoupe-d-europe\/direct-psg-tottenham-suivez-la-supercoupe-d-europe-a-udine-en-live_LS-202508130320.html\" rel=\"nofollow noopener\" target=\"_blank\" data-ylk=\"slk:la victoire contre Tottenham en Supercoupe d\u2019Europe aux tirs au but;elm:context_link;itc:0;sec:content-canvas\" class=\"link \">la victoire contre Tottenham en Supercoupe d\u2019Europe aux tirs au but<\/a>, sera \u00e0 suivre sur la plateforme Ligue 1+, diffuseur principal du Championnat. Plusieurs offres existent pour s&rsquo;abonner, dont celle propos\u00e9e par <b><a href=\"https:\/\/fr.news.yahoo.com\/sport\/ligue-1-nouvelle-cha%C3%AEne-ligue-120045271.html\" data-ylk=\"slk:RMC Sport;elm:context_link;itc:0;sec:content-canvas;outcm:mb_qualified_link;_E:mb_qualified_link;ct:story;\" class=\"link  yahoo-link\" target=\"_blank\" rel=\"noopener\">RMC Sport<\/a><\/b>.<\/p>\n<p class=\"mb-4 text-lg md:leading-8 break-words\"><a href=\"https:\/\/rmcsport.bfmtv.com\/football\/ligue-1\/nantes-psg-pastore-consultant-de-prestige-pour-le-premier-match-du-dimanche-soir-sur-ligue-1_AV-202508150112.html#xtor=AL-68\" rel=\"nofollow noopener\" target=\"_blank\" data-ylk=\"slk:Article original publi\u00e9 sur RMC Sport;elm:context_link;itc:0;sec:content-canvas\" class=\"link \">Article original publi\u00e9 sur RMC Sport<\/a><\/p>\n","protected":false},"excerpt":{"rendered":"Un consultant de luxe pour Ligue 1+. La nouvelle cha\u00eene de la Ligue a mis les petits plats&hellip;\n","protected":false},"author":2,"featured_media":320299,"comment_status":"","ping_status":"","sticky":false,"template":"","format":"standard","meta":{"footnotes":""},"categories":[2818],"tags":[1111,11,14559,22813,1777,674,1011,27,45822,16062,66,45823,766,12,2636,93,25],"class_list":{"0":"post-320298","1":"post","2":"type-post","3":"status-publish","4":"format-standard","5":"has-post-thumbnail","7":"category-nantes","8":"tag-actu","9":"tag-actualites","10":"tag-consultant","11":"tag-dimanche-soir","12":"tag-eu","13":"tag-europe","14":"tag-fr","15":"tag-france","16":"tag-guillaume-hoarau","17":"tag-javier-pastore","18":"tag-ligue-1","19":"tag-marina-lorenzo","20":"tag-nantes","21":"tag-news","22":"tag-pays-de-la-loire","23":"tag-psg","24":"tag-republique-francaise"},"share_on_mastodon":{"url":"https:\/\/pubeurope.com\/@fr\/115031487586478159","error":""},"_links":{"self":[{"href":"https:\/\/www.europesays.com\/fr\/wp-json\/wp\/v2\/posts\/320298","targetHints":{"allow":["GET"]}}],"collection":[{"href":"https:\/\/www.europesays.com\/fr\/wp-json\/wp\/v2\/posts"}],"about":[{"href":"https:\/\/www.europesays.com\/fr\/wp-json\/wp\/v2\/types\/post"}],"author":[{"embeddable":true,"href":"https:\/\/www.europesays.com\/fr\/wp-json\/wp\/v2\/users\/2"}],"replies":[{"embeddable":true,"href":"https:\/\/www.europesays.com\/fr\/wp-json\/wp\/v2\/comments?post=320298"}],"version-history":[{"count":0,"href":"https:\/\/www.europesays.com\/fr\/wp-json\/wp\/v2\/posts\/320298\/revisions"}],"wp:featuredmedia":[{"embeddable":true,"href":"https:\/\/www.europesays.com\/fr\/wp-json\/wp\/v2\/media\/320299"}],"wp:attachment":[{"href":"https:\/\/www.europesays.com\/fr\/wp-json\/wp\/v2\/media?parent=320298"}],"wp:term":[{"taxonomy":"category","embeddable":true,"href":"https:\/\/www.europesays.com\/fr\/wp-json\/wp\/v2\/categories?post=320298"},{"taxonomy":"post_tag","embeddable":true,"href":"https:\/\/www.europesays.com\/fr\/wp-json\/wp\/v2\/tags?post=320298"}],"curies":[{"name":"wp","href":"https:\/\/api.w.org\/{rel}","templated":true}]}}