{"id":320312,"date":"2025-08-15T07:05:10","date_gmt":"2025-08-15T07:05:10","guid":{"rendered":"https:\/\/www.europesays.com\/fr\/320312\/"},"modified":"2025-08-15T07:05:10","modified_gmt":"2025-08-15T07:05:10","slug":"les-plus-belles-perles-recueillies-par-loffice-de-tourisme-de-marseille","status":"publish","type":"post","link":"https:\/\/www.europesays.com\/fr\/320312\/","title":{"rendered":"les plus belles perles recueillies par l\u2019office de tourisme de Marseille"},"content":{"rendered":"<p>Il y a cet amateur de foot, venu tout naturellement se recueillir \u00ab\u00a0l\u00e0 o\u00f9 a grandi Zidane\u00a0\u00bb et qu\u2019on retrouve\u2026 <a href=\"https:\/\/www.laprovence.com\/article\/region\/4763607900344114\/a-marseille-sur-la-place-castellane-renovee-chacun-retrouve-des-reperes\" target=\"_blank\" rel=\"noopener\">place Castellane<\/a> (6e), \u00e0 14\u00a0km de <a href=\"https:\/\/www.laprovence.com\/article\/region\/7047479383776514\/incendie-de-marseille-on-a-vu-les-arbres-bruler-sous-nos-fenetres-panique-et-solidarite-a-la-castellane-et-a-verduron\" target=\"_blank\" rel=\"noopener\">la cit\u00e9 de la Castellane<\/a> (15e) o\u00f9 le petit Yazid est devenu Zizou. Il y a ces vacanciers qu\u2019on entend dans le bus 83 se demander o\u00f9 se trouve \u00ab\u00a0la plage des Catamarans\u00a0\u00bb, sans se rendre compte qu\u2019ils viennent de longer <a href=\"https:\/\/laprovence.com\/article\/region\/3591175212915615\/quel-est-limpact-de-l-usage-de-la-creme-solaire-sur-la-plage-des-catalans-a-marseille\" target=\"_blank\" rel=\"noopener\">les Catalans<\/a>.<\/p>\n<p>Et puis il y a ceux qui, avant de se perdre dans les ruelles de Marseille, prennent soin de demander conseil aupr\u00e8s des agents de l\u2019office de tourisme. Pr\u00e9sents aussi bien dans le grand bureau du bas de la Canebi\u00e8re, pris d\u2019assaut d\u00e8s l\u2019ouverture, ces agents sont aussi install\u00e9s dans des dispositifs estivaux \u00ab\u00a0hors les murs\u00a0\u00bb, dans des kiosques am\u00e9nag\u00e9s sur le Vieux-Port, devant le Mucem et Cosquer M\u00e9diterran\u00e9e, au pied de Notre-Dame-de-la-Garde ou encore \u00e0 Luminy et Callelongue, quand ils ne d\u00e9ambulent pas \u00e0 v\u00e9lo du J4 au Panier en passant par<a href=\"https:\/\/www.laprovence.com\/article\/region\/3742650395658714\/spectacles-concerts-cine-en-aout-lete-marseillais-prend-ses-quartiers-au-stade-nautique\" target=\"_blank\" rel=\"noopener\"> le stade nautique Florence-Arthaud<\/a>.<\/p>\n<p>Ces derniers jours, ils sont particuli\u00e8rement sollicit\u00e9s pour vendre des Citypass, des tours de la ville en petit train ou Colorb\u00fcs et des excursions en bateau (r\u00e9servations sur www.marseilleexperience.com).<\/p>\n<p>Tent\u00e9 par une \u00ab\u00a0croisade\u00a0\u00bb dans les calanques\u00a0?<\/p>\n<p>Au gr\u00e9 de leurs contacts cet \u00e9t\u00e9, les agents ont aussi r\u00e9colt\u00e9 quelques jolies perles, collectionn\u00e9es comme autant de pr\u00e9cieuses bulles de po\u00e9sie. Ainsi une dame est-elle venue leur demander \u00ab\u00a0d\u2019o\u00f9 partent les croisades dans les calanques\u00a0\u00bb, donnant aux croisi\u00e8res un c\u00f4t\u00e9 un tantinet guerrier.<\/p>\n","protected":false},"excerpt":{"rendered":"Il y a cet amateur de foot, venu tout naturellement se recueillir \u00ab\u00a0l\u00e0 o\u00f9 a grandi Zidane\u00a0\u00bb et&hellip;\n","protected":false},"author":2,"featured_media":320313,"comment_status":"","ping_status":"","sticky":false,"template":"","format":"standard","meta":{"footnotes":""},"categories":[2814],"tags":[17,1111,11,11690,20,1777,674,1011,27,22193,151,7629,884,12,378,882,16,2035,25],"class_list":{"0":"post-320312","1":"post","2":"type-post","3":"status-publish","4":"format-standard","5":"has-post-thumbnail","7":"category-marseille","8":"tag-17","9":"tag-actu","10":"tag-actualites","11":"tag-bonne","12":"tag-comment","13":"tag-eu","14":"tag-europe","15":"tag-fr","16":"tag-france","17":"tag-leglise","18":"tag-les","19":"tag-maman","20":"tag-marseille","21":"tag-news","22":"tag-plus","23":"tag-provence-alpes-cote-dazur","24":"tag-region","25":"tag-rendre","26":"tag-republique-francaise"},"share_on_mastodon":{"url":"https:\/\/pubeurope.com\/@fr\/115031515052747539","error":""},"_links":{"self":[{"href":"https:\/\/www.europesays.com\/fr\/wp-json\/wp\/v2\/posts\/320312","targetHints":{"allow":["GET"]}}],"collection":[{"href":"https:\/\/www.europesays.com\/fr\/wp-json\/wp\/v2\/posts"}],"about":[{"href":"https:\/\/www.europesays.com\/fr\/wp-json\/wp\/v2\/types\/post"}],"author":[{"embeddable":true,"href":"https:\/\/www.europesays.com\/fr\/wp-json\/wp\/v2\/users\/2"}],"replies":[{"embeddable":true,"href":"https:\/\/www.europesays.com\/fr\/wp-json\/wp\/v2\/comments?post=320312"}],"version-history":[{"count":0,"href":"https:\/\/www.europesays.com\/fr\/wp-json\/wp\/v2\/posts\/320312\/revisions"}],"wp:featuredmedia":[{"embeddable":true,"href":"https:\/\/www.europesays.com\/fr\/wp-json\/wp\/v2\/media\/320313"}],"wp:attachment":[{"href":"https:\/\/www.europesays.com\/fr\/wp-json\/wp\/v2\/media?parent=320312"}],"wp:term":[{"taxonomy":"category","embeddable":true,"href":"https:\/\/www.europesays.com\/fr\/wp-json\/wp\/v2\/categories?post=320312"},{"taxonomy":"post_tag","embeddable":true,"href":"https:\/\/www.europesays.com\/fr\/wp-json\/wp\/v2\/tags?post=320312"}],"curies":[{"name":"wp","href":"https:\/\/api.w.org\/{rel}","templated":true}]}}