{"id":320316,"date":"2025-08-15T07:08:14","date_gmt":"2025-08-15T07:08:14","guid":{"rendered":"https:\/\/www.europesays.com\/fr\/320316\/"},"modified":"2025-08-15T07:08:14","modified_gmt":"2025-08-15T07:08:14","slug":"toute-lactualite-de-ce-vendredi-15-aout-2025-a-lyon","status":"publish","type":"post","link":"https:\/\/www.europesays.com\/fr\/320316\/","title":{"rendered":"Toute l&rsquo;actualit\u00e9 de ce vendredi 15 aout 2025 \u00e0 Lyon"},"content":{"rendered":"<p>A la une de l\u2019info \u00e0 Lyon : un nouveau mur peint \u00e0 Lyon, et plus pr\u00e9cis\u00e9ment \u00e0 V\u00e9nissieux. Nous avons rencontr\u00e9 l\u2019artiste : Mr. Poes et son h\u00e9ros Gilgamesh\u2026<\/p>\n<p>ECOUTEZ LE 1\/4H LYONNAIS\u2026 Toute l\u2019actualit\u00e9 de ce vendredi 15 aout 2025<\/p>\n<p>LE 1\/4H LYONNAIS | vendredi 15 aout 2025<\/p>\n<p>C\u2019est un <strong>1\/4H LYONNAIS<\/strong> quelque peu exceptionnel que nous vous proposons ce vendredi 15 aout\u2026 Une \u00e9dition enregistr\u00e9e \u00e0 une trentaine de m\u00e8tres au-dessus du sol<\/p>\n<p><strong>POES<\/strong> ou <strong>Mr POES<\/strong> nous a invit\u00e9 sur sa nacelle. Le <strong><a href=\"https:\/\/www.artsper.com\/fr\/artistes-contemporains\/france\/362\/poes\" target=\"_blank\" rel=\"noreferrer noopener\">peintre muraliste<\/a><\/strong> n\u2019en est pas \u00e0 son coup d\u2019essai.<\/p>\n<p>N\u00e9 en 1983 dans la r\u00e9gion parisienne \u00e0 une \u00e9poque o\u00f9 le hip-hop faisait ses premiers pas en France, Poes d\u00e9bute le <strong>graff<\/strong> en 1998. S\u2019inspirant de ce qu\u2019il d\u00e9couvre aux 4 coins de l\u2019Europe, l\u2019artiste se forge son propre style. Un <strong>univers color\u00e9, onirique, surr\u00e9aliste, dr\u00f4le<\/strong>\u2026Du petit format au mur peint\u2026\u00a0<\/p>\n<blockquote class=\"instagram-media\" data-instgrm-captioned=\"\" data-instgrm-permalink=\"https:\/\/www.instagram.com\/reel\/DMoFB8aoIPz\/?utm_source=ig_embed&amp;utm_campaign=loading\" data-instgrm-version=\"14\" style=\" background:#FFF; border:0; border-radius:3px; box-shadow:0 0 1px 0 rgba(0,0,0,0.5),0 1px 10px 0 rgba(0,0,0,0.15); margin: 1px; max-width:540px; min-width:326px; padding:0; width:99.375%; width:-webkit-calc(100% - 2px); width:calc(100% - 2px);\"\/>\n<p>Et c\u2019est sur une r\u00e9alisation XXL que <strong>Poes<\/strong> nous\u00a0a invit\u00e9 pour parler de son art. Pr\u00e9cis\u00e9ment \u00e0 <strong>V\u00e9nissieux, rue Maurice Ravel<\/strong>, o\u00f9 le bailleur social <strong>Erilia<\/strong> a confi\u00e9 \u00e0 <strong>Mr Poes<\/strong> et <strong>Jo Ber<\/strong> un mur pignon de 30 m\u00e8tres de hauteur. Pour y raconter en peinture, la fascinante histoire de <strong>Gilgamesh<\/strong>, <strong>h\u00e9ros m\u00e9sopotamien<\/strong>. C\u2019est le premier r\u00e9cit de l\u2019histoire de l\u2019humanit\u00e9. Retrouv\u00e9 sur une dizaine de tablettes en argile et retranscrit aujourd\u2019hui en mode <strong>street-art<\/strong>\u2026<\/p>\n<p>Rencontre avec <strong>Mr POES<\/strong>, bombe en main, dans ce 1\/4H LYONNAIS<\/p>\n<p>Ecoutez aussi : <a href=\"https:\/\/www.lyondemain.fr\/actualite-de-ce-jeudi-14-aout-lyon-info-opsclean-manon-bernard\/\" target=\"_blank\" rel=\"noreferrer noopener\">Toute l\u2019actualit\u00e9 de ce jeudi 14 aout 2025 \u00e0 Lyon<\/a><\/p>\n<p><img fetchpriority=\"high\" decoding=\"async\" width=\"1200\" height=\"675\" src=\"https:\/\/www.europesays.com\/fr\/wp-content\/uploads\/2025\/08\/actualite-de-ce-vendredi-15-aout-2025.jpg\" alt=\"actualit\u00e9 de ce vendredi 15 aout 2025 info \u00e0 Lyon\" class=\"wp-image-251062\"  \/>Retrouvez aussi le Quart d\u2019Heure Lyonnais de Lyon Demain sur les antennes de Radio Pluriel (Lyon). Radio Salam (Lyon, Saint-Etienne et Bourg) et Radio Arm\u00e9nie (Lyon et Vienne)<br \/>\nJ\u2019aime \u00e7a\u00a0:<\/p>\n<p>J\u2019aime chargement\u2026<\/p>\n<p><a class=\"sd-link-color\"\/><\/p>\n<p>\n\tArticles similaires\n<\/p>\n<p>\t\t\t\t<img decoding=\"async\" src=\"https:\/\/www.europesays.com\/fr\/wp-content\/uploads\/2025\/08\/1755241694_501_7866158698e17e8ed633c05e8f8e7fe5d9e057ad78661c4dc34e413abb6b9f19\" alt=\"G\u00e9rald Bouchon\"\/><\/p>\n<p>Pionnier des radios libres, passionn\u00e9 de radio, journaliste et dirigeant de m\u00e9dias \u00e9co-responsables..<\/p>\n<p>\t\t\t<script async src=\"\/\/www.instagram.com\/embed.js\"><\/script><\/p>\n","protected":false},"excerpt":{"rendered":"A la une de l\u2019info \u00e0 Lyon : un nouveau mur peint \u00e0 Lyon, et plus pr\u00e9cis\u00e9ment \u00e0&hellip;\n","protected":false},"author":2,"featured_media":320317,"comment_status":"","ping_status":"","sticky":false,"template":"","format":"standard","meta":{"footnotes":""},"categories":[1889],"tags":[1111,11,2430,45824,1777,674,1011,27,45825,45826,45827,16354,2428,24242,45828,12,38483,25,4375],"class_list":{"0":"post-320316","1":"post","2":"type-post","3":"status-publish","4":"format-standard","5":"has-post-thumbnail","7":"category-lyon","8":"tag-actu","9":"tag-actualites","10":"tag-auvergne-rhone-alpes","11":"tag-erilia","12":"tag-eu","13":"tag-europe","14":"tag-fr","15":"tag-france","16":"tag-fresque-murale","17":"tag-gilgamesh","18":"tag-jo-ber","19":"tag-logement-social","20":"tag-lyon","21":"tag-minguettes","22":"tag-mr-poes","23":"tag-news","24":"tag-peinture-murale","25":"tag-republique-francaise","26":"tag-venissieux"},"share_on_mastodon":{"url":"https:\/\/pubeurope.com\/@fr\/115031527290810070","error":""},"_links":{"self":[{"href":"https:\/\/www.europesays.com\/fr\/wp-json\/wp\/v2\/posts\/320316","targetHints":{"allow":["GET"]}}],"collection":[{"href":"https:\/\/www.europesays.com\/fr\/wp-json\/wp\/v2\/posts"}],"about":[{"href":"https:\/\/www.europesays.com\/fr\/wp-json\/wp\/v2\/types\/post"}],"author":[{"embeddable":true,"href":"https:\/\/www.europesays.com\/fr\/wp-json\/wp\/v2\/users\/2"}],"replies":[{"embeddable":true,"href":"https:\/\/www.europesays.com\/fr\/wp-json\/wp\/v2\/comments?post=320316"}],"version-history":[{"count":0,"href":"https:\/\/www.europesays.com\/fr\/wp-json\/wp\/v2\/posts\/320316\/revisions"}],"wp:featuredmedia":[{"embeddable":true,"href":"https:\/\/www.europesays.com\/fr\/wp-json\/wp\/v2\/media\/320317"}],"wp:attachment":[{"href":"https:\/\/www.europesays.com\/fr\/wp-json\/wp\/v2\/media?parent=320316"}],"wp:term":[{"taxonomy":"category","embeddable":true,"href":"https:\/\/www.europesays.com\/fr\/wp-json\/wp\/v2\/categories?post=320316"},{"taxonomy":"post_tag","embeddable":true,"href":"https:\/\/www.europesays.com\/fr\/wp-json\/wp\/v2\/tags?post=320316"}],"curies":[{"name":"wp","href":"https:\/\/api.w.org\/{rel}","templated":true}]}}