{"id":320318,"date":"2025-08-15T07:09:15","date_gmt":"2025-08-15T07:09:15","guid":{"rendered":"https:\/\/www.europesays.com\/fr\/320318\/"},"modified":"2025-08-15T07:09:15","modified_gmt":"2025-08-15T07:09:15","slug":"lyon-cet-immense-reseau-souterrain-cache-sous-la-part-dieu-climatise-tout-un-quartier","status":"publish","type":"post","link":"https:\/\/www.europesays.com\/fr\/320318\/","title":{"rendered":"Lyon. Cet immense r\u00e9seau souterrain cach\u00e9 sous la Part-Dieu climatise tout un quartier"},"content":{"rendered":"<p>            Par<br \/>\n        <strong><br \/>\n            <a href=\"https:\/\/actu.fr\/auteur\/emma-ressegaire\" title=\"Consulter tous les articles de Emma Ressegaire\" target=\"_blank\" rel=\"noopener\">Emma Ressegaire<\/a><br \/>\n        <\/strong><\/p>\n<p>        Publi\u00e9 le<\/p>\n<p>            15 ao\u00fbt 2025 \u00e0 9h02        <\/p>\n<p>\u00c0 <strong>13 m\u00e8tres sous terre<\/strong>, en face des archives d\u00e9partementales du Rh\u00f4ne situ\u00e9es rue du G\u00e9n\u00e9ral Mouton-Duvernet (<a href=\"https:\/\/actu.fr\/lyon\/\" target=\"_blank\" rel=\"noopener\">Lyon<\/a> 3e), se cache <strong>un r\u00e9seau de froid urbain<\/strong>. Ce dernier, dont le fort vrombissement ne s\u2019entend pas \u00e0 la surface et dont les gros tuyaux s\u2019entrem\u00ealent, produit du froid pour climatiser <strong>une centaine de b\u00e2timents <\/strong>du quartier de la <a href=\"https:\/\/actu.fr\/auvergne-rhone-alpes\/lyon_69123\/lyon-c-est-quoi-ce-nouvel-immeuble-qui-sort-de-terre-a-la-sortie-de-la-gare-part-dieu_63006841.html\" target=\"_blank\" rel=\"noopener\">Part-Dieu<\/a>, dont 96 % sont des b\u00e2timents de bureaux. Au total, ce sont 750 000 m2 de b\u00e2timents qui sont aliment\u00e9s. <br \/>C\u2019est depuis 1971 que le quartier de la Part-Dieu est \u00e9quip\u00e9 d\u2019un r\u00e9seau de froid. \u00ab\u00a0<strong>Quand vous voulez faire du froid, cela g\u00e9n\u00e8re du chaud<\/strong> et les climatisations basiques fonctionnent comme \u00e7a. Typiquement, c\u2019est le pire que l\u2019on puisse faire car cela cr\u00e9e des gros \u00eelots de chaleur\u00a0\u00bb, rappelle G\u00e9rald Campbell-Robertson, directeur g\u00e9n\u00e9ral d\u2019ELM (fili\u00e8re du groupe Dalkia).<\/p>\n<p>Utiliser les eaux pomp\u00e9es par les parkings<\/p>\n<p class=\" wall-content\">Pour \u00e9viter cela, en 2019, Dalkia, l\u2019op\u00e9rateur du site, a construit une nouvelle centrale dot\u00e9e d\u2019une <strong>technologie de r\u00e9cup\u00e9ration de g\u00e9othermie unique<\/strong>.<\/p>\n<p class=\" wall-content\">Ici, Dalkia utilise les eaux d\u2019exhaure, des eaux issues de la nappe phr\u00e9atique profonde qui sont <strong>pomp\u00e9es par les parkings LPA de la Part-Dieu<\/strong>. \u00ab\u00a0Les parkings pompent de l\u2019eau pour \u00e9viter d\u2019\u00eatre inond\u00e9s. 1 000 m3 par heure soit l\u2019\u00e9quivalent d\u2019une piscine olympique. Mais jusqu\u2019\u00e0 pr\u00e9sent, ils n\u2019en faisaient rien\u00a0\u00bb, indique le directeur g\u00e9n\u00e9ral. Ainsi, l\u2019\u00e9nergie est dite \u00ab\u00a0fatale\u00a0\u00bb. Par cons\u00e9quent, Dalkia a souhait\u00e9 r\u00e9cup\u00e9rer cette eau pour pouvoir<strong> refroidir ses machines de production de froid<\/strong>.<\/p>\n<p class=\" wall-content\">Ainsi, l\u2019eau froide pomp\u00e9e par les parkings est envoy\u00e9e sur cette centrale via un r\u00e9seau d\u2019un kilom\u00e8tre de long. Celle-ci refroidit les machines de production et est r\u00e9inject\u00e9e dans la nappe phr\u00e9atique de surface \u00e0 des temp\u00e9ratures inf\u00e9rieures ce qui la refroidit. Parall\u00e8lement, les <strong>machines de ce r\u00e9seau de froid urbain produisent de l\u2019eau glac\u00e9e, \u00e0 5 \u00b0C<\/strong>. Celle-ci est distribu\u00e9e dans un r\u00e9seau de 14 km en cycle ferm\u00e9 et alimente chacun des b\u00e2timents raccord\u00e9s \u00e0 ce r\u00e9seau comme le centre commercial de Westfield La Part-Dieu.<\/p>\n<p>    <img   decoding=\"async\" loading=\"lazy\" src=\"https:\/\/www.europesays.com\/fr\/wp-content\/uploads\/2025\/08\/centrale-de-mouyon-duvernet-960x640.jpg\" alt=\"Le syst\u00e8me du r\u00e9seau de froid urbain du quartier de la Part-Dieu\" width=\"960\" height=\"640\"\/><br \/>\n    Le syst\u00e8me du r\u00e9seau de froid urbain du quartier de la Part-Dieu (\u00a9Lyon Part-Dieu)Stocker l\u2019eau pour les pics de consommation<\/p>\n<p class=\" wall-content\">Cette centrale Mouton-Duvernet fonctionne <strong>24h\/24 et 7j\/7<\/strong>. Mais quand les besoins en froid sont tr\u00e8s bas, l\u2019\u00e9nergie est stock\u00e9e sous forme de glace dans quatre bacs g\u00e9ants. Ainsi, les machines ne produisent plus de l\u2019eau \u00e0 5\u00b0C, mais \u00e0 -5\u00b0C. Et lors des pics de consommation, notamment en milieu de journ\u00e9e, cette glace va \u00eatre fondue ce qui va <strong>doubler la capacit\u00e9 de production<\/strong> avec les m\u00eames moyens de production.<\/p>\n<p>    <img   decoding=\"async\" loading=\"lazy\" src=\"https:\/\/www.europesays.com\/fr\/wp-content\/uploads\/2025\/08\/reseau-de-froid-urbain-960x640.jpg\" alt=\"L'eau pomp\u00e9e par les parkings de la Part-Dieu est valoris\u00e9e pour produire une \u00e9nergie froide renouvelable.\" width=\"960\" height=\"640\"\/><br \/>\n    L\u2019eau pomp\u00e9e par les parkings de la Part-Dieu est valoris\u00e9e pour produire une \u00e9nergie froide renouvelable. (\u00a9Emma Ressegaire \/ actu Lyon)Bient\u00f4t pour les particuliers ?<\/p>\n<p class=\" wall-content\">Cette technique, G\u00e9rald Campbell-Robertson aimerait <strong>l\u2019\u00e9tendre aux particuliers<\/strong> car cela produit beaucoup de froid tout en consommant peu. Toutefois, les b\u00e2timents d\u00e9j\u00e0 construits ne sont pas pr\u00e9vus pour.<\/p>\n<p class=\" wall-content\">\u00ab\u00a0On a aujourd\u2019hui une obligation de raccordement aux r\u00e9seaux de chaleur mais pas sur le froid donc <strong>il faudrait une l\u00e9gislation<\/strong> qui obligerait l\u2019utilisation du r\u00e9seau de froid urbain. Concernant, les logements neufs, il faudrait le pr\u00e9voir \u00e0 la construction. Pour les logements anciens, il faudrait essayer de trouver des solutions qui permettraient de distribuer ce froid dans les logements sans refaire la totalit\u00e9 des investissements et des installations\u00a0\u00bb, conclut le directeur g\u00e9n\u00e9ral.<\/p>\n<p class=\" wall-content\">Suivez toute l\u2019actualit\u00e9 de vos villes et m\u00e9dias favoris en vous inscrivant \u00e0 <a href=\"https:\/\/moncompte.actu.fr\" title=\"D\u00e9couvez Mon Actu\" rel=\"nofollow noopener\" data-trk=\"{&quot;cta&quot;:{&quot;action&quot;:&quot;https:\\\/\\\/moncompte.actu.fr&quot;,&quot;category&quot;:&quot;mon compte&quot;,&quot;from&quot;:&quot;article footer&quot;,&quot;name&quot;:&quot;Mon actu&quot;,&quot;type&quot;:&quot;cta&quot;}}\" target=\"_blank\">Mon Actu<\/a>.<\/p>\n<ul class=\"ac-article-tag wall-content\">\n<li><a href=\"https:\/\/actu.fr\/tag\/lyon-part-dieu\" data-trk=\"{&quot;cta&quot;:{&quot;action&quot;:&quot;Lyon Part-Dieu&quot;,&quot;category&quot;:&quot;tag&quot;,&quot;from&quot;:&quot;article footer&quot;,&quot;name&quot;:&quot;Lyon Part-Dieu&quot;,&quot;type&quot;:&quot;cta&quot;}}\" target=\"_blank\" rel=\"noopener\">#Lyon Part-Dieu<\/a><\/li>\n<li><a href=\"https:\/\/actu.fr\/tag\/transition-energetique\" data-trk=\"{&quot;cta&quot;:{&quot;action&quot;:&quot;Transition \\u00e9nerg\\u00e9tique&quot;,&quot;category&quot;:&quot;tag&quot;,&quot;from&quot;:&quot;article footer&quot;,&quot;name&quot;:&quot;Transition \\u00e9nerg\\u00e9tique&quot;,&quot;type&quot;:&quot;cta&quot;}}\" target=\"_blank\" rel=\"noopener\">#Transition \u00e9nerg\u00e9tique<\/a><\/li>\n<\/ul>\n","protected":false},"excerpt":{"rendered":"Par Emma Ressegaire Publi\u00e9 le 15 ao\u00fbt 2025 \u00e0 9h02 \u00c0 13 m\u00e8tres sous terre, en face des&hellip;\n","protected":false},"author":2,"featured_media":308879,"comment_status":"","ping_status":"","sticky":false,"template":"","format":"standard","meta":{"footnotes":""},"categories":[1889],"tags":[1111,11,2430,1777,674,1011,27,2428,6178,12,25,104,4426],"class_list":{"0":"post-320318","1":"post","2":"type-post","3":"status-publish","4":"format-standard","5":"has-post-thumbnail","7":"category-lyon","8":"tag-actu","9":"tag-actualites","10":"tag-auvergne-rhone-alpes","11":"tag-eu","12":"tag-europe","13":"tag-fr","14":"tag-france","15":"tag-lyon","16":"tag-lyon-part-dieu","17":"tag-news","18":"tag-republique-francaise","19":"tag-societe","20":"tag-transition-energetique"},"share_on_mastodon":{"url":"https:\/\/pubeurope.com\/@fr\/115031530838400222","error":""},"_links":{"self":[{"href":"https:\/\/www.europesays.com\/fr\/wp-json\/wp\/v2\/posts\/320318","targetHints":{"allow":["GET"]}}],"collection":[{"href":"https:\/\/www.europesays.com\/fr\/wp-json\/wp\/v2\/posts"}],"about":[{"href":"https:\/\/www.europesays.com\/fr\/wp-json\/wp\/v2\/types\/post"}],"author":[{"embeddable":true,"href":"https:\/\/www.europesays.com\/fr\/wp-json\/wp\/v2\/users\/2"}],"replies":[{"embeddable":true,"href":"https:\/\/www.europesays.com\/fr\/wp-json\/wp\/v2\/comments?post=320318"}],"version-history":[{"count":0,"href":"https:\/\/www.europesays.com\/fr\/wp-json\/wp\/v2\/posts\/320318\/revisions"}],"wp:featuredmedia":[{"embeddable":true,"href":"https:\/\/www.europesays.com\/fr\/wp-json\/wp\/v2\/media\/308879"}],"wp:attachment":[{"href":"https:\/\/www.europesays.com\/fr\/wp-json\/wp\/v2\/media?parent=320318"}],"wp:term":[{"taxonomy":"category","embeddable":true,"href":"https:\/\/www.europesays.com\/fr\/wp-json\/wp\/v2\/categories?post=320318"},{"taxonomy":"post_tag","embeddable":true,"href":"https:\/\/www.europesays.com\/fr\/wp-json\/wp\/v2\/tags?post=320318"}],"curies":[{"name":"wp","href":"https:\/\/api.w.org\/{rel}","templated":true}]}}