{"id":320319,"date":"2025-08-15T07:11:24","date_gmt":"2025-08-15T07:11:24","guid":{"rendered":"https:\/\/www.europesays.com\/fr\/320319\/"},"modified":"2025-08-15T07:11:24","modified_gmt":"2025-08-15T07:11:24","slug":"ile-de-france-a-mi-mandat-valerie-pecresse-sillonne-les-quatre-coins-du-departement-pour-echanger-avec-les-seine-et-marnais","status":"publish","type":"post","link":"https:\/\/www.europesays.com\/fr\/320319\/","title":{"rendered":"Ile-de-France : A mi-mandat, Val\u00e9rie P\u00e9cresse sillonne les quatre coins du d\u00e9partement pour \u00e9changer avec les seine-et-marnais"},"content":{"rendered":"<p>            <img loading=\"lazy\" decoding=\"async\" width=\"696\" height=\"625\" class=\"entry-thumb\" src=\"https:\/\/www.europesays.com\/fr\/wp-content\/uploads\/2025\/08\/WhatsApp-Image-2025-05-07-a-22.00.34_fc0152c9.jpg\"   alt=\"\" title=\"WhatsApp Image 2025-05-07 \u00e0 22.00.34_fc0152c9\"\/><\/p>\n<p><strong>Ma R\u00e9gion change ma vie, l\u2019op\u00e9ration de mi-mandat.<\/strong> <a href=\"https:\/\/www.crazyradio.fr\/2025\/06\/festival-des-2-rivieres-gallowstreet-nirek-mokar-et-earth-wind-and-fire-les-artistes-se-succedent-a-notre-micro\/\" rel=\"nofollow noopener\" target=\"_blank\"><strong>La Fert\u00e9-sous-Jouarre<\/strong><\/a>, Serris, <strong>Roissy-en-Brie<\/strong> ou m\u00eame Meaux\u2026 Pour d\u00e9fendre son bilan de mi-mandat \u00e0 <strong>la R\u00e9gion Ile-de-France<\/strong>, <strong>Val\u00e9rie P\u00e9cresse<\/strong> s\u2019est d\u00e9plac\u00e9e aux quatre coins de la Seine-et-Marne. Le mercredi 7 mai 2025,<strong> la Pr\u00e9sidente<\/strong> est partie \u00e9changer avec <strong>les usagers du RER A<\/strong> (Serris) avant de partir \u00e0 <strong>Meaux<\/strong> pour deux points d\u2019\u00e9tapes : <strong>le lyc\u00e9e Henri Moissan <\/strong>et <strong>l\u2019H\u00f4tel de Ville<\/strong>. <strong>Explications.<\/strong><\/p>\n<p><strong>Des \u00e9changes constructifs.<\/strong> A <strong>Serris<\/strong>, c\u2019est en face de <strong>la gare RER A du Val d\u2019Europe<\/strong> que le camion de <strong>la R\u00e9gion Ile-de-France<\/strong> s\u2019est arr\u00eat\u00e9 quelques heures. A chaque passage, les seine-et-marnais ont m\u00eame pu repartir avec des produits de la r\u00e9gion.<strong> La gare de Serris ? Un arr\u00eat strat\u00e9gique !<\/strong> Aux c\u00f4t\u00e9s de <strong>Philippe Descrouet<\/strong>,<strong> Val\u00e9rie P\u00e9cresse <\/strong>a d\u00e9fendu son bilan de mi-mandat.\u00a0\u00bbNous luttons contre les fractures territoriales, nous voulons vraiment faire la r\u00e9gion des vingt minutes. <strong>On veut r\u00e9\u00e9quilibrer tous les investissements au profit de la grande couronne. <\/strong>\u00c7a passe par le ticket unique \u00e0 2,50 euros pour que chaque seine-et-marnais se sente aussi digne d\u2019int\u00e9r\u00eat et de respect qu\u2019un habitant de Paris. <strong>C\u2019est offrir \u00e0 chaque habitant de la Seine-et-Marne : la m\u00eame qualit\u00e9 de services publics <\/strong>(et les m\u00eames opportunit\u00e9s) qu\u2019\u00e0 Paris.\u00a0\u00bb A la rencontre des passants, <strong>Val\u00e9rie P\u00e9cresse <\/strong>\u00e9tait notamment accompagn\u00e9e par sa Conseill\u00e8re r\u00e9gionale, <strong>Nathalie Tortrat<\/strong>. \u00ab\u00a0Le Libert\u00e9 +, il n\u2019est pas assez connu en Seine-et-Marne. <strong>On devrait \u00eatre les premiers concern\u00e9s\u2026 C\u2019est un billet \u00e0 1,99 euros (avec toutes les interconnexions comprises), il suffit de ne pas sortir. <\/strong><a href=\"https:\/\/www.iledefrance-mobilites.fr\/titres-et-tarifs\/detail\/liberte-plus\" rel=\"nofollow noopener\" target=\"_blank\">Quand on est francilien, autant prendre le Libert\u00e9 +. <\/a>On voyage plus facilement et on va o\u00f9 on veut.\u00a0\u00bb Sur place, <strong>la Pr\u00e9sidente de la R\u00e9gion <\/strong>a notamment pu \u00e9changer avec des habitu\u00e9s du RER A\u2026 Certains d\u2019entre eux n\u2019ont pas h\u00e9sit\u00e9 \u00e0 passer quelques messages. La grande probl\u00e9matique rencontr\u00e9e ? L\u2019accessibilit\u00e9 souvent difficile des transports en communs pour les personnes \u00e0 mobilit\u00e9 r\u00e9duite. <\/p>\n<p><strong>Val\u00e9rie P\u00e9cresse<\/strong>, Pr\u00e9sidente de la R\u00e9gion Ile-de-France et <strong>Nathalie Tortrat<\/strong>, Conseill\u00e8re r\u00e9gionale sont au micro de Crazy Radio<\/p>\n<p><img data-recalc-dims=\"1\" fetchpriority=\"high\" decoding=\"async\" width=\"696\" height=\"522\" data-id=\"56496\" src=\"https:\/\/www.europesays.com\/fr\/wp-content\/uploads\/2025\/08\/WhatsApp-Image-2025-05-07-a-22.00.26_14c696cc.jpg\" alt=\"\" class=\"wp-image-56496\"  \/><\/p>\n<p><img loading=\"lazy\" data-recalc-dims=\"1\" decoding=\"async\" width=\"696\" height=\"522\" data-id=\"56500\" src=\"https:\/\/www.europesays.com\/fr\/wp-content\/uploads\/2025\/08\/WhatsApp-Image-2025-05-07-a-22.00.30_c24f8ebe.jpg\" alt=\"\" class=\"wp-image-56500\"  \/><\/p>\n<p><img loading=\"lazy\" data-recalc-dims=\"1\" decoding=\"async\" width=\"696\" height=\"522\" data-id=\"56498\" src=\"https:\/\/www.europesays.com\/fr\/wp-content\/uploads\/2025\/08\/WhatsApp-Image-2025-05-07-a-22.00.32_fd279aac.jpg\" alt=\"\" class=\"wp-image-56498\"  \/><\/p>\n<p><strong>La s\u00e9curit\u00e9 dans les transports, une dynamique r\u00e9gionale. <\/strong>Apr\u00e8s avoir fait le tour de <strong>la gare du Val d\u2019Europe<\/strong>, <strong>Val\u00e9rie P\u00e9cresse <\/strong>a suivi l\u2019efficacit\u00e9 du dispositif anti-fraude au niveau des arr\u00eats de bus. \u00ab\u00a0Il y a de plus en plus de brigades. Val\u00e9rie le disait\u2026 <strong>Quand on est une femme, il ne faut pas h\u00e9siter \u00e0 le signaler (si on est victime de harc\u00e8lement) et porter plainte. <\/strong>\u00c0 la gare, on a assist\u00e9 au contr\u00f4le des billets pour voir comment \u00e7a se passait.\u00a0\u00bb Si certaines \u00e9ch\u00e9ances approchent, le Conseil r\u00e9gional n\u2019est qu\u2019\u00e0 la moiti\u00e9 de son mandat. Sur place, les seine-et-marnais ont particuli\u00e8rement appr\u00e9ci\u00e9 leurs \u00e9changes avec la Pr\u00e9sidente. \u00ab\u00a0C\u2019est comme \u00e7a qu\u2019on fait avancer les choses\u2026 <strong>Le billet de 1,99 euros n\u2019est pas arriv\u00e9 par hasard. C\u2019est de la discussion qu\u2019est n\u00e9 ce billet<\/strong> (et la fusion de certaines zones).\u00a0\u00bb Apr\u00e8s pr\u00e8s de deux heures sur place, <strong>les \u00e9quipes de la R\u00e9gion Ile-de-France<\/strong> sont parties \u00e0 <strong>Meaux <\/strong>pour deux points d\u2019\u00e9tape : <strong>le lyc\u00e9e Henri Moissan<\/strong> et l\u2019H\u00f4tel de Ville. La visite de <strong>Val\u00e9rie P\u00e9cresse <\/strong>s\u2019est conclue par une r\u00e9union publique \u00e0 <strong>Meaux<\/strong>. \u00ab\u00a0Elle va parler du bilan de la r\u00e9gion pour le local, ce qui impacte le 92 n\u2019impacte pas le 77. <strong>On a parl\u00e9 de la Ligne P qui pose probl\u00e8me\u2026 L\u00e0, il y a un vrai sujet. Val\u00e9rie P\u00e9cresse finance les transports, elle finance les infrastructures et le mat\u00e9riel. <\/strong>Par contre, l\u2019op\u00e9rateur\u2026 Ce n\u2019est pas Val\u00e9rie P\u00e9cresse, ni Ile-de-France Mobilit\u00e9s.\u00a0\u00bb Le collectif de la Ligne P \u00e9tait notamment sur place pour poser quelques questions \u00e0 la Pr\u00e9sidente.<\/p>\n<p><strong>Val\u00e9rie P\u00e9cresse<\/strong>, Pr\u00e9sidente de la R\u00e9gion Ile-de-France, <strong>Vincent Vidal-Naquet<\/strong>, <strong>Thomas Lang <\/strong>et <strong>Leonardo Guedes<\/strong>, professeurs et \u00e9l\u00e8ve au lyc\u00e9e Henri Moissan (Meaux) sont au micro de Crazy Radio<\/p>\n<p><img data-recalc-dims=\"1\" loading=\"lazy\" decoding=\"async\" width=\"696\" height=\"522\" data-id=\"56503\" src=\"https:\/\/www.europesays.com\/fr\/wp-content\/uploads\/2025\/08\/WhatsApp-Image-2025-05-07-a-22.03.14_b1797405.jpg\" alt=\"\" class=\"wp-image-56503\"  \/><\/p>\n<p><img data-recalc-dims=\"1\" loading=\"lazy\" decoding=\"async\" width=\"696\" height=\"522\" data-id=\"56501\" src=\"https:\/\/www.europesays.com\/fr\/wp-content\/uploads\/2025\/08\/WhatsApp-Image-2025-05-07-a-22.04.10_9fafc05e.jpg\" alt=\"\" class=\"wp-image-56501\"  \/><\/p>\n<p><strong>Le lyc\u00e9e Henri Moissan, une visite tr\u00e8s attendue. <\/strong>En janvier, les professeurs, les \u00e9l\u00e8ves et les parents se sont tous mobilis\u00e9s contre les conditions de travail au<strong> lyc\u00e9e Henri Moissan<\/strong> (Meaux). <strong>Chaudi\u00e8re en panne<\/strong>, fen\u00eatres en mauvais \u00e9tat (parfois dangereuses) et <strong>nuisances des pigeons<\/strong>\u2026 Au quotidien, les \u00e9l\u00e8ves comme les professeurs vivent dans un b\u00e2timent v\u00e9tuste. Le mercredi 7 mai 2025, <strong>Val\u00e9rie P\u00e9cresse <\/strong>est partie \u00e0 leur rencontre. \u00ab\u00a0On a obtenu des r\u00e9ponses \u00e0 nos demandes, \u00e7a fait longtemps que ces demandes sont faites\u2026 <strong>On avait l\u2019impression que ces demandes tombaient dans les limbes, on ne sait pas o\u00f9. <\/strong>On n\u2019avait aucunes r\u00e9ponses\u2026\u00a0\u00bb Normalement, les Conseillers r\u00e9gionaux du secteur si\u00e8gent au Conseil d\u2019administration. A <strong>Meaux<\/strong>, <strong>Hamida Rezeg<\/strong> \u00e9tait charg\u00e9e d\u2019y si\u00e9ger\u2026 D\u00e9sormais, c\u2019est <strong>Bernard Lociciro <\/strong>qui si\u00e8ge au Conseil d\u2019administration. \u00ab\u00a0On voit que des travaux sont faits (notamment au niveau des toilettes) mais des probl\u00e8mes ne sont pas trait\u00e9s.<strong> Les toilettes se bouchent et sont inutilisables par les \u00e9l\u00e8ves. <\/strong>On avait l\u2019impression que nos demandes qui \u00e9taient l\u00e9gitimes n\u2019avaient aucune r\u00e9ponse\u2026 <strong>La visite de Val\u00e9rie P\u00e9cresse nous a rassur\u00e9 sur les promesses faites et nous ont l\u00e9gitim\u00e9s dans notre mouvement<\/strong> (et nos demandes).\u00a0\u00bb Des \u00e9tudes sur les toits et le changement de plusieurs fen\u00eatres sont d\u00e9j\u00e0 pr\u00e9vus pour 2026. Les professeurs restent n\u00e9anmoins vigilants quant \u00e0 la suite. \u00ab\u00a0On a vraiment \u00e9t\u00e9 satisfait parce qu\u2019elle a dit : \u2018Vous \u00e9tiez l\u00e9gitimes de gueuler !\u2019 <strong>Franchement, \u00e7a nous a fait plaisir\u2026 <\/strong>Par rapport \u00e0 ce qui avait \u00e9t\u00e9 dit (sur des accusations de manipulations). On avait besoin de faire entendre notre voix. Nous, on le pratique tous les jours ce lyc\u00e9e. On a actuellement<strong> un t\u00e9l\u00e9phone rouge avec la mairie qui nous permet de signaler tous les probl\u00e8mes<\/strong> \u00e0 la mairie qui les transf\u00e9rera \u00e0 la r\u00e9gion.\u00a0\u00bb Pr\u00e9c\u00e9demment, <strong>James Ch\u00e9ron <\/strong>(Vice-Pr\u00e9sident en charge des lyc\u00e9es de la r\u00e9gion) avait d\u00e9j\u00e0 rassur\u00e9 sur des investissements.<\/p>\n<p><a href=\"https:\/\/www.crazyradio.fr\/2025\/06\/festival-des-2-rivieres-gallowstreet-nirek-mokar-et-earth-wind-and-fire-les-artistes-se-succedent-a-notre-micro\/\" rel=\"nofollow noopener\" target=\"_blank\"><strong>La Fert\u00e9-sous-Jouarre<\/strong><\/a><strong>, Serris, Roissy-en-Brie ou m\u00eame Meaux\u2026 Pour d\u00e9fendre son bilan de mi-mandat \u00e0 la R\u00e9gion Ile-de-France, Val\u00e9rie P\u00e9cresse s\u2019est d\u00e9plac\u00e9e aux quatre coins de la Seine-et-Marne. Une dynamique qui ne devrait pas s\u2019essouffler.<\/strong><\/p>\n<p>\n\tSimilaire<\/p>\n","protected":false},"excerpt":{"rendered":"Ma R\u00e9gion change ma vie, l\u2019op\u00e9ration de mi-mandat. La Fert\u00e9-sous-Jouarre, Serris, Roissy-en-Brie ou m\u00eame Meaux\u2026 Pour d\u00e9fendre son&hellip;\n","protected":false},"author":2,"featured_media":320320,"comment_status":"","ping_status":"","sticky":false,"template":"","format":"standard","meta":{"footnotes":""},"categories":[1592],"tags":[1111,11,1777,674,1011,27,662,12,626,25],"class_list":{"0":"post-320319","1":"post","2":"type-post","3":"status-publish","4":"format-standard","5":"has-post-thumbnail","7":"category-ile-de-france","8":"tag-actu","9":"tag-actualites","10":"tag-eu","11":"tag-europe","12":"tag-fr","13":"tag-france","14":"tag-ile-de-france","15":"tag-news","16":"tag-paris","17":"tag-republique-francaise"},"share_on_mastodon":{"url":"https:\/\/pubeurope.com\/@fr\/115031538911535226","error":""},"_links":{"self":[{"href":"https:\/\/www.europesays.com\/fr\/wp-json\/wp\/v2\/posts\/320319","targetHints":{"allow":["GET"]}}],"collection":[{"href":"https:\/\/www.europesays.com\/fr\/wp-json\/wp\/v2\/posts"}],"about":[{"href":"https:\/\/www.europesays.com\/fr\/wp-json\/wp\/v2\/types\/post"}],"author":[{"embeddable":true,"href":"https:\/\/www.europesays.com\/fr\/wp-json\/wp\/v2\/users\/2"}],"replies":[{"embeddable":true,"href":"https:\/\/www.europesays.com\/fr\/wp-json\/wp\/v2\/comments?post=320319"}],"version-history":[{"count":0,"href":"https:\/\/www.europesays.com\/fr\/wp-json\/wp\/v2\/posts\/320319\/revisions"}],"wp:featuredmedia":[{"embeddable":true,"href":"https:\/\/www.europesays.com\/fr\/wp-json\/wp\/v2\/media\/320320"}],"wp:attachment":[{"href":"https:\/\/www.europesays.com\/fr\/wp-json\/wp\/v2\/media?parent=320319"}],"wp:term":[{"taxonomy":"category","embeddable":true,"href":"https:\/\/www.europesays.com\/fr\/wp-json\/wp\/v2\/categories?post=320319"},{"taxonomy":"post_tag","embeddable":true,"href":"https:\/\/www.europesays.com\/fr\/wp-json\/wp\/v2\/tags?post=320319"}],"curies":[{"name":"wp","href":"https:\/\/api.w.org\/{rel}","templated":true}]}}