{"id":320344,"date":"2025-08-15T07:25:11","date_gmt":"2025-08-15T07:25:11","guid":{"rendered":"https:\/\/www.europesays.com\/fr\/320344\/"},"modified":"2025-08-15T07:25:11","modified_gmt":"2025-08-15T07:25:11","slug":"france-supply-chain-lance-un-atelier-visant-a-repenser-les-supply-chains-face-aux-risques-climatiques","status":"publish","type":"post","link":"https:\/\/www.europesays.com\/fr\/320344\/","title":{"rendered":"France Supply Chain lance un atelier visant \u00e0 repenser les supply chains face aux risques climatiques"},"content":{"rendered":"<p>\u00ab En 2040, le secteur de la supply chain sera confront\u00e9 \u00e0 une incertitude quotidienne, exacerb\u00e9e par les cons\u00e9quences du changement climatique \u00bb, affirme France Supply Chain. Apr\u00e8s avoir mobilis\u00e9 pendant un an un collectif d&rsquo;acteurs (industriels, distributeurs, logisticiens, chercheurs, consultants), l&rsquo;association professionnelle annonce le lancement d&rsquo;\u00ab Horizon 2040 \u00bb, un outil permettant aux entreprises d&rsquo;identifier des leviers d&rsquo;adaptation et de r\u00e9silience. Six sc\u00e9narios de prospective, incarn\u00e9s par des artefacts ou objets issus d&rsquo;un futur plausible, ont \u00e9t\u00e9 \u00e9labor\u00e9s, \u00ab pour provoquer une prise de conscience concr\u00e8te \u00bb.<\/p>\n<p>Selon France Supply Chain, la r\u00e9duction des \u00e9missions de CO2 reste essentielle, mais la d\u00e9carbonation seule ne suffit plus. Il est donc n\u00e9cessaire selon l&rsquo;association de repenser les cha\u00eenes d&rsquo;approvisionnement dans une logique d&rsquo;adaptation profonde : sobri\u00e9t\u00e9 \u00e9nerg\u00e9tique et mat\u00e9rielle, circularit\u00e9 des ressources, robustesse des mod\u00e8les logistiques, int\u00e9gration du vivant dans les prises de d\u00e9cision, transformation du management et des conditions de travail, \u00e9cosyst\u00e8mes collaboratifs.<\/p>\n<p>Comment participer ou organiser un atelier Horizon 2040 ?<\/p>\n<p>D\u00e9pos\u00e9 \u00e0 l\u2019INPI et uniquement diffusable au sein des membres de l\u2019association, Horizon 2040 se pr\u00e9sente sous la forme d&rsquo;une mallette de jeu actuellement disponible en trois versions. Son utilisation est soumise \u00e0 la signature et au respect d\u2019une convention de droit d\u2019utilisation. Pour se la procurer ou participer au prochain atelier multi-entreprises, la premi\u00e8re \u00e9tape est de contacter France Supply Chain, qui vous accompagnera afin de choisir la version et les conditions de r\u00e9alisation optimales de votre atelier.<\/p>\n<p>\u00a0<\/p>\n<p><strong>&gt;\u00a0<a href=\"https:\/\/www.francesupplychain.org\/impacts-changement-climatique\/\" target=\"_blank\" rel=\"nofollow noopener\">Plus d&rsquo;informations sur le site de France Supply Chain<\/a><\/strong><\/p>\n<p>\u00a0<\/p>\n<p>\u00c0 lire \u00e9galement :\u00a0<a href=\"https:\/\/www.voxlog.fr\/actualite\/9824\/repenser-les-chaines-d-approvisionnement-a-l-ere-de-l-urgence-climatique\" rel=\"nofollow noopener\" target=\"_blank\">Repenser les cha\u00eenes d&rsquo;approvisionnement \u00e0 l\u2019\u00e8re de l&rsquo;urgence climatique<\/a><\/p>\n","protected":false},"excerpt":{"rendered":"\u00ab En 2040, le secteur de la supply chain sera confront\u00e9 \u00e0 une incertitude quotidienne, exacerb\u00e9e par les&hellip;\n","protected":false},"author":2,"featured_media":320345,"comment_status":"","ping_status":"","sticky":false,"template":"","format":"standard","meta":{"footnotes":""},"categories":[4],"tags":[11,45831,1129,18877,23776,1011,27,45832,12,25,1148,45830],"class_list":{"0":"post-320344","1":"post","2":"type-post","3":"status-publish","4":"format-standard","5":"has-post-thumbnail","7":"category-france","8":"tag-actualites","9":"tag-chaine-dampampampampampamp039approvisionnement","10":"tag-climat","11":"tag-climatique","12":"tag-decarbonation","13":"tag-fr","14":"tag-france","15":"tag-france-supply-chain","16":"tag-news","17":"tag-republique-francaise","18":"tag-risques","19":"tag-supply-chain"},"share_on_mastodon":{"url":"https:\/\/pubeurope.com\/@fr\/115031593691015843","error":""},"_links":{"self":[{"href":"https:\/\/www.europesays.com\/fr\/wp-json\/wp\/v2\/posts\/320344","targetHints":{"allow":["GET"]}}],"collection":[{"href":"https:\/\/www.europesays.com\/fr\/wp-json\/wp\/v2\/posts"}],"about":[{"href":"https:\/\/www.europesays.com\/fr\/wp-json\/wp\/v2\/types\/post"}],"author":[{"embeddable":true,"href":"https:\/\/www.europesays.com\/fr\/wp-json\/wp\/v2\/users\/2"}],"replies":[{"embeddable":true,"href":"https:\/\/www.europesays.com\/fr\/wp-json\/wp\/v2\/comments?post=320344"}],"version-history":[{"count":0,"href":"https:\/\/www.europesays.com\/fr\/wp-json\/wp\/v2\/posts\/320344\/revisions"}],"wp:featuredmedia":[{"embeddable":true,"href":"https:\/\/www.europesays.com\/fr\/wp-json\/wp\/v2\/media\/320345"}],"wp:attachment":[{"href":"https:\/\/www.europesays.com\/fr\/wp-json\/wp\/v2\/media?parent=320344"}],"wp:term":[{"taxonomy":"category","embeddable":true,"href":"https:\/\/www.europesays.com\/fr\/wp-json\/wp\/v2\/categories?post=320344"},{"taxonomy":"post_tag","embeddable":true,"href":"https:\/\/www.europesays.com\/fr\/wp-json\/wp\/v2\/tags?post=320344"}],"curies":[{"name":"wp","href":"https:\/\/api.w.org\/{rel}","templated":true}]}}