{"id":320390,"date":"2025-08-15T07:52:54","date_gmt":"2025-08-15T07:52:54","guid":{"rendered":"https:\/\/www.europesays.com\/fr\/320390\/"},"modified":"2025-08-15T07:52:54","modified_gmt":"2025-08-15T07:52:54","slug":"en-direct-ligue-2-suivez-la-rencontre-as-nancy-lorraine","status":"publish","type":"post","link":"https:\/\/www.europesays.com\/fr\/320390\/","title":{"rendered":"En direct. Ligue 2 : suivez la rencontre AS Nancy Lorraine"},"content":{"rendered":"<p>La f\u00eate tant attendue ne sera pas au rendez-vous, ce vendredi soir \u00e0 Picot pour le grand retour de la Ligue 2 \u00e0 Nancy, en raison des quatre matchs \u00e0 huis clos impos\u00e9s la la F\u00e9d\u00e9ration. C&rsquo;est frustrant pour le public, c&rsquo;est frustrant pour les joueurs. La meilleure fa\u00e7on de se consoler\u00a0? Prendre les 3 points face \u00e0 une \u00e9quipe de l&rsquo;USBCO rep\u00each\u00e9e tardivement dans ce championnat.\u00a0<\/p>\n<p>&#13;<br \/>\n              M.A. &#8211; &#13;<br \/>\n        &#13;<br \/>\n          Aujourd&rsquo;hui \u00e0 05:02&#13;<br \/>\n    &#13;<br \/>\n                  | mis \u00e0 jour aujourd&rsquo;hui \u00e0 08:59&#13;<br \/>\n              &#8211; Temps de lecture : &#13;<br \/>\n  &#13;<\/p>\n","protected":false},"excerpt":{"rendered":"La f\u00eate tant attendue ne sera pas au rendez-vous, ce vendredi soir \u00e0 Picot pour le grand retour&hellip;\n","protected":false},"author":2,"featured_media":320391,"comment_status":"","ping_status":"","sticky":false,"template":"","format":"standard","meta":{"footnotes":""},"categories":[9635],"tags":[1111,11,3703,3545,3602,1707,1704,1706,1705,10174,1777,674,107,1701,63,1011,27,775,1702,12,25,517,1700],"class_list":{"0":"post-320390","1":"post","2":"type-post","3":"status-publish","4":"format-standard","5":"has-post-thumbnail","7":"category-nancy","8":"tag-actu","9":"tag-actualites","10":"tag-asnl","11":"tag-direct-sport","12":"tag-edition-bar-le-duc","13":"tag-edition-luneville","14":"tag-edition-nancy-et-agglomeration","15":"tag-edition-pont-a-mousson","16":"tag-edition-toul","17":"tag-edition-verdun","18":"tag-eu","19":"tag-europe","20":"tag-fil-info","21":"tag-fil-info-sport","22":"tag-football","23":"tag-fr","24":"tag-france","25":"tag-grand-est","26":"tag-nancy","27":"tag-news","28":"tag-republique-francaise","29":"tag-sport","30":"tag-sport-lorrain"},"share_on_mastodon":{"url":"https:\/\/pubeurope.com\/@fr\/115031703703067545","error":""},"_links":{"self":[{"href":"https:\/\/www.europesays.com\/fr\/wp-json\/wp\/v2\/posts\/320390","targetHints":{"allow":["GET"]}}],"collection":[{"href":"https:\/\/www.europesays.com\/fr\/wp-json\/wp\/v2\/posts"}],"about":[{"href":"https:\/\/www.europesays.com\/fr\/wp-json\/wp\/v2\/types\/post"}],"author":[{"embeddable":true,"href":"https:\/\/www.europesays.com\/fr\/wp-json\/wp\/v2\/users\/2"}],"replies":[{"embeddable":true,"href":"https:\/\/www.europesays.com\/fr\/wp-json\/wp\/v2\/comments?post=320390"}],"version-history":[{"count":0,"href":"https:\/\/www.europesays.com\/fr\/wp-json\/wp\/v2\/posts\/320390\/revisions"}],"wp:featuredmedia":[{"embeddable":true,"href":"https:\/\/www.europesays.com\/fr\/wp-json\/wp\/v2\/media\/320391"}],"wp:attachment":[{"href":"https:\/\/www.europesays.com\/fr\/wp-json\/wp\/v2\/media?parent=320390"}],"wp:term":[{"taxonomy":"category","embeddable":true,"href":"https:\/\/www.europesays.com\/fr\/wp-json\/wp\/v2\/categories?post=320390"},{"taxonomy":"post_tag","embeddable":true,"href":"https:\/\/www.europesays.com\/fr\/wp-json\/wp\/v2\/tags?post=320390"}],"curies":[{"name":"wp","href":"https:\/\/api.w.org\/{rel}","templated":true}]}}