{"id":320414,"date":"2025-08-15T08:20:11","date_gmt":"2025-08-15T08:20:11","guid":{"rendered":"https:\/\/www.europesays.com\/fr\/320414\/"},"modified":"2025-08-15T08:20:11","modified_gmt":"2025-08-15T08:20:11","slug":"une-operation-cardiaque-reussie-au-chu-de-bordeaux-pour-une-nouvelle-vie","status":"publish","type":"post","link":"https:\/\/www.europesays.com\/fr\/320414\/","title":{"rendered":"une op\u00e9ration cardiaque r\u00e9ussie au CHU de Bordeaux pour une nouvelle vie"},"content":{"rendered":"<p>Apr\u00e8s plusieurs mois en France, Djouome rentre aujourd\u2019hui en Guin\u00e9e, le c\u0153ur en pleine sant\u00e9. Ce jeune gar\u00e7on souffrait d\u2019une malformation cardiaque qui limitait consid\u00e9rablement ses activit\u00e9s quotidiennes. Essoufflement, fatigue, impossibilit\u00e9 de courir ou de jouer au football faisaient partie de son quotidien.<\/p>\n<p>Tout a chang\u00e9 gr\u00e2ce \u00e0 une <strong>op\u00e9ration cardiaque r\u00e9alis\u00e9e au CHU de Bordeaux<\/strong>. L\u2019\u00e9quipe m\u00e9dicale sp\u00e9cialis\u00e9e a pu r\u00e9parer son c\u0153ur, lui permettant ainsi de retrouver toute son \u00e9nergie. Cette r\u00e9ussite est le fruit d\u2019un travail m\u00e9dical de pointe et d\u2019un accompagnement humain exceptionnel.<\/p>\n<p>Pendant sa convalescence, Djouome a \u00e9t\u00e9 h\u00e9berg\u00e9 par <strong>Catherine et Jean-Jacques<\/strong>, sa famille d\u2019accueil, qui lui ont offert un cadre chaleureux et bienveillant. Cette p\u00e9riode lui a permis de r\u00e9cup\u00e9rer, mais aussi de d\u00e9couvrir de nouvelles activit\u00e9s, comme le v\u00e9lo, qu\u2019il n\u2019aurait pas pu pratiquer auparavant.<\/p>\n<p><img decoding=\"async\" src=\"https:\/\/www.europesays.com\/fr\/wp-content\/uploads\/2025\/08\/529970662_1164080562416098_7835499982578032365_n-820x1024.jpg\" alt=\"\" class=\"wp-image-82289\"\/>Apr\u00e8s plusieurs mois en France, Djouome rentre aujourd\u2019hui en Guin\u00e9e, le c\u0153ur en pleine sant\u00e9. Ce jeune gar\u00e7on souffrait d\u2019une malformation cardiaque qui limitait consid\u00e9rablement ses activit\u00e9s quotidiennes. <\/p>\n<p>\u00c0 son retour en Guin\u00e9e, il retrouvera ses parents et ses deux fr\u00e8res, avec qui il pourra enfin partager des parties de football sans contrainte. L\u2019op\u00e9ration \u00e0 Bordeaux marque donc le d\u00e9but d\u2019une vie active et \u00e9panouie, lib\u00e9r\u00e9e des limites impos\u00e9es par sa maladie.<\/p>\n<p>Ce parcours inspirant s\u2019inscrit dans le programme <strong>Objectif 6000<\/strong>, qui vise \u00e0 sauver 6 000 enfants atteints de pathologies cardiaques d\u2019ici 2026. Chaque intervention, comme celle de Djouome, d\u00e9montre l\u2019impact concret et durable que peut avoir un acc\u00e8s aux soins sp\u00e9cialis\u00e9s.<\/p>\n<p>Pour soutenir cette mission et contribuer \u00e0 offrir \u00e0 d\u2019autres enfants la chance d\u2019\u00eatre op\u00e9r\u00e9s dans des centres d\u2019excellence comme le <strong>CHU de Bordeaux<\/strong>, rendez-vous sur <a class=\"\" href=\"https:\/\/objectif6000.org\" rel=\"nofollow noopener\" target=\"_blank\">objectif6000.org<\/a>. <strong>Belle vie \u00e0 toi Djouome !<\/strong><\/p>\n<p>A lire aussi : <a href=\"https:\/\/www.bougerabordeaux.com\/decouvrir\/sortir\/bordeaux-star-dinstagram-pour-les-photographes-et-touristes-du-monde-entier\/\" rel=\"nofollow noopener\" target=\"_blank\">Bordeaux, star d\u2019Instagram pour les photographes et touristes du monde entier<\/a><\/p>\n","protected":false},"excerpt":{"rendered":"Apr\u00e8s plusieurs mois en France, Djouome rentre aujourd\u2019hui en Guin\u00e9e, le c\u0153ur en pleine sant\u00e9. Ce jeune gar\u00e7on&hellip;\n","protected":false},"author":2,"featured_media":320415,"comment_status":"","ping_status":"","sticky":false,"template":"","format":"standard","meta":{"footnotes":""},"categories":[2817],"tags":[1111,11,1997,1777,674,1011,27,12,2219,25],"class_list":{"0":"post-320414","1":"post","2":"type-post","3":"status-publish","4":"format-standard","5":"has-post-thumbnail","7":"category-bordeaux","8":"tag-actu","9":"tag-actualites","10":"tag-bordeaux","11":"tag-eu","12":"tag-europe","13":"tag-fr","14":"tag-france","15":"tag-news","16":"tag-nouvelle-aquitaine","17":"tag-republique-francaise"},"share_on_mastodon":{"url":"https:\/\/pubeurope.com\/@fr\/115031811274511281","error":""},"_links":{"self":[{"href":"https:\/\/www.europesays.com\/fr\/wp-json\/wp\/v2\/posts\/320414","targetHints":{"allow":["GET"]}}],"collection":[{"href":"https:\/\/www.europesays.com\/fr\/wp-json\/wp\/v2\/posts"}],"about":[{"href":"https:\/\/www.europesays.com\/fr\/wp-json\/wp\/v2\/types\/post"}],"author":[{"embeddable":true,"href":"https:\/\/www.europesays.com\/fr\/wp-json\/wp\/v2\/users\/2"}],"replies":[{"embeddable":true,"href":"https:\/\/www.europesays.com\/fr\/wp-json\/wp\/v2\/comments?post=320414"}],"version-history":[{"count":0,"href":"https:\/\/www.europesays.com\/fr\/wp-json\/wp\/v2\/posts\/320414\/revisions"}],"wp:featuredmedia":[{"embeddable":true,"href":"https:\/\/www.europesays.com\/fr\/wp-json\/wp\/v2\/media\/320415"}],"wp:attachment":[{"href":"https:\/\/www.europesays.com\/fr\/wp-json\/wp\/v2\/media?parent=320414"}],"wp:term":[{"taxonomy":"category","embeddable":true,"href":"https:\/\/www.europesays.com\/fr\/wp-json\/wp\/v2\/categories?post=320414"},{"taxonomy":"post_tag","embeddable":true,"href":"https:\/\/www.europesays.com\/fr\/wp-json\/wp\/v2\/tags?post=320414"}],"curies":[{"name":"wp","href":"https:\/\/api.w.org\/{rel}","templated":true}]}}