{"id":320420,"date":"2025-08-15T08:23:10","date_gmt":"2025-08-15T08:23:10","guid":{"rendered":"https:\/\/www.europesays.com\/fr\/320420\/"},"modified":"2025-08-15T08:23:10","modified_gmt":"2025-08-15T08:23:10","slug":"une-nouvelle-maison-de-sante-va-voir-le-jour-dans-ce-quartier-de-toulouse-sept-praticiens-attendus","status":"publish","type":"post","link":"https:\/\/www.europesays.com\/fr\/320420\/","title":{"rendered":"Une nouvelle maison de sant\u00e9 va voir le jour dans ce quartier de Toulouse, sept praticiens attendus"},"content":{"rendered":"<p>            Par<br \/>\n        <strong><br \/>\n            <a href=\"https:\/\/actu.fr\/auteur\/lucie-2\" title=\"Consulter tous les articles de Lucie Fraisse\" rel=\"nofollow noopener\" target=\"_blank\">Lucie Fraisse<\/a><br \/>\n        <\/strong><\/p>\n<p>        Publi\u00e9 le<\/p>\n<p>            15 ao\u00fbt 2025 \u00e0 9h56        <\/p>\n<p>Une nouvelle maison de sant\u00e9 doit voir le jour \u00e0<strong> Toulouse<\/strong>, <a href=\"https:\/\/actu.fr\/occitanie\/toulouse_31555\/toulouse-ce-quartier-longe-par-le-canal-du-midi-va-completement-changer-de-visage_62972717.html\" rel=\"nofollow noopener\" target=\"_blank\">dans le quartier Saouzelong<\/a>. Son ouverture est pr\u00e9vue pour la <strong>fin 2025<\/strong>, ou plus tard le <strong>d\u00e9but 2026<\/strong>. L\u2019essentiel sur ce projet.<\/p>\n<p>Au rez-de-chauss\u00e9e d\u2019une nouvelle r\u00e9sidence<\/p>\n<p class=\" wall-content\">C\u2019est au rez-de-chauss\u00e9e d\u2019un b\u00e2timent inaugur\u00e9 en 2023 que ce projet doit se concr\u00e9tiser. La maison de sant\u00e9 doit en effet ouvrir au rez-de-chauss\u00e9e <strong>de la r\u00e9sidence Campmas<\/strong>, situ\u00e9e sur l\u2019art\u00e8re centrale de Saouzelong : l\u2019avenue Albert-Bedouce.<\/p>\n<p class=\" wall-content\">Dans cet ensemble de plusieurs dizaines de logements, r\u00e9partis entre <strong>appartements<\/strong> et <strong>maisons<\/strong>, une <strong>maison Toulouse Services<\/strong> a d\u00e9j\u00e0 \u00e9t\u00e9 install\u00e9e au rez-de-chauss\u00e9e. \u00c0 c\u00f4t\u00e9, le local qui servira \u00e0 la future <strong>maison de sant\u00e9<\/strong> vient tout juste d\u2019\u00eatre vendu par CDC habitat. Des <strong>travaux<\/strong> doivent \u00eatre r\u00e9alis\u00e9s avant l\u2019ouverture.<\/p>\n<p>    <a href=\"https:\/\/www.google.com\/maps\/embed?pb=!1m18!1m12!1m3!1d310.4514967373641!2d1.4608662554538103!3d43.580695142119!2m3!1f0!2f0!3f0!3m2!1i1024!2i768!4f13.1!3m3!1m2!1s0x12aebd0079c0ffe1%3A0x52b826ca76937dd!2sMaison%20Toulouse%20Services%20Sauzelong!5e0!3m2!1sfr!2sfr!4v1755164870867!5m2!1sfr!2sfr\" title=\"Ouvrie le lien\" rel=\"nofollow noopener\" target=\"_blank\">Cliquez ici pour visualiser le contenu<\/a><\/p>\n<p>Sept praticiens attendus dont un m\u00e9decin g\u00e9n\u00e9raliste<\/p>\n<p class=\" wall-content\">\u00c0 ce stade, on sait d\u00e9j\u00e0 que les locaux peuvent accueillir <strong>sept praticiens<\/strong>. Et si on ne conna\u00eet pas encore tous les professionnels qui int\u00e9greront la<strong> future maison de sant\u00e9 de Saouzelong<\/strong>, on sait d\u2019ores et d\u00e9j\u00e0 qu\u2019il y aura un <strong>m\u00e9decin g\u00e9n\u00e9raliste<\/strong>, un <strong>orthophoniste<\/strong>, un <strong>kin\u00e9sith\u00e9rapeute<\/strong> et une <strong>infirmi\u00e8re<\/strong>.<\/p>\n<p class=\" wall-content\">Suivez toute l\u2019actualit\u00e9 de vos villes et m\u00e9dias favoris en vous inscrivant \u00e0 <a href=\"https:\/\/moncompte.actu.fr\" title=\"D\u00e9couvez Mon Actu\" rel=\"nofollow noopener\" data-trk=\"{&quot;cta&quot;:{&quot;action&quot;:&quot;https:\\\/\\\/moncompte.actu.fr&quot;,&quot;category&quot;:&quot;mon compte&quot;,&quot;from&quot;:&quot;article footer&quot;,&quot;name&quot;:&quot;Mon actu&quot;,&quot;type&quot;:&quot;cta&quot;}}\" target=\"_blank\">Mon Actu<\/a>.<\/p>\n","protected":false},"excerpt":{"rendered":"Par Lucie Fraisse Publi\u00e9 le 15 ao\u00fbt 2025 \u00e0 9h56 Une nouvelle maison de sant\u00e9 doit voir le&hellip;\n","protected":false},"author":2,"featured_media":320421,"comment_status":"","ping_status":"","sticky":false,"template":"","format":"standard","meta":{"footnotes":""},"categories":[2816],"tags":[1111,11,1777,674,1011,27,12,2680,25,71,104,2312],"class_list":{"0":"post-320420","1":"post","2":"type-post","3":"status-publish","4":"format-standard","5":"has-post-thumbnail","7":"category-toulouse","8":"tag-actu","9":"tag-actualites","10":"tag-eu","11":"tag-europe","12":"tag-fr","13":"tag-france","14":"tag-news","15":"tag-occitanie","16":"tag-republique-francaise","17":"tag-sante","18":"tag-societe","19":"tag-toulouse"},"share_on_mastodon":{"url":"https:\/\/pubeurope.com\/@fr\/115031821721080994","error":""},"_links":{"self":[{"href":"https:\/\/www.europesays.com\/fr\/wp-json\/wp\/v2\/posts\/320420","targetHints":{"allow":["GET"]}}],"collection":[{"href":"https:\/\/www.europesays.com\/fr\/wp-json\/wp\/v2\/posts"}],"about":[{"href":"https:\/\/www.europesays.com\/fr\/wp-json\/wp\/v2\/types\/post"}],"author":[{"embeddable":true,"href":"https:\/\/www.europesays.com\/fr\/wp-json\/wp\/v2\/users\/2"}],"replies":[{"embeddable":true,"href":"https:\/\/www.europesays.com\/fr\/wp-json\/wp\/v2\/comments?post=320420"}],"version-history":[{"count":0,"href":"https:\/\/www.europesays.com\/fr\/wp-json\/wp\/v2\/posts\/320420\/revisions"}],"wp:featuredmedia":[{"embeddable":true,"href":"https:\/\/www.europesays.com\/fr\/wp-json\/wp\/v2\/media\/320421"}],"wp:attachment":[{"href":"https:\/\/www.europesays.com\/fr\/wp-json\/wp\/v2\/media?parent=320420"}],"wp:term":[{"taxonomy":"category","embeddable":true,"href":"https:\/\/www.europesays.com\/fr\/wp-json\/wp\/v2\/categories?post=320420"},{"taxonomy":"post_tag","embeddable":true,"href":"https:\/\/www.europesays.com\/fr\/wp-json\/wp\/v2\/tags?post=320420"}],"curies":[{"name":"wp","href":"https:\/\/api.w.org\/{rel}","templated":true}]}}