{"id":320422,"date":"2025-08-15T08:25:11","date_gmt":"2025-08-15T08:25:11","guid":{"rendered":"https:\/\/www.europesays.com\/fr\/320422\/"},"modified":"2025-08-15T08:25:11","modified_gmt":"2025-08-15T08:25:11","slug":"mercato-un-gardien-turc-pour-remplacer-chevalier-a-lille","status":"publish","type":"post","link":"https:\/\/www.europesays.com\/fr\/320422\/","title":{"rendered":"Mercato: un gardien turc pour remplacer Chevalier \u00e0 Lille"},"content":{"rendered":"<p>Le tr\u00e8s exp\u00e9riment\u00e9 gardien finlandais <strong>Lukas Hradecky<\/strong> (35 ans) <strong>s&rsquo;est engag\u00e9 avec Monaco en provenance du Bayer Leverkusen<\/strong>, a annonc\u00e9 le club de la Principaut\u00e9. Il a sign\u00e9 un contrat courant sur deux saisons, plus une troisi\u00e8me en option. Son transfert s&rsquo;\u00e9l\u00e8ve \u00e0 2,5 millions d&rsquo;euros, plus 1 million en bonus, selon diff\u00e9rentes sources proches du club.<\/p>\n<p>N\u00e9 en Slovaquie, dont il a \u00e9galement la nationalit\u00e9, l&rsquo;international finlandais (101 s\u00e9lections) a disput\u00e9 323 matches dans le championnat d&rsquo;Allemagne et 55 en Coupe d&rsquo;Europe avec Francfort puis Leverkusen. Il \u00e9tait titulaire et capitaine du Bayer lors de la saison historique 2023-2024, qui a vu Leverkusen \u00eatre sacr\u00e9 champion d&rsquo;Allemagne en \u00e9tant invaincu.<\/p>\n<p>Il s&rsquo;agit d&rsquo;un concurrent de poids pour le Suisse Philipp K\u00f6hn, titulaire par intermittence la saison pass\u00e9e. Bonne nouvelle pour lui: celui avec qui il \u00e9tait en balance, le Polonais Radoslaw Majecki,\u00a0s&rsquo;appr\u00eate \u00e0 rejoindre Brest en pr\u00eat pour une saison sans option d&rsquo;achat, selon des sources proches de l&rsquo;ASM.<\/p>\n","protected":false},"excerpt":{"rendered":"Le tr\u00e8s exp\u00e9riment\u00e9 gardien finlandais Lukas Hradecky (35 ans) s&rsquo;est engag\u00e9 avec Monaco en provenance du Bayer Leverkusen,&hellip;\n","protected":false},"author":2,"featured_media":320423,"comment_status":"","ping_status":"","sticky":false,"template":"","format":"standard","meta":{"footnotes":""},"categories":[2815],"tags":[1111,11,1777,674,1011,27,811,1307,12,25],"class_list":{"0":"post-320422","1":"post","2":"type-post","3":"status-publish","4":"format-standard","5":"has-post-thumbnail","7":"category-lille","8":"tag-actu","9":"tag-actualites","10":"tag-eu","11":"tag-europe","12":"tag-fr","13":"tag-france","14":"tag-hauts-de-france","15":"tag-lille","16":"tag-news","17":"tag-republique-francaise"},"share_on_mastodon":{"url":"https:\/\/pubeurope.com\/@fr\/115031829692724585","error":""},"_links":{"self":[{"href":"https:\/\/www.europesays.com\/fr\/wp-json\/wp\/v2\/posts\/320422","targetHints":{"allow":["GET"]}}],"collection":[{"href":"https:\/\/www.europesays.com\/fr\/wp-json\/wp\/v2\/posts"}],"about":[{"href":"https:\/\/www.europesays.com\/fr\/wp-json\/wp\/v2\/types\/post"}],"author":[{"embeddable":true,"href":"https:\/\/www.europesays.com\/fr\/wp-json\/wp\/v2\/users\/2"}],"replies":[{"embeddable":true,"href":"https:\/\/www.europesays.com\/fr\/wp-json\/wp\/v2\/comments?post=320422"}],"version-history":[{"count":0,"href":"https:\/\/www.europesays.com\/fr\/wp-json\/wp\/v2\/posts\/320422\/revisions"}],"wp:featuredmedia":[{"embeddable":true,"href":"https:\/\/www.europesays.com\/fr\/wp-json\/wp\/v2\/media\/320423"}],"wp:attachment":[{"href":"https:\/\/www.europesays.com\/fr\/wp-json\/wp\/v2\/media?parent=320422"}],"wp:term":[{"taxonomy":"category","embeddable":true,"href":"https:\/\/www.europesays.com\/fr\/wp-json\/wp\/v2\/categories?post=320422"},{"taxonomy":"post_tag","embeddable":true,"href":"https:\/\/www.europesays.com\/fr\/wp-json\/wp\/v2\/tags?post=320422"}],"curies":[{"name":"wp","href":"https:\/\/api.w.org\/{rel}","templated":true}]}}