{"id":320431,"date":"2025-08-15T08:31:20","date_gmt":"2025-08-15T08:31:20","guid":{"rendered":"https:\/\/www.europesays.com\/fr\/320431\/"},"modified":"2025-08-15T08:31:20","modified_gmt":"2025-08-15T08:31:20","slug":"deux-premiers-cas-autochtones-du-virus-du-nil-occidental-detectes-en-ile-de-france-sept-au-total-dans-lhexagone","status":"publish","type":"post","link":"https:\/\/www.europesays.com\/fr\/320431\/","title":{"rendered":"Deux premiers cas autochtones du virus du Nil occidental d\u00e9tect\u00e9s en Ile-de-France, sept au total dans l&rsquo;Hexagone"},"content":{"rendered":"<p class=\"c-chapo \">\n  Le virus est transmis par le moustique du genre Culex, insecte commun en France qui se nourrit essentiellement en soir\u00e9e et la nuit, \u00e0 diff\u00e9rencier du moustique tigre (Aedes albopictus) qui se nourrit le jour.\n<\/p>\n<p>            lire plus tard<\/p>\n<p id=\"dialog__title\" class=\"dialog__title\">Pour sauvegarder cet article, connectez-vous ou cr\u00e9ez un compte franceinfo<\/p>\n<p class=\"dialog__description\">Sans paiement. Sans abonnement.<\/p>\n<p>        Fermer la fen\u00eatre d\u2019activation des notifications France Info<\/p>\n<p>            cr\u00e9er votre compte<\/p>\n<p>            se connecter<\/p>\n<p>        Fermer la fen\u00eatre de pr\u00e9sentation<\/p>\n<p>    <img loading=\"lazy\" decoding=\"async\" class=\"signature__image lazyload\" width=\"100\" height=\"100\" data- alt=\"\" src=\"https:\/\/www.europesays.com\/fr\/wp-content\/uploads\/2025\/06\/64a55fd777de4_placeholder-36b69ec8.png\"\/><\/p>\n<p>    Publi\u00e9 le 13\/08\/2025 12:17<\/p>\n<p>        Temps de lecture : 1min<\/p>\n<p>    <img decoding=\"async\"  alt=\"Un moustique d\u00e9tect\u00e9 \u00e0 Montreuil (Seine-Saint-Denis), le 12 ao\u00fbt 2025. (MARTIN LELIEVRE \/ AFP)\" width=\"432\" height=\"243\" src=\"https:\/\/www.europesays.com\/fr\/wp-content\/uploads\/2025\/08\/000-69c79ke-689c65b039e69670275415.jpg\" fetchpriority=\"high\"\/><\/p>\n<p>      Un moustique d\u00e9tect\u00e9 \u00e0 Montreuil (Seine-Saint-Denis), le 12 ao\u00fbt 2025. (MARTIN LELIEVRE \/ AFP)<\/p>\n<p>C&rsquo;est la premi\u00e8re fois que <a href=\"https:\/\/www.francetvinfo.fr\/sante\/maladie\/sante-le-virus-du-nil-occidental-une-maladie-inquietante_5988230.html\" rel=\"nofollow noopener\" target=\"_blank\">le virus du Nil occidental<\/a> est d\u00e9tect\u00e9 en Ile-de-France chez des personnes qui n&rsquo;ont pas voyag\u00e9 dans des pays touch\u00e9s par la maladie. \u00ab\u00a0Le premier cas, identifi\u00e9 fin juillet, avait (&#8230;) s\u00e9journ\u00e9 dans le d\u00e9partement du Jura (Bourgogne-Franche-Comt\u00e9) durant la p\u00e9riode possible d\u2019exposition \u00e0 risque. Le second cas, confirm\u00e9 le 6 ao\u00fbt, n\u2019a pas quitt\u00e9 l\u2019\u00cele-de-France dans les 15 jours pr\u00e9c\u00e9dant l\u2019apparition des sympt\u00f4mes\u00a0\u00bb, annonce, dans <a href=\"https:\/\/www.iledefrance.ars.sante.fr\/virus-du-nil-occidental-west-nile-deux-cas-autochtones-confirmes-en-ile-de-france\" target=\"_blank\" rel=\"noopener nofollow\">un communiqu\u00e9<\/a> l&rsquo;agence r\u00e9gionale de sant\u00e9 (ARS) d&rsquo;Ile-de-France.\u00a0<\/p>\n<p>Au total, \u00ab\u00a0sept cas autochtones d\u2019infection \u00e0 virus West Nile ont \u00e9t\u00e9 identifi\u00e9s en France hexagonale\u00a0\u00bb, pr\u00e9cise Sant\u00e9 publique France dans son bulletin publi\u00e9 ce mercredi. Le premier cas avait \u00e9t\u00e9 d\u00e9tect\u00e9 dans <a href=\"https:\/\/www.franceinfo.fr\/sante\/maladie\/virus-du-nil-occidental-un-premier-cas-autochtone-detecte-en-region-provence-alpes-cote-d-azur_7407817.html\" rel=\"nofollow noopener\" target=\"_blank\">la r\u00e9gion Provence-Alpes-C\u00f4te d&rsquo;Azur<\/a>.\u00a0 Le virus est transmis par le moustique du genre Culex, insecte commun en France qui se nourrit essentiellement en soir\u00e9e et la nuit, \u00e0 diff\u00e9rencier du moustique tigre (Aedes albopictus) qui se nourrit le jour. <\/p>\n<p>\u00ab\u00a0Dans 80% des cas, l\u2019infection est asymptomatique. Lorsqu\u2019elle est symptomatique, elle se manifeste par un syndrome pseudo-grippal (fi\u00e8vre importante accompagn\u00e9e de maux de t\u00eate, douleurs musculaires ou abdominales, naus\u00e9es, diarrh\u00e9es), pr\u00e9cise l&rsquo;ARS. Dans de rares cas (moins de 1%), des complications neurologiques (m\u00e9ningite, enc\u00e9phalite) peuvent survenir. G\u00e9n\u00e9ralement, le malade r\u00e9cup\u00e8re spontan\u00e9ment, parfois avec s\u00e9quelles. Mais l\u2019infection virale peut s\u2019av\u00e9rer mortelle principalement chez les personnes \u00e2g\u00e9es.\u00a0\u00bb<\/p>\n<p class=\"related-tags__title\" role=\"heading\" aria-level=\"2\">les mots-cl\u00e9s associ\u00e9s \u00e0 cet article\n    <\/p>\n","protected":false},"excerpt":{"rendered":"Le virus est transmis par le moustique du genre Culex, insecte commun en France qui se nourrit essentiellement&hellip;\n","protected":false},"author":2,"featured_media":320432,"comment_status":"","ping_status":"","sticky":false,"template":"","format":"standard","meta":{"footnotes":""},"categories":[1592],"tags":[1111,11,1777,674,1011,27,662,12,626,25],"class_list":{"0":"post-320431","1":"post","2":"type-post","3":"status-publish","4":"format-standard","5":"has-post-thumbnail","7":"category-ile-de-france","8":"tag-actu","9":"tag-actualites","10":"tag-eu","11":"tag-europe","12":"tag-fr","13":"tag-france","14":"tag-ile-de-france","15":"tag-news","16":"tag-paris","17":"tag-republique-francaise"},"share_on_mastodon":{"url":"https:\/\/pubeurope.com\/@fr\/115031853444238289","error":""},"_links":{"self":[{"href":"https:\/\/www.europesays.com\/fr\/wp-json\/wp\/v2\/posts\/320431","targetHints":{"allow":["GET"]}}],"collection":[{"href":"https:\/\/www.europesays.com\/fr\/wp-json\/wp\/v2\/posts"}],"about":[{"href":"https:\/\/www.europesays.com\/fr\/wp-json\/wp\/v2\/types\/post"}],"author":[{"embeddable":true,"href":"https:\/\/www.europesays.com\/fr\/wp-json\/wp\/v2\/users\/2"}],"replies":[{"embeddable":true,"href":"https:\/\/www.europesays.com\/fr\/wp-json\/wp\/v2\/comments?post=320431"}],"version-history":[{"count":0,"href":"https:\/\/www.europesays.com\/fr\/wp-json\/wp\/v2\/posts\/320431\/revisions"}],"wp:featuredmedia":[{"embeddable":true,"href":"https:\/\/www.europesays.com\/fr\/wp-json\/wp\/v2\/media\/320432"}],"wp:attachment":[{"href":"https:\/\/www.europesays.com\/fr\/wp-json\/wp\/v2\/media?parent=320431"}],"wp:term":[{"taxonomy":"category","embeddable":true,"href":"https:\/\/www.europesays.com\/fr\/wp-json\/wp\/v2\/categories?post=320431"},{"taxonomy":"post_tag","embeddable":true,"href":"https:\/\/www.europesays.com\/fr\/wp-json\/wp\/v2\/tags?post=320431"}],"curies":[{"name":"wp","href":"https:\/\/api.w.org\/{rel}","templated":true}]}}