{"id":320433,"date":"2025-08-15T08:32:11","date_gmt":"2025-08-15T08:32:11","guid":{"rendered":"https:\/\/www.europesays.com\/fr\/320433\/"},"modified":"2025-08-15T08:32:11","modified_gmt":"2025-08-15T08:32:11","slug":"ces-rues-de-paris-ou-les-architectes-se-sont-inspires-du-passe-pour-faire-baisser-la-temperature","status":"publish","type":"post","link":"https:\/\/www.europesays.com\/fr\/320433\/","title":{"rendered":"ces rues de Paris o\u00f9 les architectes se sont inspir\u00e9s du pass\u00e9 pour faire baisser la temp\u00e9rature"},"content":{"rendered":"<p>            Par<br \/>\n        <strong><br \/>\n            <a href=\"https:\/\/actu.fr\/auteur\/redaction-paris\" title=\"Consulter tous les articles de R\u00e9daction Paris\" target=\"_blank\" rel=\"noopener\">R\u00e9daction Paris<\/a><br \/>\n        <\/strong><\/p>\n<p>        Publi\u00e9 le<\/p>\n<p>            15 ao\u00fbt 2025 \u00e0 9h04        <\/p>\n<p>La <a href=\"https:\/\/actu.fr\/ile-de-france\/paris_75056\/meteo-apres-une-accalmie-de-la-canicule-les-temperatures-vont-remonter-en-fleche-a-paris-et-ile-de-france_63035989.html\" target=\"_blank\" rel=\"noopener\">canicule<\/a> qui s\u2019est abattue sur le pays est d\u2019autant plus p\u00e9nible dans les villes comme <a href=\"https:\/\/actu.fr\/paris\/dernieres-actus\" target=\"_blank\" rel=\"noopener\">Paris<\/a>, o\u00f9 plus de la moiti\u00e9 des r\u00e9sidences principales (567\u2009000) pr\u00e9sentent un diagnostic de performance \u00e9nerg\u00e9tique (DPE) class\u00e9 E, F ou G (<a href=\"https:\/\/actu.fr\/ile-de-france\/paris_75056\/immobilier-a-paris-un-nombre-astronomique-de-passoires-thermiques_52006484.html\" target=\"_blank\" rel=\"noopener\">Insee, 2018<\/a>). Si la chaleur \u00e9chauffe les esprits, des architectes gardent la t\u00eate froide.<br \/>En qu\u00eate de solutions face au<a href=\"https:\/\/actu.fr\/tag\/rechauffement-climatique\" target=\"_blank\" rel=\"noopener\"> r\u00e9chauffement climatique<\/a>, ils regardent vers le pass\u00e9 pour rendre l\u2019habitat plus confortable en cas de forte chaleur. Et ils y trouvent \u00ab\u2009beaucoup d\u2019exemples tr\u00e8s int\u00e9ressants\u2009\u00bb, estime Cristiana Mazzoni, architecte et urbaniste \u00e0 Paris.<\/p>\n<p>Des Routes de la soie aux mas proven\u00e7aux<\/p>\n<p class=\" wall-content\">Professeure \u00e0 l\u2019\u00c9cole nationale sup\u00e9rieure d\u2019architecture de Paris-Belleville (19e), elle a \u00e9tudi\u00e9 l\u2019architecture le long des anciennes Routes de la soie, qui traversent le continent asiatique de la Chine jusqu\u2019au bassin m\u00e9diterran\u00e9en, et particuli\u00e8rement les \u00ab\u2009maisons \u00e0 cour, patio ou loggia\u2009\u00bb.<\/p>\n<p class=\" wall-content\">Dans une cour int\u00e9rieure, \u00ab\u2009c\u2019est l\u2019ombre et la v\u00e9g\u00e9tation qui apportent de la fra\u00eecheur et, comme elle est construite dans l\u2019\u00e9paisseur du b\u00e2timent\u2009\u00bb, les rayons du soleil ne chauffent pas directement les murs. \u00ab\u2009Souvent, il y a une fontaine ou un puits qui ram\u00e8ne l\u2019eau des profondeurs, ce qui am\u00e8ne encore plus de fra\u00eecheur\u2009\u00bb, d\u00e9taille Cristiana Mazzoni.<\/p>\n<p class=\" wall-content\">Ces cours int\u00e9rieures sont caract\u00e9ristiques des riads marocains, des maisons romaines (domus), des palais v\u00e9nitiens, ou encore des demeures ottomanes \u00e0 hall central couvert.<br \/>\u00ab\u2009En continuant sur les Routes de la soie, on trouve des tours \u00e0 vent\u2009\u00bb, les anc\u00eatres \u00e9cologiques de la climatisation, nombreuses en Iran, qui rafra\u00eechissent les logements avec un syst\u00e8me de ventilation naturelle. Ainsi que des \u00ab\u2009maisons en terre\u2009\u00bb, mat\u00e9riau tr\u00e8s isolant, qui inspirent aujourd\u2019hui de nombreux architectes, ajoute l\u2019architecte.<\/p>\n<p class=\" wall-content\">Autre exemple tr\u00e8s r\u00e9pandu, la maison traditionnelle proven\u00e7ale \u2013 du sud de la France \u2013 est con\u00e7ue de fa\u00e7on \u00e0 se prot\u00e9ger du vent et du soleil avec notamment l\u2019installation d\u2019une treille c\u00f4t\u00e9 sud.<\/p>\n<p>\u00ab\u2009Renouveler la pens\u00e9e\u2009\u00bb<\/p>\n<p class=\" wall-content\">\u00ab\u2009On entre dans une \u00e9poque o\u00f9 l\u2019on risque de donner beaucoup d\u2019importance \u00e0 l\u2019hyper technologie\u2009\u00bb, au risque de \u00ab\u2009s\u2019\u00e9loigner de l\u2019humain\u2009\u00bb, souligne Cristiana Mazzoni, qui doit organiser en septembre\u00a02025 un colloque pour rassembler les architectes autour de tous ces exemples d\u2019architecture vernaculaire.<\/p>\n<p class=\" wall-content\">\u00ab\u2009On construisait avec les mat\u00e9riaux \u00e0 disposition et en fonction des climats et des fa\u00e7ons de vivre\u2009\u00bb, rappelle Jacques Boulnois, architecte au cabinet BHPR, et enseignant \u00e0 l\u2019universit\u00e9 d\u2019Orl\u00e9ans, dans le centre de la France. Revenir aux savoir-faire ancestraux constitue \u00ab\u2009un renouvellement de pens\u00e9e\u2009\u00bb, avec la prise en compte qu\u2019\u00ab\u2009on ne peut plus tout faire\u2009\u00bb face au climat et qu\u2019il \u00ab\u2009faut trouver une nouvelle architecture contemporaine\u2009\u00bb, consid\u00e8re-t-il.<br \/>\u00ab\u2009Sans fioul ni \u00e9lectricit\u00e9, ce n\u2019\u00e9tait pas facile pour nos anc\u00eatres, mais ils mettaient de l\u2019intelligence\u2009\u00bb, appuie Jacques Boulnois.<\/p>\n<p class=\" wall-content\">Des exemples de r\u00e9utilisation moderne existent, comme rue de Meaux, dans le 19e arrondissement de Paris, o\u00f9 le c\u00e9l\u00e8bre architecte italien Renzo Piano a con\u00e7u en 1991 une vaste cour int\u00e9rieure au milieu des 220 logements sociaux command\u00e9s par la R\u00e9gie immobili\u00e8re de la Ville de Paris et qu\u2019il a \u00e9galement dessin\u00e9s.<\/p>\n<p class=\" wall-content\">\u00ab\u2009La construction forme un grand quadrilat\u00e8re, d\u00e9crit l\u2019association <a href=\"https:\/\/paris-promeneurs.com\/logements-rue-de-meaux\/\" target=\"_blank\" rel=\"noopener\">Paris Promeneurs<\/a>. Elle est con\u00e7ue comme un corps d\u2019usine dont le p\u00e9rim\u00e8tre s\u2019int\u00e8gre au tissu urbain. Le centre donne sur un vaste espace vert plant\u00e9 de bouleaux formant un paysage int\u00e9rieur. Les c\u00f4t\u00e9s courts du rectangle sont interrompus chacun par deux perc\u00e9es verticales, qui divisent la fa\u00e7ade en 3 blocs allong\u00e9s de tailles proportionn\u00e9es aux b\u00e2timents environnants.\u2009\u00bb<\/p>\n<p class=\" wall-content\">Le b\u00e2timent adopte la solution de la \u00ab\u2009double peau\u2009\u00bb de rev\u00eatement, apprend-on. Les fa\u00e7ades donnant sur le jardin sont constitu\u00e9es de grilles saillantes de 90 x 90 centim\u00e8tres pr\u00e9fabriqu\u00e9es en b\u00e9ton renforc\u00e9 de fibre de verre. Ces \u00e9l\u00e9ments sont d\u00e9tach\u00e9s des murs, de fa\u00e7on \u00e0 assurer la ventilation de la paroi. La grille est remplie par des \u00e9l\u00e9ments opaques et isolants recouverts de carreaux en terre cuite, \u00e9vocation des HBM en brique d\u2019autrefois.\u00a0Pour cet ensemble, Renzo Piano a re\u00e7u le <a href=\"https:\/\/www.amc-archi.com\/photos\/equerre-d-argent-1991-renzo-piano-220-logements-paris-xix,3075\/renzo-piano-logements-pari.1\" target=\"_blank\" rel=\"noopener\">prix de l\u2019\u00c9querre d\u2019argent<\/a>\u00a0en 1991.<\/p>\n<p class=\" wall-content\">\u00ab\u2009Vous remarquerez la petite diff\u00e9rence de 2 degr\u00e9s entre la rue et la cour\u2009\u00bb plant\u00e9e de bouleaux et de ch\u00e8vrefeuilles, note Colette, une habitante de longue date de la r\u00e9sidence.<br \/>Expos\u00e9e sud, elle ne ressent pas directement les bienfaits de la fra\u00eecheur de la cour sur son logement, tout comme Ilan, 35\u00a0ans, qui souligne n\u00e9anmoins qu\u2019il ne fait \u00ab\u2009jamais des chaleurs \u00e9touffantes comme l\u00e0 o\u00f9 [il] habitait avant, un b\u00e2timent du XIXe\u00a0si\u00e8cle\u2009\u00bb.<\/p>\n<p class=\" wall-content\">Toujours \u00e0 Paris, dans le quartier de la Chapelle, l\u2019architecte fran\u00e7aise Fran\u00e7oise-H\u00e9l\u00e8ne Jourda a<a href=\"https:\/\/www.jourda-architectes.com\/projets\/hall-pajol\/\" target=\"_blank\" rel=\"noopener\"> r\u00e9habilit\u00e9 la halle Pajol<\/a> en 2014, datant du d\u00e9but du XXe\u00a0si\u00e8cle. Elle y a int\u00e9gr\u00e9 un syst\u00e8me de r\u00e9cup\u00e9ration d\u2019eau de pluie, des panneaux solaires et un puits canadien (aussi appel\u00e9 puits proven\u00e7al), qui utilise la temp\u00e9rature du sol pour ventiler une maison avec de l\u2019air plus chaud ou plus frais selon les saisons. \u00ab\u2009Le bois utilis\u00e9 (fa\u00e7ade, structure et plancher) provient d\u2019exploitations durablement g\u00e9r\u00e9es. Le granulat de chanvre utilis\u00e9 pour l\u2019isolation est totalement renouvelable. Les rev\u00eatements de sols sont en linol\u00e9um produit enti\u00e8rement naturel\u2009\u00bb, ajoute Paris Promeneurs.<\/p>\n<p class=\" wall-content\">\u00ab\u2009Pas de solution miracle\u2009\u00bb cependant, pr\u00e9vient Jacques Boulnois, pour qui il va falloir r\u00e9fl\u00e9chir \u00e0 \u00ab\u2009rendre contemporains\u2009\u00bb ces savoirs, pas forc\u00e9ment adapt\u00e9s \u00e0 toutes les r\u00e9gions. Dans le cas des tours \u00e0 vent iraniennes, par exemple, \u00ab\u2009la ventilation naturelle\u2009\u00bb par les courants d\u2019air est \u00ab\u2009extr\u00eamement compliqu\u00e9e\u2009\u00bb \u00e0 comprendre et \u00e0 exploiter selon les endroits.<\/p>\n<p class=\" wall-content\">avec AFP<\/p>\n<p class=\" wall-content\">Suivez toute l\u2019actualit\u00e9 de vos villes et m\u00e9dias favoris en vous inscrivant \u00e0 <a href=\"https:\/\/moncompte.actu.fr\" title=\"D\u00e9couvez Mon Actu\" rel=\"nofollow noopener\" data-trk=\"{&quot;cta&quot;:{&quot;action&quot;:&quot;https:\\\/\\\/moncompte.actu.fr&quot;,&quot;category&quot;:&quot;mon compte&quot;,&quot;from&quot;:&quot;article footer&quot;,&quot;name&quot;:&quot;Mon actu&quot;,&quot;type&quot;:&quot;cta&quot;}}\" target=\"_blank\">Mon Actu<\/a>.<\/p>\n","protected":false},"excerpt":{"rendered":"Par R\u00e9daction Paris Publi\u00e9 le 15 ao\u00fbt 2025 \u00e0 9h04 La canicule qui s\u2019est abattue sur le pays&hellip;\n","protected":false},"author":2,"featured_media":320434,"comment_status":"","ping_status":"","sticky":false,"template":"","format":"standard","meta":{"footnotes":""},"categories":[1888],"tags":[1111,1928,11,1927,6698,1777,674,1011,27,4250,1908,12,1926,626,1925,52,25,1352],"class_list":{"0":"post-320433","1":"post","2":"type-post","3":"status-publish","4":"format-standard","5":"has-post-thumbnail","7":"category-paris","8":"tag-actu","9":"tag-actu-paris","10":"tag-actualites","11":"tag-actualites-paris","12":"tag-canicule","13":"tag-eu","14":"tag-europe","15":"tag-fr","16":"tag-france","17":"tag-habitat","18":"tag-logement","19":"tag-news","20":"tag-news-paris","21":"tag-paris","22":"tag-paris-news","23":"tag-planete","24":"tag-republique-francaise","25":"tag-urbanisme"},"share_on_mastodon":{"url":"https:\/\/pubeurope.com\/@fr\/115031857138053624","error":""},"_links":{"self":[{"href":"https:\/\/www.europesays.com\/fr\/wp-json\/wp\/v2\/posts\/320433","targetHints":{"allow":["GET"]}}],"collection":[{"href":"https:\/\/www.europesays.com\/fr\/wp-json\/wp\/v2\/posts"}],"about":[{"href":"https:\/\/www.europesays.com\/fr\/wp-json\/wp\/v2\/types\/post"}],"author":[{"embeddable":true,"href":"https:\/\/www.europesays.com\/fr\/wp-json\/wp\/v2\/users\/2"}],"replies":[{"embeddable":true,"href":"https:\/\/www.europesays.com\/fr\/wp-json\/wp\/v2\/comments?post=320433"}],"version-history":[{"count":0,"href":"https:\/\/www.europesays.com\/fr\/wp-json\/wp\/v2\/posts\/320433\/revisions"}],"wp:featuredmedia":[{"embeddable":true,"href":"https:\/\/www.europesays.com\/fr\/wp-json\/wp\/v2\/media\/320434"}],"wp:attachment":[{"href":"https:\/\/www.europesays.com\/fr\/wp-json\/wp\/v2\/media?parent=320433"}],"wp:term":[{"taxonomy":"category","embeddable":true,"href":"https:\/\/www.europesays.com\/fr\/wp-json\/wp\/v2\/categories?post=320433"},{"taxonomy":"post_tag","embeddable":true,"href":"https:\/\/www.europesays.com\/fr\/wp-json\/wp\/v2\/tags?post=320433"}],"curies":[{"name":"wp","href":"https:\/\/api.w.org\/{rel}","templated":true}]}}