{"id":320435,"date":"2025-08-15T08:33:16","date_gmt":"2025-08-15T08:33:16","guid":{"rendered":"https:\/\/www.europesays.com\/fr\/320435\/"},"modified":"2025-08-15T08:33:16","modified_gmt":"2025-08-15T08:33:16","slug":"ligue-1-paris-et-les-autres","status":"publish","type":"post","link":"https:\/\/www.europesays.com\/fr\/320435\/","title":{"rendered":"Ligue 1: Paris et les autres"},"content":{"rendered":"<p class=\"mb-4 text-lg md:leading-8 break-words\">Les champions d&rsquo;Europe parisiens risquent encore d&rsquo;\u00eatre intouchables cette saison en Ligue 1 m\u00eame si l&rsquo;OM, fort d&rsquo;un recrutement prometteur, se verrait bien titiller l&rsquo;ennemi jur\u00e9 dans un championnat qui enregistre le retour de trois gloires de 2018: Pogba, Giroud et Thauvin.<\/p>\n<p class=\"mb-4 text-lg md:leading-8 break-words\">Pour les clubs, l&rsquo;incertitude perdure sur le plan financier apr\u00e8s le d\u00e9part du principal diffuseur, la plateforme britannique DAZN, remplac\u00e9 par une cha\u00eene mont\u00e9e de toutes pi\u00e8ces par la Ligue de football professionnel (LFP). Sans visibilit\u00e9 sur les ressources et le montant des droits TV, c&rsquo;est une cure d&rsquo;aust\u00e9rit\u00e9 qui est donc impos\u00e9e \u00e0 un championnat qui a accus\u00e9 des pertes de 1,3 milliard d&rsquo;euros en 2024-2025 (avant transferts), selon Jean-Marc Mickeler, le patron de la Direction nationale du contr\u00f4le de gestion (DNCG).<\/p>\n<p class=\"mb-4 text-lg md:leading-8 break-words\">Dans cette situation, le foss\u00e9 pourrait encore plus se creuser entre le PSG, qui sort d&rsquo;une saison historique et les autres.<\/p>\n<p class=\"mb-4 text-lg md:leading-8 break-words\">Les champions d&rsquo;Europe de Luis Enrique \u00e9voluent dans une autre dimension, tant sur le plan sportif qu&rsquo;\u00e9conomique, et l&#8217;emp\u00eacher de rafler un 14e titre serait un immense exploit. D&rsquo;autant que les cadres qui ont permis le sacre europ\u00e9en\u00a0sont toujours l\u00e0, renforc\u00e9s par le d\u00e9fenseur ukrainien Illia Zabarnyi et le gardien N.2 de l&rsquo;\u00e9quipe de France Lucas Chevalier, arriv\u00e9 pour remplacer Gianluigi Donnarumma, pouss\u00e9 vers la sortie.<\/p>\n<p class=\"mb-4 text-lg md:leading-8 break-words\">M\u00eame avec une pr\u00e9paration tronqu\u00e9e en raison de la fin tardive de l&rsquo;exercice pr\u00e9c\u00e9dent et du Mondial des clubs aux Etats-Unis, on voit mal qui pourrait concurrencer le PSG. Tottenham, vaincu mercredi aux tirs au but en Supercoupe d&rsquo;Europe apr\u00e8s avoir men\u00e9 2-0 jusqu&rsquo;\u00e0 la 85e minute, est l\u00e0 pour en t\u00e9moigner.<\/p>\n<p class=\"mb-4 text-lg md:leading-8 break-words\">Les fans de Marseille veulent pourtant croire \u00e0 l&rsquo;impossible, comme chaque saison. Le dauphin de Paris, qui retrouve la C1, a singuli\u00e8rement muscl\u00e9 son attaque (Pierre-Emerick Aubameyang, Timothy Weah, Igor Paixao), tout en gardant ses deux piliers, Adrien Rabiot et Mason Greenwood. A d\u00e9faut de pouvoir menacer le PSG, les dirigeants olympiens aimeraient d\u00e9j\u00e0 poursuivre sur leur lanc\u00e9e avec toujours aux manettes le charismatique entra\u00eeneur italien Roberto De Zerbi, pour en finir avec leur instabilit\u00e9 chronique.<\/p>\n<p class=\"mb-4 text-lg md:leading-8 break-words\">&#8211; L&rsquo;attraction Paris FC &#8211;<\/p>\n<p class=\"mb-4 text-lg md:leading-8 break-words\">\u00ab\u00a0Avec Roberto, on a lanc\u00e9 un cycle de trois ans, ce qui n&rsquo;est pas habituel ici. Le projet est bas\u00e9 sur la confiance et des objectifs partag\u00e9s. C&rsquo;\u00e9tait important pour nous de rentrer dans ce cycle au plan \u00e9conomique. On sait que la participation europ\u00e9enne conditionne beaucoup de choses pour les clubs fran\u00e7ais dans le contexte actuel\u00a0\u00bb, a assur\u00e9 le pr\u00e9sident Pablo Longoria.<\/p>\n<p class=\"mb-4 text-lg md:leading-8 break-words\">Si le suspense pour le gain du titre est loin d&rsquo;\u00eatre garanti, la LFP esp\u00e8re attirer le chaland et des abonn\u00e9s pour sa cha\u00eene Ligue 1+ avec le rapatriement de trois glorieux anciens.<\/p>\n<p class=\"mb-4 text-lg md:leading-8 break-words\">Avec Paul Pogba, Monaco tente un sacr\u00e9 pari, l&rsquo;international fran\u00e7ais aux 91 s\u00e9lections sortant de trois ann\u00e9es cauchemardesques, entre une affaire d&rsquo;extorsion dont il a \u00e9t\u00e9 la victime, une suspension de 18 mois pour dopage et des blessures \u00e0 r\u00e9p\u00e9tition.<\/p>\n<p class=\"mb-4 text-lg md:leading-8 break-words\">\u00ab\u00a0\u00c9norm\u00e9ment de cases se cochaient: les conditions, la vie, la France, la L1, la famille, et bien s\u00fbr le club\u00a0\u00bb, a expliqu\u00e9 la Pioche (32 ans), recrue phare de l&rsquo;ASM avec le d\u00e9fenseur anglais Eric Dier et l&rsquo;attaquant Ansu Fati. Reste \u00e0 savoir quand le milieu sera v\u00e9ritablement apte et s&rsquo;il pourra un jour retrouver son meilleur niveau. <\/p>\n<p class=\"mb-4 text-lg md:leading-8 break-words\">\u00ab\u00a0Je suis d\u00e9termin\u00e9. J&rsquo;ai envie de revenir sur le terrain. Mais cela prendra le temps qu&rsquo;il faut\u00a0\u00bb, a affirm\u00e9 l&rsquo;ex-star de Manchester United et de la Juventus Turin.<\/p>\n<p class=\"mb-4 text-lg md:leading-8 break-words\">De son c\u00f4t\u00e9, Lille, qui a laiss\u00e9 filer Jonathan David, mise sur Olivier Giroud. Le meilleur buteur de l&rsquo;histoire des Bleus (57), \u00e2g\u00e9 de 38 ans, a quitt\u00e9 son cocon californien et le Los Angeles FC au bout d&rsquo;une saison pour tenter l&rsquo;aventure dans le Nord.<\/p>\n<p class=\"mb-4 text-lg md:leading-8 break-words\">Quant \u00e0 son rival lensois, il a jet\u00e9 son d\u00e9volu sur Florian Thauvin, rapatri\u00e9 de l&rsquo;Udinese.<\/p>\n<p class=\"mb-4 text-lg md:leading-8 break-words\">Le Paris FC sera l&rsquo;autre grande attraction de la Ligue 1 et va pimenter la comp\u00e9tition avec le retour des derbies dans la capitale. D\u00e9sormais propri\u00e9t\u00e9 de la famille Arnault et aid\u00e9 par l&rsquo;expertise sportive de Red bull, le club n&rsquo;a pas retrouv\u00e9 l&rsquo;\u00e9lite pour faire de la figuration.<\/p>\n<p class=\"mb-4 text-lg md:leading-8 break-words\">kn\/jac\/jde<\/p>\n","protected":false},"excerpt":{"rendered":"Les champions d&rsquo;Europe parisiens risquent encore d&rsquo;\u00eatre intouchables cette saison en Ligue 1 m\u00eame si l&rsquo;OM, fort d&rsquo;un&hellip;\n","protected":false},"author":2,"featured_media":320436,"comment_status":"","ping_status":"","sticky":false,"template":"","format":"standard","meta":{"footnotes":""},"categories":[1888],"tags":[1111,1928,11,1927,2329,35369,17530,1777,674,1011,27,10528,45844,8094,7154,45843,66,34152,447,1307,34418,3225,4242,3127,12,1926,626,1925,22695,93,25,968,45845,44160],"class_list":{"0":"post-320435","1":"post","2":"type-post","3":"status-publish","4":"format-standard","5":"has-post-thumbnail","7":"category-paris","8":"tag-actu","9":"tag-actu-paris","10":"tag-actualites","11":"tag-actualites-paris","12":"tag-adrien-rabiot","13":"tag-ansu-fati","14":"tag-eric-dier","15":"tag-eu","16":"tag-europe","17":"tag-fr","18":"tag-france","19":"tag-gianluigi-donnarumma","20":"tag-giroud","21":"tag-jonathan-david","22":"tag-juventus-turin","23":"tag-le-fosse","24":"tag-ligue-1","25":"tag-ligue-de-football-professionnel","26":"tag-ligue-des-champions","27":"tag-lille","28":"tag-los-angeles-fc","29":"tag-manchester-united","30":"tag-mason-greenwood","31":"tag-monaco","32":"tag-news","33":"tag-news-paris","34":"tag-paris","35":"tag-paris-news","36":"tag-pogba","37":"tag-psg","38":"tag-republique-francaise","39":"tag-roberto-de-zerbi","40":"tag-thauvin","41":"tag-timothy-weah"},"share_on_mastodon":{"url":"https:\/\/pubeurope.com\/@fr\/115031861116658211","error":""},"_links":{"self":[{"href":"https:\/\/www.europesays.com\/fr\/wp-json\/wp\/v2\/posts\/320435","targetHints":{"allow":["GET"]}}],"collection":[{"href":"https:\/\/www.europesays.com\/fr\/wp-json\/wp\/v2\/posts"}],"about":[{"href":"https:\/\/www.europesays.com\/fr\/wp-json\/wp\/v2\/types\/post"}],"author":[{"embeddable":true,"href":"https:\/\/www.europesays.com\/fr\/wp-json\/wp\/v2\/users\/2"}],"replies":[{"embeddable":true,"href":"https:\/\/www.europesays.com\/fr\/wp-json\/wp\/v2\/comments?post=320435"}],"version-history":[{"count":0,"href":"https:\/\/www.europesays.com\/fr\/wp-json\/wp\/v2\/posts\/320435\/revisions"}],"wp:featuredmedia":[{"embeddable":true,"href":"https:\/\/www.europesays.com\/fr\/wp-json\/wp\/v2\/media\/320436"}],"wp:attachment":[{"href":"https:\/\/www.europesays.com\/fr\/wp-json\/wp\/v2\/media?parent=320435"}],"wp:term":[{"taxonomy":"category","embeddable":true,"href":"https:\/\/www.europesays.com\/fr\/wp-json\/wp\/v2\/categories?post=320435"},{"taxonomy":"post_tag","embeddable":true,"href":"https:\/\/www.europesays.com\/fr\/wp-json\/wp\/v2\/tags?post=320435"}],"curies":[{"name":"wp","href":"https:\/\/api.w.org\/{rel}","templated":true}]}}