{"id":320445,"date":"2025-08-15T08:38:11","date_gmt":"2025-08-15T08:38:11","guid":{"rendered":"https:\/\/www.europesays.com\/fr\/320445\/"},"modified":"2025-08-15T08:38:11","modified_gmt":"2025-08-15T08:38:11","slug":"philips-plus-de-150-millions-de-dollars-investis-aux-usa","status":"publish","type":"post","link":"https:\/\/www.europesays.com\/fr\/320445\/","title":{"rendered":"Philips : plus de 150 millions de dollars investis aux USA"},"content":{"rendered":"<p>                    Philips a annonc\u00e9 jeudi soir avoir l&rsquo;intention d&rsquo;investir plus de 150 millions de dollars aux Etats-Unis afin d&rsquo;y renforcer ses activit\u00e9s de recherche et de d\u00e9veloppement (R&amp;D) et de production dans les \u00e9quipements de sant\u00e9 aliment\u00e9s par l&rsquo;IA.<\/p>\n<p>Le groupe n\u00e9erlandais explique qu&rsquo;il compte, entre autres, agrandir son usine de Reedsville (Pennsylvania), qui fabrique des syst\u00e8mes d&rsquo;\u00e9chographie par IA destin\u00e9s aux h\u00f4pitaux am\u00e9ricains.<\/p>\n<p>Le projet pr\u00e9voit l&rsquo;ajout de plus de 2200 m2 d&rsquo;ateliers de production ainsi que la construction d&rsquo;un espace de stockage suppl\u00e9mentaire de quelques 3700 m2, ce qui devrait permettre la cr\u00e9ation de 120 emplois manufacturiers.<\/p>\n<p>A Plymouth (Minnesota) o\u00f9 Philips fabrique ses syst\u00e8mes de th\u00e9rapie guid\u00e9e par l&rsquo;image, l&rsquo;entreprise compte \u00e9tablir un nouveau centre de formation d\u00e9di\u00e9 aux dispositifs m\u00e9dicaux (&lsquo;medtech&rsquo;) qui devrait \u00eatre \u00e0 l&rsquo;origine de la cr\u00e9ation de plus de 150 postes.<\/p>\n<p>La soci\u00e9t\u00e9, qui emploie pr\u00e8s de 17.000 personnes aux Etats-Unis \u00e0 travers 40 sites, souligne aujourd&rsquo;hui fournir autour de 90% des h\u00f4pitaux am\u00e9ricains avec ses technologies m\u00e9dicales.<\/p>\n<p>L&rsquo;enveloppe de 150 millions de dollars officialis\u00e9e hier doit venir s&rsquo;ajouter au budget de 900 millions de dollars que le groupe consacre chaque ann\u00e9e \u00e0 ses op\u00e9rations de R&amp;D dans le pays.<\/p>\n<p>Cette annonce intervient alors que beaucoup de soci\u00e9t\u00e9s \u00e9trang\u00e8res cherchent \u00e0 renforcer leur tissu industriel sur le sol am\u00e9ricain en raison de la forte augmentation des droits de douane impos\u00e9s aux entreprises non-domestiques, notamment dans le secteur de la sant\u00e9.<\/p>\n","protected":false},"excerpt":{"rendered":"Philips a annonc\u00e9 jeudi soir avoir l&rsquo;intention d&rsquo;investir plus de 150 millions de dollars aux Etats-Unis afin d&rsquo;y&hellip;\n","protected":false},"author":2,"featured_media":48534,"comment_status":"","ping_status":"","sticky":false,"template":"","format":"standard","meta":{"footnotes":""},"categories":[1589],"tags":[11,340,73,1866,12,1864,1865,1863,308],"class_list":{"0":"post-320445","1":"post","2":"type-post","3":"status-publish","4":"format-standard","5":"has-post-thumbnail","7":"category-etats-unis","8":"tag-actualites","9":"tag-bourse","10":"tag-etats-unis","11":"tag-etats-unis-damerique","12":"tag-news","13":"tag-united-states","14":"tag-united-states-of-america","15":"tag-us","16":"tag-usa"},"share_on_mastodon":{"url":"https:\/\/pubeurope.com\/@fr\/115031880706125871","error":""},"_links":{"self":[{"href":"https:\/\/www.europesays.com\/fr\/wp-json\/wp\/v2\/posts\/320445","targetHints":{"allow":["GET"]}}],"collection":[{"href":"https:\/\/www.europesays.com\/fr\/wp-json\/wp\/v2\/posts"}],"about":[{"href":"https:\/\/www.europesays.com\/fr\/wp-json\/wp\/v2\/types\/post"}],"author":[{"embeddable":true,"href":"https:\/\/www.europesays.com\/fr\/wp-json\/wp\/v2\/users\/2"}],"replies":[{"embeddable":true,"href":"https:\/\/www.europesays.com\/fr\/wp-json\/wp\/v2\/comments?post=320445"}],"version-history":[{"count":0,"href":"https:\/\/www.europesays.com\/fr\/wp-json\/wp\/v2\/posts\/320445\/revisions"}],"wp:featuredmedia":[{"embeddable":true,"href":"https:\/\/www.europesays.com\/fr\/wp-json\/wp\/v2\/media\/48534"}],"wp:attachment":[{"href":"https:\/\/www.europesays.com\/fr\/wp-json\/wp\/v2\/media?parent=320445"}],"wp:term":[{"taxonomy":"category","embeddable":true,"href":"https:\/\/www.europesays.com\/fr\/wp-json\/wp\/v2\/categories?post=320445"},{"taxonomy":"post_tag","embeddable":true,"href":"https:\/\/www.europesays.com\/fr\/wp-json\/wp\/v2\/tags?post=320445"}],"curies":[{"name":"wp","href":"https:\/\/api.w.org\/{rel}","templated":true}]}}