{"id":320450,"date":"2025-08-15T08:41:18","date_gmt":"2025-08-15T08:41:18","guid":{"rendered":"https:\/\/www.europesays.com\/fr\/320450\/"},"modified":"2025-08-15T08:41:18","modified_gmt":"2025-08-15T08:41:18","slug":"leurope-dans-le-vert-avant-le-sommet-trump-poutine","status":"publish","type":"post","link":"https:\/\/www.europesays.com\/fr\/320450\/","title":{"rendered":"L&rsquo;Europe dans le vert avant le sommet Trump-Poutine"},"content":{"rendered":"<p>PARIS (Reuters) &#8211;     Les principales Bourses europ\u00e9ennes \u00e9voluent en hausse en d\u00e9but de s\u00e9ance vendredi avant un sommet tr\u00e8s attendu entre le pr\u00e9sident am\u00e9ricain Donald Trump et son homologue russe Vladimir Poutine.<\/p>\n<p>\n              \u00c0 Paris, le CAC 40 gagne 0,37% \u00e0 7.899,73 points vers 07h15 GMT. A Londres, le FTSE 100 prend 0,45% et \u00e0 Francfort, le Dax avance de 0,62%. <\/p>\n<p>\n              L&rsquo;indice EuroStoxx 50 est en hausse de 0,29%, le FTSEurofirst 300 de 0,45% et le Stoxx 600 de 0,27%.<\/p>\n<p>\n              Donald Trump et Vladimir Poutine se rencontreront autour de 19h00 GMT \u00e0 Anchorage en Alaska dans le cadre d&rsquo;un sommet destin\u00e9 notamment \u00e0 avancer vers un cessez-le-feu en Ukraine. Une conf\u00e9rence de presse commune \u00e0 l&rsquo;issue de la rencontre est pr\u00e9vue.<\/p>\n<p>\n              L&rsquo;issue de cette r\u00e9union pourrait avoir des cons\u00e9quences multiples sur les march\u00e9s financiers, avec de possibles impacts sur les cours du p\u00e9trole en fonction des d\u00e9cisions concernant les sanctions \u00e0 l&rsquo;encontre de la Russie ou sur le secteur de l&rsquo;armement selon les avanc\u00e9es vers une tr\u00eave en Ukraine.<\/p>\n<p>\n              \u00ab\u00a0Si un cessez-le-feu est conclu, attendez-vous \u00e0 une r\u00e9action positive de l&rsquo;euro et \u00e0 un affaiblissement du dollar\u00a0; l&rsquo;inverse en cas d&rsquo;\u00e9chec du cessez-le-feu\u00a0\u00bb, pointe aussi Marc Velan, responsable des investissements chez Lucerne Asset Management \u00e0 Singapour.<\/p>\n<p>\n              Aux valeurs, le joaillier danois Pandora chute de plus de 9% apr\u00e8s la publication de ses r\u00e9sultats trimestriels.<\/p>\n<p> (R\u00e9dig\u00e9 par Blandine H\u00e9nault)<\/p>\n","protected":false},"excerpt":{"rendered":"PARIS (Reuters) &#8211; Les principales Bourses europ\u00e9ennes \u00e9voluent en hausse en d\u00e9but de s\u00e9ance vendredi avant un sommet&hellip;\n","protected":false},"author":2,"featured_media":320451,"comment_status":"","ping_status":"","sticky":false,"template":"","format":"standard","meta":{"footnotes":""},"categories":[1586],"tags":[11,340,1777,674,1011,27,12,25],"class_list":{"0":"post-320450","1":"post","2":"type-post","3":"status-publish","4":"format-standard","5":"has-post-thumbnail","7":"category-europe","8":"tag-actualites","9":"tag-bourse","10":"tag-eu","11":"tag-europe","12":"tag-fr","13":"tag-france","14":"tag-news","15":"tag-republique-francaise"},"share_on_mastodon":{"url":"https:\/\/pubeurope.com\/@fr\/115031892544942250","error":""},"_links":{"self":[{"href":"https:\/\/www.europesays.com\/fr\/wp-json\/wp\/v2\/posts\/320450","targetHints":{"allow":["GET"]}}],"collection":[{"href":"https:\/\/www.europesays.com\/fr\/wp-json\/wp\/v2\/posts"}],"about":[{"href":"https:\/\/www.europesays.com\/fr\/wp-json\/wp\/v2\/types\/post"}],"author":[{"embeddable":true,"href":"https:\/\/www.europesays.com\/fr\/wp-json\/wp\/v2\/users\/2"}],"replies":[{"embeddable":true,"href":"https:\/\/www.europesays.com\/fr\/wp-json\/wp\/v2\/comments?post=320450"}],"version-history":[{"count":0,"href":"https:\/\/www.europesays.com\/fr\/wp-json\/wp\/v2\/posts\/320450\/revisions"}],"wp:featuredmedia":[{"embeddable":true,"href":"https:\/\/www.europesays.com\/fr\/wp-json\/wp\/v2\/media\/320451"}],"wp:attachment":[{"href":"https:\/\/www.europesays.com\/fr\/wp-json\/wp\/v2\/media?parent=320450"}],"wp:term":[{"taxonomy":"category","embeddable":true,"href":"https:\/\/www.europesays.com\/fr\/wp-json\/wp\/v2\/categories?post=320450"},{"taxonomy":"post_tag","embeddable":true,"href":"https:\/\/www.europesays.com\/fr\/wp-json\/wp\/v2\/tags?post=320450"}],"curies":[{"name":"wp","href":"https:\/\/api.w.org\/{rel}","templated":true}]}}