{"id":320454,"date":"2025-08-15T08:43:09","date_gmt":"2025-08-15T08:43:09","guid":{"rendered":"https:\/\/www.europesays.com\/fr\/320454\/"},"modified":"2025-08-15T08:43:09","modified_gmt":"2025-08-15T08:43:09","slug":"une-vingtaine-de-departements-en-vigilance-voici-lesquels","status":"publish","type":"post","link":"https:\/\/www.europesays.com\/fr\/320454\/","title":{"rendered":"une vingtaine de d\u00e9partements en vigilance, voici lesquels"},"content":{"rendered":"<p>            Par<br \/>\n        <strong><br \/>\n            <a href=\"https:\/\/actu.fr\/auteur\/redaction-actu\" title=\"Consulter tous les articles de R\u00e9daction Actu\" rel=\"nofollow noopener\" target=\"_blank\">R\u00e9daction Actu<\/a><br \/>\n        <\/strong><\/p>\n<p>        Publi\u00e9 le<\/p>\n<p>            15 ao\u00fbt 2025 \u00e0 8h21        <\/p>\n<p>La m\u00e9t\u00e9o, c\u2019est un \u00e9ternel recommencement. Si la pluie ne vient par forc\u00e9ment apr\u00e8s le beau temps, la <a href=\"https:\/\/actu.fr\/tag\/canicule\" rel=\"nofollow noopener\" target=\"_blank\">canicule<\/a>, elle, est bien souvent suivi d\u2019<a href=\"https:\/\/actu.fr\/tag\/orages\" rel=\"nofollow noopener\" target=\"_blank\">orages<\/a>.<\/p>\n<p class=\" wall-content\">Ce vendredi 15 ao\u00fbt 2025, on a m\u00eame droit \u00e0 une petite innovation puisque les ph\u00e9nom\u00e8nes se croisent. Alors que 70 d\u00e9partements sont en vigilance orange pour canicule, l\u2019extr\u00eame est doit s\u2019attendre \u00e0 des orages.<\/p>\n<p class=\" wall-content\">En effet, <strong>19 d\u00e9partements sont en vigilance jaune pour un risque orageux<\/strong>. De la Moselle \u00e0 la Corse, en passant par tous les d\u00e9partements frontaliers.<\/p>\n<p>Les d\u00e9partements plac\u00e9s en vigilance jaune orages ce vendredi 15 ao\u00fbt 2025<\/p>\n<ul class=\" wall-content\">\n<li>Ain<\/li>\n<li>Alpes-de-Haute-Provence<\/li>\n<li>Hautes-Alpes<\/li>\n<li>Alpes-Maritimes<\/li>\n<li>Doubs<\/li>\n<li>Is\u00e8re<\/li>\n<li>Jura<\/li>\n<li>Meurthe-et-Moselle<\/li>\n<li>Moselle<\/li>\n<li>Bas-Rhin<\/li>\n<li>Haut-Rhin<\/li>\n<li>Haute-Sa\u00f4ne<\/li>\n<li>Savoie<\/li>\n<li>Haute-Savoie<\/li>\n<li>Var<\/li>\n<li>Vosges<\/li>\n<li>Territoire de Belfort\u00a0<\/li>\n<li>Corse-du-Sud<\/li>\n<li>Haute-Corse<\/li>\n<\/ul>\n<p class=\" wall-content\">La vigilance est activ\u00e9e <strong>\u00e0 partir de 12h<\/strong>, ce vendredi 15 ao\u00fbt.<\/p>\n<p>Des orages \u00ab\u00a0virulents\u00a0\u00bb cette semaine<\/p>\n<p class=\" wall-content\">En cours d\u2019apr\u00e8s-midi, \u00ab\u00a0quelques orages se d\u00e9veloppent de la Lorraine et de l\u2019Alsace en direction de l\u2019Auvergne jusqu\u2019aux C\u00e9vennes\u00a0\u00bb, note <a href=\"https:\/\/actu.fr\/tag\/meteo-france\" rel=\"nofollow noopener\" target=\"_blank\">M\u00e9t\u00e9o France<\/a> dans son bulletin m\u00e9t\u00e9o du jour.<\/p>\n<p class=\" wall-content\">\u00ab\u00a0Les averses orageuses sont<strong> un peu plus fr\u00e9quentes le long de la fronti\u00e8re italienne<\/strong>\u00ab\u00a0, est-il pr\u00e9cis\u00e9.\u00a0<\/p>\n<p class=\" wall-content\">Des orages ont pu \u00eatre \u00ab\u00a0virulents\u00a0\u00bb sur de nombreuses r\u00e9gions du Sud-Ouest au Nord-Est ces derniers jours, \u00e0 savoir entre mercredi apr\u00e8s-midi et la nuit de mercredi \u00e0 jeudi.<\/p>\n<p class=\" wall-content\">Ce 15 ao\u00fbt ne serait qu\u2019un avant-go\u00fbt d\u2019une nouvelle s\u00e9quence orageuse, cette fois-ci plus importante. <strong>La semaine prochaine<\/strong>, \u00ab\u00a0le temps risque d\u2019\u00eatre instable avec des averses et des orages\u00a0\u00bb, indiquait Guillaume S\u00e9chet \u00e0 actu.fr ces derniers jours.<\/p>\n<p class=\" wall-content\">Suivez toute l\u2019actualit\u00e9 de vos villes et m\u00e9dias favoris en vous inscrivant \u00e0 <a href=\"https:\/\/moncompte.actu.fr\" title=\"D\u00e9couvez Mon Actu\" rel=\"nofollow noopener\" data-trk=\"{&quot;cta&quot;:{&quot;action&quot;:&quot;https:\\\/\\\/moncompte.actu.fr&quot;,&quot;category&quot;:&quot;mon compte&quot;,&quot;from&quot;:&quot;article footer&quot;,&quot;name&quot;:&quot;Mon actu&quot;,&quot;type&quot;:&quot;cta&quot;}}\" target=\"_blank\">Mon Actu<\/a>.<\/p>\n","protected":false},"excerpt":{"rendered":"Par R\u00e9daction Actu Publi\u00e9 le 15 ao\u00fbt 2025 \u00e0 8h21 La m\u00e9t\u00e9o, c\u2019est un \u00e9ternel recommencement. Si la&hellip;\n","protected":false},"author":2,"featured_media":313838,"comment_status":"","ping_status":"","sticky":false,"template":"","format":"standard","meta":{"footnotes":""},"categories":[2],"tags":[11,1011,27,2487,2357,12,4594,25],"class_list":{"0":"post-320454","1":"post","2":"type-post","3":"status-publish","4":"format-standard","5":"has-post-thumbnail","7":"category-actualites","8":"tag-actualites","9":"tag-fr","10":"tag-france","11":"tag-meteo","12":"tag-meteo-france","13":"tag-news","14":"tag-orages","15":"tag-republique-francaise"},"share_on_mastodon":{"url":"https:\/\/pubeurope.com\/@fr\/115031900461966948","error":""},"_links":{"self":[{"href":"https:\/\/www.europesays.com\/fr\/wp-json\/wp\/v2\/posts\/320454","targetHints":{"allow":["GET"]}}],"collection":[{"href":"https:\/\/www.europesays.com\/fr\/wp-json\/wp\/v2\/posts"}],"about":[{"href":"https:\/\/www.europesays.com\/fr\/wp-json\/wp\/v2\/types\/post"}],"author":[{"embeddable":true,"href":"https:\/\/www.europesays.com\/fr\/wp-json\/wp\/v2\/users\/2"}],"replies":[{"embeddable":true,"href":"https:\/\/www.europesays.com\/fr\/wp-json\/wp\/v2\/comments?post=320454"}],"version-history":[{"count":0,"href":"https:\/\/www.europesays.com\/fr\/wp-json\/wp\/v2\/posts\/320454\/revisions"}],"wp:featuredmedia":[{"embeddable":true,"href":"https:\/\/www.europesays.com\/fr\/wp-json\/wp\/v2\/media\/313838"}],"wp:attachment":[{"href":"https:\/\/www.europesays.com\/fr\/wp-json\/wp\/v2\/media?parent=320454"}],"wp:term":[{"taxonomy":"category","embeddable":true,"href":"https:\/\/www.europesays.com\/fr\/wp-json\/wp\/v2\/categories?post=320454"},{"taxonomy":"post_tag","embeddable":true,"href":"https:\/\/www.europesays.com\/fr\/wp-json\/wp\/v2\/tags?post=320454"}],"curies":[{"name":"wp","href":"https:\/\/api.w.org\/{rel}","templated":true}]}}