{"id":320460,"date":"2025-08-15T08:48:10","date_gmt":"2025-08-15T08:48:10","guid":{"rendered":"https:\/\/www.europesays.com\/fr\/320460\/"},"modified":"2025-08-15T08:48:10","modified_gmt":"2025-08-15T08:48:10","slug":"lattente-est-immense-du-cote-de-montauban-on-va-etre-vu-comme-le-petit-mais-on-ne-lachera-rien","status":"publish","type":"post","link":"https:\/\/www.europesays.com\/fr\/320460\/","title":{"rendered":"L&rsquo;attente est immense du c\u00f4t\u00e9 de Montauban : \u00ab\u00a0On va \u00eatre vu comme le petit, mais on ne l\u00e2chera rien !\u00a0\u00bb"},"content":{"rendered":"<p>Montauban a valid\u00e9 son ticket pour le Top 14 gr\u00e2ce \u00e0 sa victoire remport\u00e9e contre Grenoble en finale de Pro D2, au mois de juin dernier.<\/p>\n<p>Interrog\u00e9 via <a href=\"https:\/\/www.ladepeche.fr\/2025\/08\/14\/rugby-top-14-il-faut-que-ca-pique-deja-le-coach-de-montauban-fixe-lobjectif-pendant-le-stage-dans-les-pyrenees-12875094.php\" rel=\"nofollow noopener\" target=\"_blank\">La D\u00e9p\u00eache<\/a>, l\u2019entraineur adjoint de l\u2019USM, Andr\u00e9 Hough a \u00e9voqu\u00e9 la pr\u00e9paration du club Montalbanais pour cet incroyable aventure.<\/p>\n<p><strong>Il l\u2019affirme : la mont\u00e9e est dig\u00e9r\u00e9e. Du moins, il l\u2019esp\u00e8re grandement. Extrait:<\/strong><\/p>\n<p>Il le faut, m\u00eame si ce n\u2019est peut-\u00eatre pas encore le cas pour certains (sourire). \u00c7a galope. J\u2019esp\u00e8re que les gars sont conscients de ce qui arrive devant nous. Presque tout le monde est concern\u00e9, et pour les autres \u00e7a va arriver vite (rire). On sait que le Top 14 c\u2019est costaud, il ne faut rien n\u00e9gliger.<\/p>\n<p><strong>Selon lui, il est plus simple de pr\u00e9parer une saison de Top 14 avec un groupe qui n\u2019a quasiment pas chang\u00e9. Extrait:<\/strong><\/p>\n<p>Bien s\u00fbr. \u00c7a va plus vite car les gars savent comment on pense et comment on r\u00e9fl\u00e9chit.<\/p>\n<p><strong>Il estime que le plan de jeu de l\u2019USM va quelque peu changer. Extrait:<\/strong><\/p>\n<p>Peut-\u00eatre un peu diff\u00e9rent. De toute fa\u00e7on, tout est diff\u00e9rent en Top 14, la vitesse, les port\u00e9es de balle, les passes, le jeu au pied\u2026 On dit souvent que les entra\u00eenements sont plus durs que les matchs. Il faut que \u00e7a pique d\u00e9j\u00e0. Pour exister apr\u00e8s, il faut \u00eatre bon maintenant.<\/p>\n<p><strong>Une chose est s\u00fbre : l\u2019attente est tr\u00e8s forte. Extrait:<\/strong><\/p>\n<p>Tous les jours ou presque. On va \u00eatre vu comme le petit. Tant mieux. Mais qu\u2019on sache qu\u2019on ne l\u00e2chera rien. Il faudra l\u2019esprit des phases finales mais cette fois \u00e0 chaque match.<\/p>\n<p><strong>Pour conclure, il \u00e9voque les deux matches amicaux \u00e0 venir contre Castres et l\u2019UBB. Extrait:<\/strong><\/p>\n<p>Trois c\u2019est trop et peut-\u00eatre pas n\u00e9cessaire. Le plus important sera de retrouver le rythme de la comp\u00e9tition. Avec Castres et Bordeaux-B\u00e8gles, on va vite savoir ce qui nous attend (sourire).<\/p>\n","protected":false},"excerpt":{"rendered":"Montauban a valid\u00e9 son ticket pour le Top 14 gr\u00e2ce \u00e0 sa victoire remport\u00e9e contre Grenoble en finale&hellip;\n","protected":false},"author":2,"featured_media":279119,"comment_status":"","ping_status":"","sticky":false,"template":"","format":"standard","meta":{"footnotes":""},"categories":[1416],"tags":[1011,27,479,1468,60],"class_list":{"0":"post-320460","1":"post","2":"type-post","3":"status-publish","4":"format-standard","5":"has-post-thumbnail","7":"category-rugby","8":"tag-fr","9":"tag-france","10":"tag-rugby","11":"tag-rugby-football","12":"tag-sports"},"share_on_mastodon":{"url":"https:\/\/pubeurope.com\/@fr\/115031920106873358","error":""},"_links":{"self":[{"href":"https:\/\/www.europesays.com\/fr\/wp-json\/wp\/v2\/posts\/320460","targetHints":{"allow":["GET"]}}],"collection":[{"href":"https:\/\/www.europesays.com\/fr\/wp-json\/wp\/v2\/posts"}],"about":[{"href":"https:\/\/www.europesays.com\/fr\/wp-json\/wp\/v2\/types\/post"}],"author":[{"embeddable":true,"href":"https:\/\/www.europesays.com\/fr\/wp-json\/wp\/v2\/users\/2"}],"replies":[{"embeddable":true,"href":"https:\/\/www.europesays.com\/fr\/wp-json\/wp\/v2\/comments?post=320460"}],"version-history":[{"count":0,"href":"https:\/\/www.europesays.com\/fr\/wp-json\/wp\/v2\/posts\/320460\/revisions"}],"wp:featuredmedia":[{"embeddable":true,"href":"https:\/\/www.europesays.com\/fr\/wp-json\/wp\/v2\/media\/279119"}],"wp:attachment":[{"href":"https:\/\/www.europesays.com\/fr\/wp-json\/wp\/v2\/media?parent=320460"}],"wp:term":[{"taxonomy":"category","embeddable":true,"href":"https:\/\/www.europesays.com\/fr\/wp-json\/wp\/v2\/categories?post=320460"},{"taxonomy":"post_tag","embeddable":true,"href":"https:\/\/www.europesays.com\/fr\/wp-json\/wp\/v2\/tags?post=320460"}],"curies":[{"name":"wp","href":"https:\/\/api.w.org\/{rel}","templated":true}]}}