{"id":320464,"date":"2025-08-15T08:52:11","date_gmt":"2025-08-15T08:52:11","guid":{"rendered":"https:\/\/www.europesays.com\/fr\/320464\/"},"modified":"2025-08-15T08:52:11","modified_gmt":"2025-08-15T08:52:11","slug":"dembele-pogba-rabiot-les-stars-du-championnat-reunies-pour-le-nouveau-generique-de-la-saison","status":"publish","type":"post","link":"https:\/\/www.europesays.com\/fr\/320464\/","title":{"rendered":"Demb\u00e9l\u00e9, Pogba, Rabiot&#8230; Les stars du championnat r\u00e9unies pour le nouveau g\u00e9n\u00e9rique de la saison"},"content":{"rendered":"<p>\u00c0 quelques heures du lancement de la saison 2025\/2026, le nouveau g\u00e9n\u00e9rique de la Ligue 1 a \u00e9t\u00e9 d\u00e9voil\u00e9 sur les r\u00e9seaux sociaux.<\/p>\n<p class=\"fig-paragraph\">C\u2019est l\u2019heure de la rentr\u00e9e des classes pour les 18 \u00e9quipes du\u00a0<a href=\"http:\/\/www.lefigaro.fr\/sports\/football\/ligue-1\/paixao-zabarnyi-morton-paez-dans-l-ombre-des-stars-ces-dix-recrues-qui-veulent-mettre-le-feu-a-la-ligue-1-20250815\" data-fig-type=\"NewsFlash\" data-gtm-custom-categorie=\"navigation\" data-gtm-custom-action=\"crossclick\" data-gtm-custom-label=\"Contextuel\" data-gtm-event=\"customEventSPE\" data-fig-domain=\"LEFIGARO\" target=\"_blank\" rel=\"noopener\">Championnat de France<\/a>. Apr\u00e8s trois mois de tr\u00eave, la nouvelle saison va d\u00e9buter ce vendredi 15 ao\u00fbt par le match entre\u00a0<a href=\"http:\/\/www.lefigaro.fr\/sports\/football\/rennes-marseille-a-quelle-heure-et-sur-quelle-chaine-voir-le-match-d-ouverture-de-la-ligue-1-20250815\" data-fig-type=\"Article\" data-gtm-custom-categorie=\"navigation\" data-gtm-custom-action=\"crossclick\" data-gtm-custom-label=\"Contextuel\" data-gtm-event=\"customEventSPE\" data-fig-domain=\"LEFIGARO\" target=\"_blank\" rel=\"noopener\">le Stade Rennais et l\u2019Olympique de Marseille<\/a>\u00a0au Roazhon Park (20h45). Avant cela, le nouveau g\u00e9n\u00e9rique a \u00e9t\u00e9 d\u00e9voil\u00e9 sur les r\u00e9seaux sociaux de la Ligue 1.<\/p>\n<p class=\"fig-paragraph\">Le meilleur buteur de la saison derni\u00e8re Ousmane Demb\u00e9l\u00e9 est le premier \u00e0 appara\u00eetre \u00e0 l\u2019image, suivi par la recrue star de l\u2019\u00e9t\u00e9\u00a0<a href=\"http:\/\/www.lefigaro.fr\/sports\/football\/ligue-1\/ligue-1-sans-surprise-paul-pogba-et-ansu-fati-absents-contre-le-havre-20250814\" data-fig-type=\"NewsFlash\" data-gtm-custom-categorie=\"navigation\" data-gtm-custom-action=\"crossclick\" data-gtm-custom-label=\"Contextuel\" data-gtm-event=\"customEventSPE\" data-fig-domain=\"LEFIGARO\" target=\"_blank\" rel=\"noopener\">Paul Pogba<\/a>. Olivier Giroud, Dant\u00e9, Adrien Rabiot et la plupart des t\u00eates d\u2019affiche de notre championnat, toujours sponsoris\u00e9 par l\u2019enseigne de fast-food am\u00e9ricaine McDonald\u2019s, sont \u00e9galement pr\u00e9sents.<\/p>\n","protected":false},"excerpt":{"rendered":"\u00c0 quelques heures du lancement de la saison 2025\/2026, le nouveau g\u00e9n\u00e9rique de la Ligue 1 a \u00e9t\u00e9&hellip;\n","protected":false},"author":2,"featured_media":320465,"comment_status":"","ping_status":"","sticky":false,"template":"","format":"standard","meta":{"footnotes":""},"categories":[1412],"tags":[2329,1451,1452,1453,1454,1455,1011,27,2782,32134,60],"class_list":{"0":"post-320464","1":"post","2":"type-post","3":"status-publish","4":"format-standard","5":"has-post-thumbnail","7":"category-f1","8":"tag-adrien-rabiot","9":"tag-f1","10":"tag-formula-1","11":"tag-formula1","12":"tag-formule-1","13":"tag-formule1","14":"tag-fr","15":"tag-france","16":"tag-ousmane-dembele","17":"tag-paul-pogba","18":"tag-sports"},"share_on_mastodon":{"url":"https:\/\/pubeurope.com\/@fr\/115031935744979766","error":""},"_links":{"self":[{"href":"https:\/\/www.europesays.com\/fr\/wp-json\/wp\/v2\/posts\/320464","targetHints":{"allow":["GET"]}}],"collection":[{"href":"https:\/\/www.europesays.com\/fr\/wp-json\/wp\/v2\/posts"}],"about":[{"href":"https:\/\/www.europesays.com\/fr\/wp-json\/wp\/v2\/types\/post"}],"author":[{"embeddable":true,"href":"https:\/\/www.europesays.com\/fr\/wp-json\/wp\/v2\/users\/2"}],"replies":[{"embeddable":true,"href":"https:\/\/www.europesays.com\/fr\/wp-json\/wp\/v2\/comments?post=320464"}],"version-history":[{"count":0,"href":"https:\/\/www.europesays.com\/fr\/wp-json\/wp\/v2\/posts\/320464\/revisions"}],"wp:featuredmedia":[{"embeddable":true,"href":"https:\/\/www.europesays.com\/fr\/wp-json\/wp\/v2\/media\/320465"}],"wp:attachment":[{"href":"https:\/\/www.europesays.com\/fr\/wp-json\/wp\/v2\/media?parent=320464"}],"wp:term":[{"taxonomy":"category","embeddable":true,"href":"https:\/\/www.europesays.com\/fr\/wp-json\/wp\/v2\/categories?post=320464"},{"taxonomy":"post_tag","embeddable":true,"href":"https:\/\/www.europesays.com\/fr\/wp-json\/wp\/v2\/tags?post=320464"}],"curies":[{"name":"wp","href":"https:\/\/api.w.org\/{rel}","templated":true}]}}