{"id":320476,"date":"2025-08-15T08:58:13","date_gmt":"2025-08-15T08:58:13","guid":{"rendered":"https:\/\/www.europesays.com\/fr\/320476\/"},"modified":"2025-08-15T08:58:13","modified_gmt":"2025-08-15T08:58:13","slug":"jimmy-kimmel-a-demande-la-nationalite-italienne-au-cas-ou-il-devrait-fuir-le-gouvernement-de-donald-trump","status":"publish","type":"post","link":"https:\/\/www.europesays.com\/fr\/320476\/","title":{"rendered":"Jimmy Kimmel a demand\u00e9 la nationalit\u00e9 italienne au cas o\u00f9 il devrait fuir le gouvernement de Donald Trump"},"content":{"rendered":"<p>Le pr\u00e9sentateur a entam\u00e9 les d\u00e9marches apr\u00e8s la r\u00e9\u00e9lection du R\u00e9publicain et a r\u00e9ussi \u00e0 obtenir cette nationalit\u00e9 gr\u00e2ce \u00e0 ses origines italiennes du c\u00f4t\u00e9 de sa grand-m\u00e8re maternelle.<\/p>\n<p class=\"fig-paragraph\">Jimmy Kimmel est d\u00e9sormais pr\u00eat \u00e0 quitter les \u00c9tats-Unis \u00e0 tout moment, m\u00eame s\u2019il esp\u00e8re ne pas en arriver jusque-l\u00e0.\u00a0<a href=\"http:\/\/www.lefigaro.fr\/culture\/mark-ruffalo-jimmy-kimmel-susan-sarandon-les-stars-manifestent-contre-donald-trump-20250616\" target=\"_blank\" data-fig-type=\"Article\" rel=\"noopener nofollow\" data-gtm-custom-categorie=\"navigation\" data-gtm-custom-action=\"crossclick\" data-gtm-custom-label=\"Contextuel\" data-gtm-event=\"customEventSPE\" data-fig-domain=\"LEFIGARO\">Le pr\u00e9sentateur\u00a0<\/a>qui poss\u00e8de sa propre \u00e9mission, le Jimmy Kimmel Live!, se dit pr\u00e9occup\u00e9 par la politique de son pays depuis le retour de\u00a0<a href=\"http:\/\/www.lefigaro.fr\/international\/vols-de-surveillance-programme-secret-mise-a-prix-le-plan-de-donald-trump-pour-lutter-contre-les-cartels-de-drogue-sud-americains-20250812\" target=\"_blank\" data-fig-type=\"Article\" rel=\"noopener nofollow\" data-gtm-custom-categorie=\"navigation\" data-gtm-custom-action=\"crossclick\" data-gtm-custom-label=\"Contextuel\" data-gtm-event=\"customEventSPE\" data-fig-domain=\"LEFIGARO\">Donald Trump<\/a>\u00a0au pouvoir. Selon lui, le second mandat du pr\u00e9sident r\u00e9publicain \u00ab\u00a0est terrible\u00a0\u00bb pour l\u2019avenir des \u00c9tats-Unis. Raison pour laquelle Jimmy Kimmel a d\u00e9j\u00e0 pr\u00e9vu un plan B s\u2019il devait fuir un jour l\u2019administration Trump. Le pr\u00e9sentateur pense fortement \u00e0 s\u2019installer en Italie a-t-il annonc\u00e9 au micro du\u00a0<a href=\"https:\/\/podcasts.apple.com\/us\/podcast\/jimmy-kimmel-skipping-buttholes\/id1533130572?i=1000721011196\" target=\"_blank\" rel=\"sponsored noopener nofollow\" data-gtm-custom-categorie=\"navigation\" data-gtm-custom-action=\"crossclick\" data-gtm-custom-label=\"Contextuel\" data-gtm-event=\"customEventSPE\">podcast de Sarah Silverman<\/a>\u00a0mercredi 12 ao\u00fbt.<\/p>\n<p class=\"fig-paragraph\">Il a m\u00eame saut\u00e9 le pas en demandant la nationalit\u00e9 italienne, qu\u2019il a pu obtenir gr\u00e2ce \u00e0 ses origines italiennes du c\u00f4t\u00e9 de sa grand-m\u00e8re maternelle. Selon Jimmy Kimmel, ce qui se passe aux \u00c9tats-Unis est \u00ab\u00a0aussi grave qu\u2019on l\u2019imaginait\u00a0\u00bb. Il ajoute m\u00eame avec sid\u00e9ration\u00a0: \u00ab\u00a0C\u2019est sans doute encore pire que ce que Donald Trump aurait lui-m\u00eame souhait\u00e9.\u00a0\u00bb Si le pr\u00e9sentateur a ensuite coup\u00e9 court \u00e0 la discussion, ce n\u2019est pas la premi\u00e8re fois qu\u2019il s\u2019exprime sur la politique de Donald Trump. Jimmy Kimmel s\u2019est en r\u00e9alit\u00e9 impos\u00e9 ces derni\u00e8res ann\u00e9es comme un fervent opposant du R\u00e9publicain.<\/p>\n<p>                                    <a class=\"fig-a11y-skip a11y-hidden\" href=\"#fig-a11y-skip-main-inarticle\"><br \/>\n        Passer la publicit\u00e9<br \/>\n    <\/a><\/p>\n<p>Le Jimmy Kimmel Live\u00a0! en voie de disparition\u00a0?<\/p>\n<p class=\"fig-paragraph\">Il ne manque par exemple, jamais l\u2019occasion d\u2019\u00e9pingler le pr\u00e9sident sur le plateau de son \u00e9mission t\u00e9l\u00e9vis\u00e9e. Et de participer \u00e0 des manifestations contre l\u2019homme d\u2019\u00c9tat. Ce qui ne pla\u00eet pas vraiment au principal concern\u00e9. Ce dernier a m\u00eame trait\u00e9 Jimmy Kimmel de \u00ab\u00a0stupide\u00a0\u00bb et a insinu\u00e9 qu\u2019il pourrait m\u00eame bient\u00f4t perdre son poste. \u00ab\u00a0Le bruit court, et c\u2019est un gros bruit, que Jimmy Kimmel sera le prochain \u00e9vinc\u00e9 dans le concours des \u201cLate night shows\u201d sans int\u00e9r\u00eat, et peu de temps apr\u00e8s, Jimmy Fallon du\u00a0\u201cTonight Show\u201d,\u00a0partira \u00e9galement\u00a0\u00bb, a r\u00e9cemment \u00e9crit le pr\u00e9sident sur son r\u00e9seau Truth Social. Il fait notamment r\u00e9f\u00e9rence \u00e0 une autre \u00e9mission tr\u00e8s populaire aux \u00c9tats-Unis, celle de\u00a0<a href=\"https:\/\/tvmag.lefigaro.fr\/programme-tv\/actu-tele\/le-late-show-de-stephen-colbert-emission-emblematique-de-la-television-americaine-va-disparaitre-20250718\" target=\"_blank\" data-fig-type=\"Article\" rel=\"sponsored noopener nofollow\" data-gtm-custom-categorie=\"navigation\" data-gtm-custom-action=\"crossclick\" data-gtm-custom-label=\"Contextuel\" data-gtm-event=\"customEventSPE\" data-fig-domain=\"TVMAG\">Stephen Colbert<\/a>\u00a0qui vient d\u2019\u00eatre annul\u00e9e.<\/p>\n<p class=\"fig-body-link\">\n            \u00c0 lire aussi<br \/>\n        <a class=\"fig-body-link__link fig-premium-mark\" href=\"http:\/\/www.lefigaro.fr\/international\/comment-donald-trump-a-eu-la-peau-de-l-emission-satirique-late-show-20250727\" target=\"_blank\" data-fig-type=\"Article\" rel=\"noopener nofollow\" data-gtm-custom-categorie=\"navigation\" data-gtm-custom-action=\"crossclick\" data-gtm-custom-label=\"Contextuel\" data-gtm-event=\"customEventSPE\" data-fig-domain=\"LEFIGARO\">Comment Donald Trump a eu la peau de l\u2019\u00e9mission satirique \u00ab\u00a0Late Show\u00a0\u00bb<br \/>\n    <\/a>\n<\/p>\n<p class=\"fig-paragraph\">Jimmy Kimmel n\u2019a pas tard\u00e9 \u00e0 r\u00e9pliquer\u00a0:\u00a0\u00ab\u00a0J\u2019ai entendu dire que vous serez le prochain\u00a0\u00e0 partir, ou peut-\u00eatre que c\u2019est seulement un autre merveilleux secret\u00a0\u00bb. Le pr\u00e9sentateur ne serait pas la seule personnalit\u00e9 am\u00e9ricaine \u00e0 quitter les \u00c9tats-Unis en raison du gouvernement Trump. La pr\u00e9sentatrice Ellen DeGeneres a de son c\u00f4t\u00e9 d\u00e9m\u00e9nag\u00e9 au Royaume-Uni. L\u2019animatrice Rosie O\u2019Donnell a, elle, opt\u00e9 pour l\u2019Irlande.<\/p>\n","protected":false},"excerpt":{"rendered":"Le pr\u00e9sentateur a entam\u00e9 les d\u00e9marches apr\u00e8s la r\u00e9\u00e9lection du R\u00e9publicain et a r\u00e9ussi \u00e0 obtenir cette nationalit\u00e9&hellip;\n","protected":false},"author":2,"featured_media":320477,"comment_status":"","ping_status":"","sticky":false,"template":"","format":"standard","meta":{"footnotes":""},"categories":[1356],"tags":[58,75,59,73,1011,27,452,252,1364],"class_list":{"0":"post-320476","1":"post","2":"type-post","3":"status-publish","4":"format-standard","5":"has-post-thumbnail","7":"category-television","8":"tag-divertissement","9":"tag-donald-trump","10":"tag-entertainment","11":"tag-etats-unis","12":"tag-fr","13":"tag-france","14":"tag-italie","15":"tag-television","16":"tag-tv"},"share_on_mastodon":{"url":"https:\/\/pubeurope.com\/@fr\/115031960145295683","error":""},"_links":{"self":[{"href":"https:\/\/www.europesays.com\/fr\/wp-json\/wp\/v2\/posts\/320476","targetHints":{"allow":["GET"]}}],"collection":[{"href":"https:\/\/www.europesays.com\/fr\/wp-json\/wp\/v2\/posts"}],"about":[{"href":"https:\/\/www.europesays.com\/fr\/wp-json\/wp\/v2\/types\/post"}],"author":[{"embeddable":true,"href":"https:\/\/www.europesays.com\/fr\/wp-json\/wp\/v2\/users\/2"}],"replies":[{"embeddable":true,"href":"https:\/\/www.europesays.com\/fr\/wp-json\/wp\/v2\/comments?post=320476"}],"version-history":[{"count":0,"href":"https:\/\/www.europesays.com\/fr\/wp-json\/wp\/v2\/posts\/320476\/revisions"}],"wp:featuredmedia":[{"embeddable":true,"href":"https:\/\/www.europesays.com\/fr\/wp-json\/wp\/v2\/media\/320477"}],"wp:attachment":[{"href":"https:\/\/www.europesays.com\/fr\/wp-json\/wp\/v2\/media?parent=320476"}],"wp:term":[{"taxonomy":"category","embeddable":true,"href":"https:\/\/www.europesays.com\/fr\/wp-json\/wp\/v2\/categories?post=320476"},{"taxonomy":"post_tag","embeddable":true,"href":"https:\/\/www.europesays.com\/fr\/wp-json\/wp\/v2\/tags?post=320476"}],"curies":[{"name":"wp","href":"https:\/\/api.w.org\/{rel}","templated":true}]}}