{"id":320480,"date":"2025-08-15T09:00:11","date_gmt":"2025-08-15T09:00:11","guid":{"rendered":"https:\/\/www.europesays.com\/fr\/320480\/"},"modified":"2025-08-15T09:00:11","modified_gmt":"2025-08-15T09:00:11","slug":"on-na-pas-de-locomotive-pas-de-ruee-dans-les-salles-de-cinema-cet-ete","status":"publish","type":"post","link":"https:\/\/www.europesays.com\/fr\/320480\/","title":{"rendered":"\u00ab\u00a0On n\u2019a pas de locomotive\u00a0\u00bb\u2026 Pas de ru\u00e9e dans les salles de cin\u00e9ma cet \u00e9t\u00e9"},"content":{"rendered":"<p class=\"paragraph text_align_left lp-f-body-02\">Il semble bien loin le <a href=\"https:\/\/www.leparisien.fr\/culture-loisirs\/cinema\/personne-ne-lavait-vu-venir-le-cinema-enregistre-son-meilleur-mois-de-juillet-depuis-2011-06-08-2024-FE3QTXO7HFFEVISJ7LV46NPR5I.php\" target=\"_self\" rel=\"nofollow noopener\">carton plein de l\u2019\u00e9t\u00e9 2024<\/a> avec des chiffres jamais atteints depuis 2011, qui n\u2019avait m\u00eame pas souffert de la concurrence des Jeux olympiques de Paris. En cet \u00e9t\u00e9 2025, les cin\u00e9mas de France n\u2019attirent pas les foules. Ce mois de juillet a vu d\u00e9filer 14,8 millions de spectateurs, contre pr\u00e8s de 18 millions sur la m\u00eame p\u00e9riode un an plus t\u00f4t. La temp\u00e9rature a \u00e9t\u00e9 donn\u00e9e par la <a href=\"https:\/\/www.leparisien.fr\/culture-loisirs\/cinema\/plus-de-3-millions-de-billets-vendus-a-la-fete-du-cinema-2025-un-tres-bon-resultat-mais-03-07-2025-CKNAGYE3JRFILMXVCZKZDJ2MEM.php\" target=\"_self\" rel=\"nofollow noopener\">F\u00eate du cin\u00e9ma, du 29 juin au 2 juillet<\/a> : 3 millions de tickets vendus ont \u00e9t\u00e9 enregistr\u00e9s, un bon chiffre, mais loin du record de l\u2019\u00e9dition 2024, qui avait cumul\u00e9 4,65 millions d\u2019entr\u00e9es.<\/p>\n","protected":false},"excerpt":{"rendered":"Il semble bien loin le carton plein de l\u2019\u00e9t\u00e9 2024 avec des chiffres jamais atteints depuis 2011, qui&hellip;\n","protected":false},"author":2,"featured_media":320481,"comment_status":"","ping_status":"","sticky":false,"template":"","format":"standard","meta":{"footnotes":""},"categories":[1354],"tags":[650,872,58,59,1346,1011,27,1360],"class_list":{"0":"post-320480","1":"post","2":"type-post","3":"status-publish","4":"format-standard","5":"has-post-thumbnail","7":"category-films","8":"tag-cinema","9":"tag-culture-et-loisirs","10":"tag-divertissement","11":"tag-entertainment","12":"tag-films","13":"tag-fr","14":"tag-france","15":"tag-movies"},"share_on_mastodon":{"url":"","error":""},"_links":{"self":[{"href":"https:\/\/www.europesays.com\/fr\/wp-json\/wp\/v2\/posts\/320480","targetHints":{"allow":["GET"]}}],"collection":[{"href":"https:\/\/www.europesays.com\/fr\/wp-json\/wp\/v2\/posts"}],"about":[{"href":"https:\/\/www.europesays.com\/fr\/wp-json\/wp\/v2\/types\/post"}],"author":[{"embeddable":true,"href":"https:\/\/www.europesays.com\/fr\/wp-json\/wp\/v2\/users\/2"}],"replies":[{"embeddable":true,"href":"https:\/\/www.europesays.com\/fr\/wp-json\/wp\/v2\/comments?post=320480"}],"version-history":[{"count":0,"href":"https:\/\/www.europesays.com\/fr\/wp-json\/wp\/v2\/posts\/320480\/revisions"}],"wp:featuredmedia":[{"embeddable":true,"href":"https:\/\/www.europesays.com\/fr\/wp-json\/wp\/v2\/media\/320481"}],"wp:attachment":[{"href":"https:\/\/www.europesays.com\/fr\/wp-json\/wp\/v2\/media?parent=320480"}],"wp:term":[{"taxonomy":"category","embeddable":true,"href":"https:\/\/www.europesays.com\/fr\/wp-json\/wp\/v2\/categories?post=320480"},{"taxonomy":"post_tag","embeddable":true,"href":"https:\/\/www.europesays.com\/fr\/wp-json\/wp\/v2\/tags?post=320480"}],"curies":[{"name":"wp","href":"https:\/\/api.w.org\/{rel}","templated":true}]}}