{"id":320496,"date":"2025-08-15T09:09:12","date_gmt":"2025-08-15T09:09:12","guid":{"rendered":"https:\/\/www.europesays.com\/fr\/320496\/"},"modified":"2025-08-15T09:09:12","modified_gmt":"2025-08-15T09:09:12","slug":"des-pompiers-ligeriens-en-renfort-dans-le-sud-de-la-france","status":"publish","type":"post","link":"https:\/\/www.europesays.com\/fr\/320496\/","title":{"rendered":"des pompiers lig\u00e9riens en renfort dans le sud de la France"},"content":{"rendered":"<p>Ce vendredi matin, un d\u00e9tachement du Sdis 42 (Service d\u00e9partemental d\u2019incendie et de secours) a pris la route pour participer \u00e0 la lutte contre les feux de for\u00eat dans le sud de la France. Le groupe est compos\u00e9 de vingt pompiers lig\u00e9riens et de deux agents de soutien logistique r\u00e9partis \u00e0 bord de huit v\u00e9hicules.<\/p>\n<p>Le convoi se rend dans un premier temps sur le site de l\u2019Ecole nationale sup\u00e9rieure des sapeurs-pompiers \u00e0 Aix-en-Provence (Bouches-du-Rh\u00f4ne) o\u00f9 il se tiendra pr\u00eat \u00e0 intervenir d\u00e8s que les conditions op\u00e9rationnelles l\u2019exigeront alors que canicule et faibles pr\u00e9cipitations rendent le risque incendie \u00e9lev\u00e9 dans le sud de la France.<\/p>\n<p>Ces derni\u00e8res semaines, plusieurs dizaines de soldats du feu du d\u00e9partement \u00e9taient d\u00e9j\u00e0 parties en renfort dans <a href=\"https:\/\/www.leprogres.fr\/faits-divers-justice\/2025\/08\/07\/l-incendie-dans-l-aude-vu-a-travers-l-objectif-de-notre-envoye-special\" target=\"_blank\" rel=\"nofollow noopener\">l\u2019Aude<\/a>.<\/p>\n","protected":false},"excerpt":{"rendered":"Ce vendredi matin, un d\u00e9tachement du Sdis 42 (Service d\u00e9partemental d\u2019incendie et de secours) a pris la route&hellip;\n","protected":false},"author":2,"featured_media":320497,"comment_status":"","ping_status":"","sticky":false,"template":"","format":"standard","meta":{"footnotes":""},"categories":[9653],"tags":[1111,11,2430,7539,1777,674,274,1011,27,1310,3367,12,25,4001,7538],"class_list":{"0":"post-320496","1":"post","2":"type-post","3":"status-publish","4":"format-standard","5":"has-post-thumbnail","7":"category-saint-etienne","8":"tag-actu","9":"tag-actualites","10":"tag-auvergne-rhone-alpes","11":"tag-edition-loire-sud","12":"tag-eu","13":"tag-europe","14":"tag-faits-divers-justice","15":"tag-fr","16":"tag-france","17":"tag-incendie","18":"tag-loire","19":"tag-news","20":"tag-republique-francaise","21":"tag-saint-etienne","22":"tag-saint-etienne-ville"},"share_on_mastodon":{"url":"https:\/\/pubeurope.com\/@fr\/115032002759664079","error":""},"_links":{"self":[{"href":"https:\/\/www.europesays.com\/fr\/wp-json\/wp\/v2\/posts\/320496","targetHints":{"allow":["GET"]}}],"collection":[{"href":"https:\/\/www.europesays.com\/fr\/wp-json\/wp\/v2\/posts"}],"about":[{"href":"https:\/\/www.europesays.com\/fr\/wp-json\/wp\/v2\/types\/post"}],"author":[{"embeddable":true,"href":"https:\/\/www.europesays.com\/fr\/wp-json\/wp\/v2\/users\/2"}],"replies":[{"embeddable":true,"href":"https:\/\/www.europesays.com\/fr\/wp-json\/wp\/v2\/comments?post=320496"}],"version-history":[{"count":0,"href":"https:\/\/www.europesays.com\/fr\/wp-json\/wp\/v2\/posts\/320496\/revisions"}],"wp:featuredmedia":[{"embeddable":true,"href":"https:\/\/www.europesays.com\/fr\/wp-json\/wp\/v2\/media\/320497"}],"wp:attachment":[{"href":"https:\/\/www.europesays.com\/fr\/wp-json\/wp\/v2\/media?parent=320496"}],"wp:term":[{"taxonomy":"category","embeddable":true,"href":"https:\/\/www.europesays.com\/fr\/wp-json\/wp\/v2\/categories?post=320496"},{"taxonomy":"post_tag","embeddable":true,"href":"https:\/\/www.europesays.com\/fr\/wp-json\/wp\/v2\/tags?post=320496"}],"curies":[{"name":"wp","href":"https:\/\/api.w.org\/{rel}","templated":true}]}}