{"id":320500,"date":"2025-08-15T09:11:17","date_gmt":"2025-08-15T09:11:17","guid":{"rendered":"https:\/\/www.europesays.com\/fr\/320500\/"},"modified":"2025-08-15T09:11:17","modified_gmt":"2025-08-15T09:11:17","slug":"a-la-rentree-cette-patisserie-specialiste-des-fingers-va-ouvrir-un-second-magasin-au-centre-ville-de-nancy","status":"publish","type":"post","link":"https:\/\/www.europesays.com\/fr\/320500\/","title":{"rendered":"\u00c0 la rentr\u00e9e, cette p\u00e2tisserie sp\u00e9cialiste des \u00ab\u00a0fingers\u00a0\u00bb va ouvrir un second magasin au centre-ville de Nancy"},"content":{"rendered":"<p>            Par<br \/>\n        <strong><br \/>\n            <a href=\"https:\/\/actu.fr\/auteur\/pierre-emile-bouchy-actu-fr\" title=\"Consulter tous les articles de Paul-Emile Bouchy\" target=\"_blank\" rel=\"noopener\">Paul-Emile Bouchy<\/a><br \/>\n        <\/strong><\/p>\n<p>        Publi\u00e9 le<\/p>\n<p>            15 ao\u00fbt 2025 \u00e0 10h51        <\/p>\n<p>Depuis son ouverture fin 2023 dans le quartier de la Vieille-Ville \u00e0 <a href=\"https:\/\/actu.fr\/grand-est\/nancy_54395\" target=\"_blank\" rel=\"noopener\">Nancy<\/a>, <strong>LD P\u00e2tisserie<\/strong> est devenue une adresse tr\u00e8s appr\u00e9ci\u00e9e des Nanc\u00e9iens et des touristes.<\/p>\n<p class=\" wall-content\">Pour toucher une nouvelle client\u00e8le et proposer une nouvelle offre, son g\u00e9rant, Lo\u00efc Delabarre, a choisi d\u2019<strong>ouvrir un second magasin en plein centre-ville<\/strong> de la cit\u00e9 ducale.<\/p>\n<p>Ouverture de la p\u00e2tisserie \u00e0 la rentr\u00e9e scolaire<\/p>\n<p class=\" wall-content\">Pour cette nouvelle adresse, il a trouv\u00e9 un emplacement id\u00e9al, <strong>en bas de la rue de la Visitation<\/strong> et \u00e0 quelques m\u00e8tres de la rue Saint-Jean o\u00f9 circule le <a href=\"https:\/\/actu.fr\/tag\/trolleybus\" target=\"_blank\" rel=\"noopener\">trolleybus<\/a>.<\/p>\n<p class=\" wall-content\">\u00ab\u2009Ici, on va toucher une client\u00e8le de passage. C\u2019est pour \u00e7a qu\u2019on va <strong>installer quelques tables et une terrasse pour cr\u00e9er un salon de th\u00e9<\/strong> o\u00f9 les gens peuvent s\u2019asseoir, ce qu\u2019on ne peut pas faire dans notre premier magasin\u2009\u00bb, explique-t-il.<\/p>\n<p class=\" wall-content\">L\u2019ouverture est pr\u00e9vue le<strong> samedi 6\u00a0septembre 2025<\/strong>, quelques jours apr\u00e8s la <a href=\"https:\/\/actu.fr\/tag\/rentree-scolaire\" target=\"_blank\" rel=\"noopener\">rentr\u00e9e scolaire<\/a>. Le magasin sera ouvert <strong>du mardi au samedi de 11h \u00e0 18h<\/strong>.<\/p>\n<p class=\" wall-content\"><a href=\"https:\/\/www.instagram.com\/p\/DKoeEsoPMRm\/embed\" title=\"Ouvrir le lien sur Instagram\" target=\"_blank\" rel=\"noopener\">Visualiser le contenu sur Instagram<\/a><\/p>\n<p>Toujours une p\u00e2tisserie avec plusieurs d\u00e9clinaisons de \u00ab\u2009fingers\u2009\u00bb<\/p>\n<p class=\" wall-content\">Cette p\u00e2tisserie nanc\u00e9ienne a su se d\u00e9marquer gr\u00e2ce \u00e0 un concept\u2009: <strong>d\u00e9cliner \u00e0 l\u2019envi le<\/strong> <strong>\u00ab\u2009finger\u2009\u00bb<\/strong>, ce petit g\u00e2teau \u00e0 la forme allong\u00e9e.<\/p>\n<p class=\" wall-content\">Dans ce second local, les clients pourront retrouver plusieurs d\u00e9clinaisons. \u00ab<strong>\u2009On aura toujours nos cinq parfums habituels et trois autres selon la p\u00e9riodicit\u00e9<\/strong>. Par exemple, on a lanc\u00e9 un finger \u00e0 la mirabelle ce mois-ci\u2009\u00bb, pr\u00e9cise M. Delabarre.<\/p>\n<p class=\" wall-content\">Ces g\u00e2teaux seront disponibles au format individuel ou pour 4\/6 personnes.<\/p>\n<p class=\" wall-content\">Suivez toute l\u2019actualit\u00e9 de vos villes et m\u00e9dias favoris en vous inscrivant \u00e0 <a href=\"https:\/\/moncompte.actu.fr\" title=\"D\u00e9couvez Mon Actu\" rel=\"nofollow noopener\" data-trk=\"{&quot;cta&quot;:{&quot;action&quot;:&quot;https:\\\/\\\/moncompte.actu.fr&quot;,&quot;category&quot;:&quot;mon compte&quot;,&quot;from&quot;:&quot;article footer&quot;,&quot;name&quot;:&quot;Mon actu&quot;,&quot;type&quot;:&quot;cta&quot;}}\" target=\"_blank\">Mon Actu<\/a>.<\/p>\n<ul class=\"ac-article-tag wall-content\">\n<li><a href=\"https:\/\/actu.fr\/tag\/commerce\" data-trk=\"{&quot;cta&quot;:{&quot;action&quot;:&quot;Commerce&quot;,&quot;category&quot;:&quot;tag&quot;,&quot;from&quot;:&quot;article footer&quot;,&quot;name&quot;:&quot;Commerce&quot;,&quot;type&quot;:&quot;cta&quot;}}\" target=\"_blank\" rel=\"noopener\">#Commerce<\/a><\/li>\n<li><a href=\"https:\/\/actu.fr\/tag\/nouveaux-commerces\" data-trk=\"{&quot;cta&quot;:{&quot;action&quot;:&quot;Nouveaux commerces&quot;,&quot;category&quot;:&quot;tag&quot;,&quot;from&quot;:&quot;article footer&quot;,&quot;name&quot;:&quot;Nouveaux commerces&quot;,&quot;type&quot;:&quot;cta&quot;}}\" target=\"_blank\" rel=\"noopener\">#Nouveaux commerces<\/a><\/li>\n<\/ul>\n<p>                    <script async src=\"\/\/www.instagram.com\/embed.js\"><\/script><\/p>\n","protected":false},"excerpt":{"rendered":"Par Paul-Emile Bouchy Publi\u00e9 le 15 ao\u00fbt 2025 \u00e0 10h51 Depuis son ouverture fin 2023 dans le quartier&hellip;\n","protected":false},"author":2,"featured_media":320501,"comment_status":"","ping_status":"","sticky":false,"template":"","format":"standard","meta":{"footnotes":""},"categories":[9635],"tags":[1111,11,215,1777,674,1011,27,775,1702,12,3147,25,104],"class_list":{"0":"post-320500","1":"post","2":"type-post","3":"status-publish","4":"format-standard","5":"has-post-thumbnail","7":"category-nancy","8":"tag-actu","9":"tag-actualites","10":"tag-commerce","11":"tag-eu","12":"tag-europe","13":"tag-fr","14":"tag-france","15":"tag-grand-est","16":"tag-nancy","17":"tag-news","18":"tag-nouveaux-commerces","19":"tag-republique-francaise","20":"tag-societe"},"share_on_mastodon":{"url":"https:\/\/pubeurope.com\/@fr\/115032010526820477","error":""},"_links":{"self":[{"href":"https:\/\/www.europesays.com\/fr\/wp-json\/wp\/v2\/posts\/320500","targetHints":{"allow":["GET"]}}],"collection":[{"href":"https:\/\/www.europesays.com\/fr\/wp-json\/wp\/v2\/posts"}],"about":[{"href":"https:\/\/www.europesays.com\/fr\/wp-json\/wp\/v2\/types\/post"}],"author":[{"embeddable":true,"href":"https:\/\/www.europesays.com\/fr\/wp-json\/wp\/v2\/users\/2"}],"replies":[{"embeddable":true,"href":"https:\/\/www.europesays.com\/fr\/wp-json\/wp\/v2\/comments?post=320500"}],"version-history":[{"count":0,"href":"https:\/\/www.europesays.com\/fr\/wp-json\/wp\/v2\/posts\/320500\/revisions"}],"wp:featuredmedia":[{"embeddable":true,"href":"https:\/\/www.europesays.com\/fr\/wp-json\/wp\/v2\/media\/320501"}],"wp:attachment":[{"href":"https:\/\/www.europesays.com\/fr\/wp-json\/wp\/v2\/media?parent=320500"}],"wp:term":[{"taxonomy":"category","embeddable":true,"href":"https:\/\/www.europesays.com\/fr\/wp-json\/wp\/v2\/categories?post=320500"},{"taxonomy":"post_tag","embeddable":true,"href":"https:\/\/www.europesays.com\/fr\/wp-json\/wp\/v2\/tags?post=320500"}],"curies":[{"name":"wp","href":"https:\/\/api.w.org\/{rel}","templated":true}]}}