{"id":320510,"date":"2025-08-15T09:17:17","date_gmt":"2025-08-15T09:17:17","guid":{"rendered":"https:\/\/www.europesays.com\/fr\/320510\/"},"modified":"2025-08-15T09:17:17","modified_gmt":"2025-08-15T09:17:17","slug":"sm-caen-avec-plus-de-600-supporters-malherbe-sera-quasiment-chez-lui-a-quevilly","status":"publish","type":"post","link":"https:\/\/www.europesays.com\/fr\/320510\/","title":{"rendered":"SM Caen. Avec plus de 600 supporters, Malherbe sera quasiment chez lui \u00e0 Quevilly"},"content":{"rendered":"<p>            Par<br \/>\n        <strong><br \/>\n            <a href=\"https:\/\/actu.fr\/auteur\/nicolas-claich\" title=\"Consulter tous les articles de Nicolas Claich\" target=\"_blank\" rel=\"noopener\">Nicolas Claich<\/a><br \/>\n        <\/strong><\/p>\n<p>        Publi\u00e9 le<\/p>\n<p>            15 ao\u00fbt 2025 \u00e0 7h12        <\/p>\n<p>126 kilom\u00e8tres par l\u2019autoroute A13. Le d\u00e9placement du <b>Stade Malherbe Caen (Calvados)<\/b> \u00e0 Quevilly, ce vendredi 15\u00a0ao\u00fbt 2025 (19h30) \u00e0 l\u2019occasion de la 2e journ\u00e9e de National, sera le plus court de la saison pour les hommes de Maxime d\u2019Ornano. Avec le voyage \u00e0 Rouen, pr\u00e9vu le 27\u00a0mars 2026, puisque les deux clubs de l\u2019agglom\u00e9ration rouennaise \u00e9voluent dans le m\u00eame stade Robert-Diochon. L\u2019occasion pour les supporters malherbistes de faire du bruit dans une enceinte qui sonne r\u00e9guli\u00e8rement le creux.<\/p>\n<p>Moins de 2\u2009500\u00a0spectateurs de moyenne<\/p>\n<p class=\" wall-content\">Lors de la saison 2024-25, Quevilly-Rouen-M\u00e9tropole a r\u00e9uni 37\u2009063\u00a0spectateurs dans son stade d\u2019une capacit\u00e9 de 8\u2009372 places. Soit <b>une moyenne de 2\u2009471\u00a0spectateurs<\/b> par match et un taux de remplissage de 29,5\u2009%.<\/p>\n<p class=\" wall-content\">Ce vendredi 15\u00a0ao\u00fbt, les supporters du SM Caen devraient assurer une belle affluence. Le parcage r\u00e9serv\u00e9 aux visiteurs, qui compte <b>600 places<\/b>, s\u2019est rempli en quelques jours \u00e0 peine. \u00c0 ces fans, pour la plupart abonn\u00e9s du <b>Malherbe Normandy Kop<\/b>, il faudra aussi ajouter les supporters qui se rendront au stade par leurs propres moyens.<\/p>\n<p>Le coach du SM Caen conna\u00eet bien le stade Diochon<\/p>\n<p class=\" wall-content\">De quoi soutenir Yann M\u2019Vila et ses partenaires dans leur qu\u00eate d\u2019<a href=\"https:\/\/actu.fr\/normandie\/caen_14118\/sm-caen-voici-pourquoi-la-victoire-contre-aubagne-ressemble-a-un-vrai-nouveau-depart-pour-malherbe_63024000.html\" target=\"_blank\" rel=\"noopener\">une deuxi\u00e8me victoire<\/a> cette saison.<\/p>\n<blockquote class=\"ac-article-quote wall-content\">\n<p>Quevilly est une \u00e9quipe toujours bien organis\u00e9e et qui sera revancharde apr\u00e8s sa d\u00e9faite lors de la 1re journ\u00e9e. De notre c\u00f4t\u00e9, on doit rester concentr\u00e9 sur ce qu\u2019on veut faire. On a envie de gagner \u00e0 chaque match.<\/p>\n<p>Maxime D\u2019Ornano, entra\u00eeneur du SM Caen<\/p><\/blockquote>\n<p class=\" wall-content\">Le coach caennais conna\u00eet bien le stade Diochon pour avoir entra\u00een\u00e9 le FC Rouen de 2021 \u00e0 2024. Il en loue la <b>qualit\u00e9 de la pelouse<\/b>, m\u00eame partag\u00e9e avec le club de rugby local, et compte bien offrir un nouveau succ\u00e8s aux supporters qui auront effectu\u00e9 le d\u00e9placement.<\/p>\n<p class=\" wall-content\">Suivez toute l\u2019actualit\u00e9 de vos villes et m\u00e9dias favoris en vous inscrivant \u00e0 <a href=\"https:\/\/moncompte.actu.fr\" title=\"D\u00e9couvez Mon Actu\" rel=\"nofollow noopener\" data-trk=\"{&quot;cta&quot;:{&quot;action&quot;:&quot;https:\\\/\\\/moncompte.actu.fr&quot;,&quot;category&quot;:&quot;mon compte&quot;,&quot;from&quot;:&quot;article footer&quot;,&quot;name&quot;:&quot;Mon actu&quot;,&quot;type&quot;:&quot;cta&quot;}}\" target=\"_blank\">Mon Actu<\/a>.<\/p>\n<ul class=\"ac-article-tag wall-content\">\n<li><a href=\"https:\/\/actu.fr\/tag\/sport-caen\" data-trk=\"{&quot;cta&quot;:{&quot;action&quot;:&quot;Sport Caen&quot;,&quot;category&quot;:&quot;tag&quot;,&quot;from&quot;:&quot;article footer&quot;,&quot;name&quot;:&quot;Sport Caen&quot;,&quot;type&quot;:&quot;cta&quot;}}\" target=\"_blank\" rel=\"noopener\">#Sport Caen<\/a><\/li>\n<li><a href=\"https:\/\/actu.fr\/tag\/stade-malherbe-de-caen\" data-trk=\"{&quot;cta&quot;:{&quot;action&quot;:&quot;Stade Malherbe de Caen&quot;,&quot;category&quot;:&quot;tag&quot;,&quot;from&quot;:&quot;article footer&quot;,&quot;name&quot;:&quot;Stade Malherbe de Caen&quot;,&quot;type&quot;:&quot;cta&quot;}}\" target=\"_blank\" rel=\"noopener\">#Stade Malherbe de Caen<\/a><\/li>\n<\/ul>\n","protected":false},"excerpt":{"rendered":"Par Nicolas Claich Publi\u00e9 le 15 ao\u00fbt 2025 \u00e0 7h12 126 kilom\u00e8tres par l\u2019autoroute A13. Le d\u00e9placement du&hellip;\n","protected":false},"author":2,"featured_media":320511,"comment_status":"","ping_status":"","sticky":false,"template":"","format":"standard","meta":{"footnotes":""},"categories":[9587],"tags":[1111,11,1777,674,63,1011,27,12,5161,25,9590,1745,60,266],"class_list":{"0":"post-320510","1":"post","2":"type-post","3":"status-publish","4":"format-standard","5":"has-post-thumbnail","7":"category-rouen","8":"tag-actu","9":"tag-actualites","10":"tag-eu","11":"tag-europe","12":"tag-football","13":"tag-fr","14":"tag-france","15":"tag-news","16":"tag-normandie","17":"tag-republique-francaise","18":"tag-rouen","19":"tag-sport-caen","20":"tag-sports","21":"tag-stade-malherbe-de-caen"},"share_on_mastodon":{"url":"https:\/\/pubeurope.com\/@fr\/115032034012716793","error":""},"_links":{"self":[{"href":"https:\/\/www.europesays.com\/fr\/wp-json\/wp\/v2\/posts\/320510","targetHints":{"allow":["GET"]}}],"collection":[{"href":"https:\/\/www.europesays.com\/fr\/wp-json\/wp\/v2\/posts"}],"about":[{"href":"https:\/\/www.europesays.com\/fr\/wp-json\/wp\/v2\/types\/post"}],"author":[{"embeddable":true,"href":"https:\/\/www.europesays.com\/fr\/wp-json\/wp\/v2\/users\/2"}],"replies":[{"embeddable":true,"href":"https:\/\/www.europesays.com\/fr\/wp-json\/wp\/v2\/comments?post=320510"}],"version-history":[{"count":0,"href":"https:\/\/www.europesays.com\/fr\/wp-json\/wp\/v2\/posts\/320510\/revisions"}],"wp:featuredmedia":[{"embeddable":true,"href":"https:\/\/www.europesays.com\/fr\/wp-json\/wp\/v2\/media\/320511"}],"wp:attachment":[{"href":"https:\/\/www.europesays.com\/fr\/wp-json\/wp\/v2\/media?parent=320510"}],"wp:term":[{"taxonomy":"category","embeddable":true,"href":"https:\/\/www.europesays.com\/fr\/wp-json\/wp\/v2\/categories?post=320510"},{"taxonomy":"post_tag","embeddable":true,"href":"https:\/\/www.europesays.com\/fr\/wp-json\/wp\/v2\/tags?post=320510"}],"curies":[{"name":"wp","href":"https:\/\/api.w.org\/{rel}","templated":true}]}}