{"id":320515,"date":"2025-08-15T09:22:09","date_gmt":"2025-08-15T09:22:09","guid":{"rendered":"https:\/\/www.europesays.com\/fr\/320515\/"},"modified":"2025-08-15T09:22:09","modified_gmt":"2025-08-15T09:22:09","slug":"comment-se-rafraichir-la-liste-des-lieux-ou-lon-peut-se-baigner","status":"publish","type":"post","link":"https:\/\/www.europesays.com\/fr\/320515\/","title":{"rendered":"comment se rafra\u00eechir ? La liste des lieux o\u00f9 l&rsquo;on peut se baigner"},"content":{"rendered":"<p>            Par<br \/>\n        <strong><br \/>\n            <a href=\"https:\/\/actu.fr\/auteur\/lou-batteux\" title=\"Consulter tous les articles de Lou Batteux\" target=\"_blank\" rel=\"noopener\">Lou Batteux<\/a><br \/>\n        <\/strong><\/p>\n<p>        Publi\u00e9 le<\/p>\n<p>            15 ao\u00fbt 2025 \u00e0 10h30        <\/p>\n<p>Sortez vos maillots de bain et votre cr\u00e8me solaire, plusieurs points d\u2019eau sont l\u00e0 pour vous rafra\u00eechir \u00e0 Rennes. Tout l\u2019\u00e9t\u00e9, <strong>plages, pataugeoires et piscines<\/strong> sont ouvertes aux vacanciers, mais pas que.<\/p>\n<p>Presque comme \u00e0 la mer<\/p>\n<p class=\" wall-content\">\u00c0 l\u2019ouest de Rennes, les <strong>\u00c9tangs d\u2019Apign\u00e9<\/strong> sont accessibles \u00e0 v\u00e9lo, en bus ou en voiture. La baignade y est surveill\u00e9e en continu de <strong>12h30 \u00e0 18h30<\/strong>, jusqu\u2019au dimanche 7\u00a0septembre.<\/p>\n<p class=\" wall-content\">Vous pourrez \u00e9galement retrouver des restaurants et des sanitaires sur place, au<strong> chemin de la Pr\u00e9valaye<\/strong>.\u00a0Chaque jour de l\u2019\u00e9t\u00e9, la<strong> ligne estivale Api\u2019Bus<\/strong> relie la place de la R\u00e9publique aux \u00c9tangs d\u2019Apign\u00e9. Consultez les horaires des bus sur <a href=\"http:\/\/star.fr\/actualites\/apibus\" target=\"_blank\" rel=\"noopener\">le site du r\u00e9seau STAR<\/a>.<\/p>\n<p class=\" wall-content\">Au <strong>bord de la Vilaine<\/strong>, une \u00ab\u2009plage urbaine\u2009\u00bb a vu le jour en 2019. <strong>Les Plages de Baud<\/strong>, un parc d\u2019une superficie de 3,5 hectares, s\u2019\u00e9tablissent dans le quartier Baud-Chardonnet. I<\/p>\n<p class=\" wall-content\">Ici, pas de sable, mais une grande pelouse pour <strong>prendre un bain de soleil<\/strong>. Vous y retrouverez des jeux pour enfants et certaines activit\u00e9s nautiques, comme<strong> le kayak ou l\u2019aviron,<\/strong> qui y sont r\u00e9guli\u00e8rement propos\u00e9es.<\/p>\n<p>Accessible en bus, avec les lignes C4 et C6 jusqu\u2019\u00e0 l\u2019arr\u00eat Fran\u00e7ois-Ch\u00e2teau, ou en voiture avec un stationnement disponible \u00e0 proximit\u00e9.<\/p>\n<p>Des activit\u00e9s sportives<\/p>\n<p class=\" wall-content\">Pour les plus sportifs, diverses sorties sur l\u2019eau sont propos\u00e9es au sein de la capitale bretonne. Sur <strong>la Vilaine<\/strong>, il est possible de louer <strong>des cano\u00ebs et des paddles<\/strong> ainsi que des bateaux \u00e9lectriques \u00e0 l\u2019embarcad\u00e8re du quai Saint\u2011Cyr, face au Mabilay. Retrouvez les horaires et les tarifs sur <a href=\"http:\/\/embarcadere-rennes.fr\" target=\"_blank\" rel=\"noopener\">le site de l\u2019embarcad\u00e8re<\/a>.<\/p>\n<p class=\" wall-content\">Sur le <strong>canal d\u2019Ille-et-Rance<\/strong>, embarquez \u00e0 bord des <strong>P\u2019tits Bateaux \u00e9lectriques<\/strong>, au d\u00e9part des prairies Saint-Martin. Retrouvez les horaires et les tarifs sur <a href=\"https:\/\/www.lesptitsbateaux-rennes.com\/\" target=\"_blank\" rel=\"noopener\">leur site<\/a>.<\/p>\n<p>Piscines, pataugeoires et brumisateurs<\/p>\n<p class=\" wall-content\">Tout l\u2019\u00e9t\u00e9, <strong>deux\u00a0grandes piscines rennaises<\/strong>\u00a0sont ouvertes. Celle de\u00a0<strong>Br\u00e9quigny\u00a0<\/strong>avec son bassin olympique en int\u00e9rieur et son bassin nordique en plein air, et celle des\u00a0<strong>Gayeulles<\/strong>, avec ses espaces pour les enfants et son bassin \u00e0 vagues. Pour conna\u00eetre les horaires d\u2019ouverture, rendez-vous sur <a href=\"https:\/\/culture-sport.metropole.rennes.fr\/les-horaires-des-piscines\/\" target=\"_blank\" rel=\"noopener\">le site de la m\u00e9tropole<\/a>.<\/p>\n<p class=\" wall-content\">Pour les plus petits, <strong>des pataugeoires<\/strong> sont mises \u00e0 disposition jusqu\u2019au 15\u00a0septembre 2025 dans plusieurs lieux de Rennes\u2009:<\/p>\n<ul class=\" wall-content\">\n<li>parc Br\u00e9quigny, du lundi au samedi de 10h \u00e0 20h et le dimanche de 11h \u00e0 20h (19h30 en septembre)\u2009;<\/li>\n<li>square Charles-G\u00e9niaux, du lundi au samedi de 10h \u00e0 19h et le dimanche de 11h \u00e0 19h\u2009;<\/li>\n<li>parc des Hautes-Ourmes, du lundi au samedi de 10h \u00e0 20h et le dimanche de 11h \u00e0 20h (19h30 en septembre).<\/li>\n<\/ul>\n<p class=\" wall-content\">Des\u00a0<strong>brumisateurs ou des jeux d\u2019eau\u00a0<\/strong>sont \u00e9galement propos\u00e9s\u2009:<\/p>\n<ul class=\" wall-content\">\n<li>\u00e0 la plage de l\u2019\u00e9tang d\u2019Apign\u00e9\u2009;<\/li>\n<li>dans les parcs du Berry et de Maurepas\u2009;<\/li>\n<li>sur les plages de Baud\u2009;<\/li>\n<li>aux abords des stations de m\u00e9tro Gros\u2011Ch\u00eane et Saint-Germain.<\/li>\n<\/ul>\n<p class=\" wall-content\">Vous pouvez retrouver la carte des espaces fra\u00eecheur disponibles sur\u00a0<a href=\"https:\/\/environnement-sante.metropole.rennes.fr\/pataugeoires-et-zones-de-fraicheur\/\" target=\"_blank\" rel=\"noopener\">le site de la m\u00e9tropole<\/a>.<\/p>\n<p>Tous \u00e0 la mer<\/p>\n<p class=\" wall-content\">Avec le dispositif <strong>Rennes \u00e0 la mer et au vert<\/strong>, vous pouvez profiter <strong>d\u2019excursions \u00e0 la mer \u00e0 petit prix <\/strong><strong>tout l\u2019\u00e9t\u00e9<\/strong>. Au programme, 28 sorties \u00e0 la journ\u00e9e au d\u00e9part de Rennes, depuis l\u2019esplanade Charles-de-Gaulle. <strong>La Baule, Saint-Briac, Carnac, Quiberon<\/strong>\u2026 De nombreuses destinations c\u00f4ti\u00e8res sont propos\u00e9es aux Rennais.<\/p>\n<p class=\" wall-content\">La vente des billets a lieu \u00e0 la <strong>Maison des a\u00een\u00e9s et des aidants<\/strong>, au 34, place du Colombier, le lundi, de 13h30 \u00e0 17h, et du mardi au vendredi, de 9h \u00e0 12h30 et de 13h30 \u00e0 17h.<\/p>\n<p class=\" wall-content\">\u00c0 partir de 15\u00a0ans, le tarif plein est de <strong>13,50\u00a0euros<\/strong> et 4,50\u00a0euros pour les titulaires de la carte Sortir\u2009!. De 5 \u00e0 15\u00a0ans, le tarif plein est de <strong>9\u00a0euros<\/strong> et de 2,50\u00a0euros pour ceux qui poss\u00e8dent la carte Sortir\u2009!. Pour retrouver toutes les informations, <a href=\"https:\/\/ici.rennes.fr\/actualites\/2025-06-23-partez-a-la-mer-et-au-vert-depuis-rennes\/\" target=\"_blank\" rel=\"noopener\">rendez-vous sur ce site<\/a>.<\/p>\n<p class=\" wall-content\">Suivez toute l\u2019actualit\u00e9 de vos villes et m\u00e9dias favoris en vous inscrivant \u00e0 <a href=\"https:\/\/moncompte.actu.fr\" title=\"D\u00e9couvez Mon Actu\" rel=\"nofollow noopener\" data-trk=\"{&quot;cta&quot;:{&quot;action&quot;:&quot;https:\\\/\\\/moncompte.actu.fr&quot;,&quot;category&quot;:&quot;mon compte&quot;,&quot;from&quot;:&quot;article footer&quot;,&quot;name&quot;:&quot;Mon actu&quot;,&quot;type&quot;:&quot;cta&quot;}}\" target=\"_blank\">Mon Actu<\/a>.<\/p>\n","protected":false},"excerpt":{"rendered":"Par Lou Batteux Publi\u00e9 le 15 ao\u00fbt 2025 \u00e0 10h30 Sortez vos maillots de bain et votre cr\u00e8me&hellip;\n","protected":false},"author":2,"featured_media":320516,"comment_status":"","ping_status":"","sticky":false,"template":"","format":"standard","meta":{"footnotes":""},"categories":[2821],"tags":[1111,11,829,31700,1777,674,1011,27,1652,12,8302,584,25],"class_list":{"0":"post-320515","1":"post","2":"type-post","3":"status-publish","4":"format-standard","5":"has-post-thumbnail","7":"category-rennes","8":"tag-actu","9":"tag-actualites","10":"tag-bretagne","11":"tag-ete-a-rennes","12":"tag-eu","13":"tag-europe","14":"tag-fr","15":"tag-france","16":"tag-loisirs-culture","17":"tag-news","18":"tag-plages","19":"tag-rennes","20":"tag-republique-francaise"},"share_on_mastodon":{"url":"https:\/\/pubeurope.com\/@fr\/115032053806444861","error":""},"_links":{"self":[{"href":"https:\/\/www.europesays.com\/fr\/wp-json\/wp\/v2\/posts\/320515","targetHints":{"allow":["GET"]}}],"collection":[{"href":"https:\/\/www.europesays.com\/fr\/wp-json\/wp\/v2\/posts"}],"about":[{"href":"https:\/\/www.europesays.com\/fr\/wp-json\/wp\/v2\/types\/post"}],"author":[{"embeddable":true,"href":"https:\/\/www.europesays.com\/fr\/wp-json\/wp\/v2\/users\/2"}],"replies":[{"embeddable":true,"href":"https:\/\/www.europesays.com\/fr\/wp-json\/wp\/v2\/comments?post=320515"}],"version-history":[{"count":0,"href":"https:\/\/www.europesays.com\/fr\/wp-json\/wp\/v2\/posts\/320515\/revisions"}],"wp:featuredmedia":[{"embeddable":true,"href":"https:\/\/www.europesays.com\/fr\/wp-json\/wp\/v2\/media\/320516"}],"wp:attachment":[{"href":"https:\/\/www.europesays.com\/fr\/wp-json\/wp\/v2\/media?parent=320515"}],"wp:term":[{"taxonomy":"category","embeddable":true,"href":"https:\/\/www.europesays.com\/fr\/wp-json\/wp\/v2\/categories?post=320515"},{"taxonomy":"post_tag","embeddable":true,"href":"https:\/\/www.europesays.com\/fr\/wp-json\/wp\/v2\/tags?post=320515"}],"curies":[{"name":"wp","href":"https:\/\/api.w.org\/{rel}","templated":true}]}}