{"id":320517,"date":"2025-08-15T09:23:15","date_gmt":"2025-08-15T09:23:15","guid":{"rendered":"https:\/\/www.europesays.com\/fr\/320517\/"},"modified":"2025-08-15T09:23:15","modified_gmt":"2025-08-15T09:23:15","slug":"le-onze-probable-de-de-zerbi-pour-le-choc-douverture","status":"publish","type":"post","link":"https:\/\/www.europesays.com\/fr\/320517\/","title":{"rendered":"Le onze probable de De Zerbi pour le choc d\u2019ouverture"},"content":{"rendered":"<p data-start=\"182\" data-end=\"440\">La Ligue 1 2025-2026 d\u00e9marre fort ce vendredi 15 ao\u00fbt avec un <strong data-start=\"244\" data-end=\"264\">duel de haut vol<\/strong> : Rennes re\u00e7oit l\u2019Olympique de Marseille au Roazhon Park (20h45, sur Ligue1+). Pour Roberto De Zerbi, c\u2019est d\u00e9j\u00e0 l\u2019heure de pr\u00e9senter son premier onze officiel de la saison.<\/p>\n<p>Le onze probable de l\u2019OM<\/p>\n<p data-start=\"476\" data-end=\"566\">Priv\u00e9 de Facundo Medina (suspendu) et d\u2019Igor Paixao (bless\u00e9), De Zerbi devrait aligner :<\/p>\n<p data-start=\"568\" data-end=\"682\"><strong data-start=\"568\" data-end=\"577\">Rulli<\/strong> \u2013 <strong data-start=\"580\" data-end=\"620\">Murillo, Egan-Riley, Balerdi, Garcia<\/strong> \u2013 <strong data-start=\"623\" data-end=\"650\">H\u00f8jbjerg, Gomes, Rabiot<\/strong> \u2013 <strong data-start=\"653\" data-end=\"680\">Rowe, Greenwood, Gouiri<\/strong><\/p>\n<p data-start=\"684\" data-end=\"852\">Ce choix marque la premi\u00e8re titularisation d\u2019<strong data-start=\"729\" data-end=\"744\">Angel Gomes<\/strong>, arriv\u00e9 cet \u00e9t\u00e9, et le retour d\u2019<strong data-start=\"777\" data-end=\"793\">Amine Gouiri<\/strong> au Roazhon Park, cette fois sous le maillot marseillais.<\/p>\n<p>Les enjeux de ce match :<\/p>\n<ul data-start=\"886\" data-end=\"1172\">\n<li data-start=\"959\" data-end=\"1066\"><strong data-start=\"1069\" data-end=\"1101\">Premier test grandeur nature<\/strong> pour valider une pr\u00e9paration estivale convaincante c\u00f4t\u00e9 marseillais.<\/li>\n<li><strong data-start=\"961\" data-end=\"978\">Retrouvailles<\/strong> : Valentin Rongier et Quentin Merlin, d\u00e9sormais rennais, croiseront leur ancien club.<\/li>\n<\/ul>\n<p>A lire aussi :\u00a0<a href=\"https:\/\/www.footballclubdemarseille.fr\/om-actualites\/mercato-om-ca-avance-pour-zhegrova.html\" rel=\"nofollow noopener\" target=\"_blank\">Mercato OM : \u00e7a avance pour Zhegrova !<\/a><\/p>\n<\/p>\n<p>\ud83d\udcfa O\u00f9 et quand voir Rennes \u2013 OM ?<\/p>\n<ul data-start=\"1214\" data-end=\"1368\">\n<li data-start=\"1214\" data-end=\"1260\">\n<p data-start=\"1216\" data-end=\"1260\"><strong data-start=\"1216\" data-end=\"1232\">Coup d\u2019envoi<\/strong> : Vendredi 15 ao\u00fbt, 20h45<\/p>\n<\/li>\n<li data-start=\"1261\" data-end=\"1310\">\n<p data-start=\"1263\" data-end=\"1310\"><strong data-start=\"1263\" data-end=\"1273\">Cha\u00eene<\/strong> : Ligue1+, prise d\u2019antenne \u00e0 19h15<\/p>\n<\/li>\n<li data-start=\"1311\" data-end=\"1368\">\n<p data-start=\"1313\" data-end=\"1368\"><strong data-start=\"1313\" data-end=\"1330\">Commentateurs<\/strong> : Xavier Domergue et Beno\u00eet Cheyrou<\/p>\n<\/li>\n<\/ul>\n<p>\ud83c\udf99 La d\u00e9claration de De Zerbi<\/p>\n<blockquote data-start=\"1406\" data-end=\"1619\">\n<p data-start=\"1408\" data-end=\"1619\">\u201cOn est plus comp\u00e9titifs\u2026 Je suis tr\u00e8s content de ce qui a \u00e9t\u00e9 r\u00e9alis\u00e9. C\u2019est facile de partir de l\u2019OM, mais difficile de trouver un club semblable. Ce sera un match difficile. Pour nous, mais pour eux aussi.\u201d<\/p>\n<\/blockquote>\n<p data-start=\"1621\" data-end=\"1758\">A lire aussi :\u00a0<a href=\"https:\/\/www.footballclubdemarseille.fr\/om-actualites\/quelle-fin-de-mercato-quelle-ambition-pour-lom.html\" rel=\"nofollow noopener\" target=\"_blank\">Quelle fin de mercato ? Quelle ambition pour l\u2019OM ?<\/a><\/p>\n","protected":false},"excerpt":{"rendered":"La Ligue 1 2025-2026 d\u00e9marre fort ce vendredi 15 ao\u00fbt avec un duel de haut vol : Rennes&hellip;\n","protected":false},"author":2,"featured_media":130801,"comment_status":"","ping_status":"","sticky":false,"template":"","format":"standard","meta":{"footnotes":""},"categories":[2821],"tags":[1111,11,829,1777,674,1011,27,12,584,25],"class_list":{"0":"post-320517","1":"post","2":"type-post","3":"status-publish","4":"format-standard","5":"has-post-thumbnail","7":"category-rennes","8":"tag-actu","9":"tag-actualites","10":"tag-bretagne","11":"tag-eu","12":"tag-europe","13":"tag-fr","14":"tag-france","15":"tag-news","16":"tag-rennes","17":"tag-republique-francaise"},"share_on_mastodon":{"url":"https:\/\/pubeurope.com\/@fr\/115032057649384731","error":""},"_links":{"self":[{"href":"https:\/\/www.europesays.com\/fr\/wp-json\/wp\/v2\/posts\/320517","targetHints":{"allow":["GET"]}}],"collection":[{"href":"https:\/\/www.europesays.com\/fr\/wp-json\/wp\/v2\/posts"}],"about":[{"href":"https:\/\/www.europesays.com\/fr\/wp-json\/wp\/v2\/types\/post"}],"author":[{"embeddable":true,"href":"https:\/\/www.europesays.com\/fr\/wp-json\/wp\/v2\/users\/2"}],"replies":[{"embeddable":true,"href":"https:\/\/www.europesays.com\/fr\/wp-json\/wp\/v2\/comments?post=320517"}],"version-history":[{"count":0,"href":"https:\/\/www.europesays.com\/fr\/wp-json\/wp\/v2\/posts\/320517\/revisions"}],"wp:featuredmedia":[{"embeddable":true,"href":"https:\/\/www.europesays.com\/fr\/wp-json\/wp\/v2\/media\/130801"}],"wp:attachment":[{"href":"https:\/\/www.europesays.com\/fr\/wp-json\/wp\/v2\/media?parent=320517"}],"wp:term":[{"taxonomy":"category","embeddable":true,"href":"https:\/\/www.europesays.com\/fr\/wp-json\/wp\/v2\/categories?post=320517"},{"taxonomy":"post_tag","embeddable":true,"href":"https:\/\/www.europesays.com\/fr\/wp-json\/wp\/v2\/tags?post=320517"}],"curies":[{"name":"wp","href":"https:\/\/api.w.org\/{rel}","templated":true}]}}