{"id":320519,"date":"2025-08-15T09:25:12","date_gmt":"2025-08-15T09:25:12","guid":{"rendered":"https:\/\/www.europesays.com\/fr\/320519\/"},"modified":"2025-08-15T09:25:12","modified_gmt":"2025-08-15T09:25:12","slug":"le-racing-affrontera-les-danois-de-brondby-en-barrages-de-la-ligue-conference-les-21-et-28-aout","status":"publish","type":"post","link":"https:\/\/www.europesays.com\/fr\/320519\/","title":{"rendered":"Le Racing affrontera les Danois de Br\u00f8ndby en barrages de la Ligue Conf\u00e9rence les 21 et 28 ao\u00fbt"},"content":{"rendered":"<p>Le Racing club de Strasbourg recevra les Danois de Br\u00f8ndby jeudi 21 ao\u00fbt \u00e0 la Meinau pour le match aller des barrages de la Ligue Conf\u00e9rence. Et direction Copenhague pour le match retour le 28 ao\u00fbt. <\/p>\n<p>On conna\u00eet d\u00e9sormais l&rsquo;adversaire du Racing club de Strasbourg pour les barrages de Ligue Conf\u00e9rence, la troisi\u00e8me Coupe d&rsquo;Europe. <strong>Le Racing recevra le jeudi 21 ao\u00fbt \u00e0 la Meinau les danois de Br\u00f8ndby<\/strong> et ils se d\u00e9placeront pour le match retour \u00e0 Copenhague le 28 ao\u00fbt. Les supporters \u00e9taient dans l&rsquo;attente\u00a0<a class=\"IciLink ici-link IciArticleLink g-ici-body-regular-1 underline brand svelte-lu7k6w\" href=\"https:\/\/www.francebleu.fr\/sports\/football\/le-racing-club-de-strasbourg-affrontera-reykjavik-ou-broendby-en-barrages-de-la-ligue-conference-5085440\" rel=\"nofollow noopener\" target=\"_blank\">depuis le tirage au sort le 4 ao\u00fbt dernier<\/a>\u00a0et la double confrontation entre\u00a0les Islandais de Reykjavik et\u00a0les Danois de Br\u00f8ndby.<\/p>\n<p>Le parcours des Danois a de quoi \u00e9tonner puisque les joueurs de Br\u00f8ndby avaient chut\u00e9 au match aller du troisi\u00e8me tour de qualification, sur le score de 3 \u00e0 0 face aux islandais de Reykjavik. Auteurs d&rsquo;une remontada, ils se sont impos\u00e9s 4 \u00e0 0 jeudi 14 ao\u00fbt face aux islandais alors qu&rsquo;ils \u00e9taient pourtant r\u00e9duits \u00e0 10.<\/p>\n<p>En attendant, les joueurs du Racing ont la reprise de la Ligue 1 dans la t\u00eate, avec le derby face \u00e0 Metz ce dimanche 17 ao\u00fbt \u00e0 17 h 15. Pr\u00e8s de 700 supporters du Racing <a class=\"IciLink ici-link IciArticleLink g-ici-body-regular-1 underline brand svelte-lu7k6w\" href=\"https:\/\/www.francebleu.fr\/sports\/football\/les-supporters-du-racing-club-de-strasbourg-autorises-a-se-deplacer-pour-le-derby-a-metz-5519397\" rel=\"nofollow noopener\" target=\"_blank\">sont autoris\u00e9s \u00e0 se d\u00e9placer \u00e0 Metz<\/a>, ils seront escort\u00e9s en bus jusqu&rsquo;au stade Saint-Symphorien.<\/p>\n<p>\u00c0 lire aussi   <img decoding=\"async\" src=\"https:\/\/www.europesays.com\/fr\/wp-content\/uploads\/2025\/07\/560x315_sc_rcsajmloosmaxppp.jpg\" alt=\"Le Racing Club de Strasbourg jouera \u00e0 nouveau en Ligue 1 lors de la saison 2025-2026\" style=\"--_image-preview:url('data:image\/jpeg;base64,\/9j\/2wBDACgcHiMeGSgjISMtKygwPGRBPDc3PHtYXUlkkYCZlo+AjIqgtObDoKrarYqMyP\/L2u71\/\/\/\/m8H\/\/\/\/6\/+b9\/\/j\/2wBDASstLTw1PHZBQXb4pYyl+Pj4+Pj4+Pj4+Pj4+Pj4+Pj4+Pj4+Pj4+Pj4+Pj4+Pj4+Pj4+Pj4+Pj4+Pj4+Pj4+Pj\/wAARCAAXACoDASIAAhEBAxEB\/8QAFgABAQEAAAAAAAAAAAAAAAAAAAEC\/8QAFhABAQEAAAAAAAAAAAAAAAAAABEB\/8QAFQEBAQAAAAAAAAAAAAAAAAAAAQD\/xAAUEQEAAAAAAAAAAAAAAAAAAAAA\/9oADAMBAAIRAxEAPwDESNBTMIqELislBaQERAQQoAv\/2Q==');\" loading=\"lazy\" fetchpriority=\"low\" aria-hidden=\"true\" class=\"svelte-1pnmlwx rounded\" onload=\"this.__e=event\" onerror=\"this.__e=event\"\/>\u00c0 lire aussi   <img decoding=\"async\" src=\"https:\/\/www.europesays.com\/fr\/wp-content\/uploads\/2025\/08\/560x315_sc_000-36xh6z3.jpg\" alt=\"Sebastian Nanasi et ses co\u00e9quipiers du Racing vont disputer les barrages de la Ligue Conf\u00e9rence\" style=\"--_image-preview:url('data:image\/jpeg;base64,\/9j\/2wBDACgcHiMeGSgjISMtKygwPGRBPDc3PHtYXUlkkYCZlo+AjIqgtObDoKrarYqMyP\/L2u71\/\/\/\/m8H\/\/\/\/6\/+b9\/\/j\/2wBDASstLTw1PHZBQXb4pYyl+Pj4+Pj4+Pj4+Pj4+Pj4+Pj4+Pj4+Pj4+Pj4+Pj4+Pj4+Pj4+Pj4+Pj4+Pj4+Pj4+Pj\/wAARCAAXACoDASIAAhEBAxEB\/8QAGAAAAwEBAAAAAAAAAAAAAAAAAAECAwX\/xAAYEAEBAQEBAAAAAAAAAAAAAAAAARESAv\/EABYBAQEBAAAAAAAAAAAAAAAAAAABAv\/EABYRAQEBAAAAAAAAAAAAAAAAAAABEf\/aAAwDAQACEQMRAD8A5+Hi+SxQpDxUisMRnhY15LkF3ymwAiiRUgDSHhYAg\/\/Z');\" loading=\"lazy\" fetchpriority=\"low\" aria-hidden=\"true\" class=\"svelte-1pnmlwx rounded\" onload=\"this.__e=event\" onerror=\"this.__e=event\"\/><\/p>\n","protected":false},"excerpt":{"rendered":"Le Racing club de Strasbourg recevra les Danois de Br\u00f8ndby jeudi 21 ao\u00fbt \u00e0 la Meinau pour le&hellip;\n","protected":false},"author":2,"featured_media":320520,"comment_status":"","ping_status":"","sticky":false,"template":"","format":"standard","meta":{"footnotes":""},"categories":[2820],"tags":[1111,11,1777,674,1011,27,775,12,25,640],"class_list":{"0":"post-320519","1":"post","2":"type-post","3":"status-publish","4":"format-standard","5":"has-post-thumbnail","7":"category-strasbourg","8":"tag-actu","9":"tag-actualites","10":"tag-eu","11":"tag-europe","12":"tag-fr","13":"tag-france","14":"tag-grand-est","15":"tag-news","16":"tag-republique-francaise","17":"tag-strasbourg"},"share_on_mastodon":{"url":"https:\/\/pubeurope.com\/@fr\/115032065846712485","error":""},"_links":{"self":[{"href":"https:\/\/www.europesays.com\/fr\/wp-json\/wp\/v2\/posts\/320519","targetHints":{"allow":["GET"]}}],"collection":[{"href":"https:\/\/www.europesays.com\/fr\/wp-json\/wp\/v2\/posts"}],"about":[{"href":"https:\/\/www.europesays.com\/fr\/wp-json\/wp\/v2\/types\/post"}],"author":[{"embeddable":true,"href":"https:\/\/www.europesays.com\/fr\/wp-json\/wp\/v2\/users\/2"}],"replies":[{"embeddable":true,"href":"https:\/\/www.europesays.com\/fr\/wp-json\/wp\/v2\/comments?post=320519"}],"version-history":[{"count":0,"href":"https:\/\/www.europesays.com\/fr\/wp-json\/wp\/v2\/posts\/320519\/revisions"}],"wp:featuredmedia":[{"embeddable":true,"href":"https:\/\/www.europesays.com\/fr\/wp-json\/wp\/v2\/media\/320520"}],"wp:attachment":[{"href":"https:\/\/www.europesays.com\/fr\/wp-json\/wp\/v2\/media?parent=320519"}],"wp:term":[{"taxonomy":"category","embeddable":true,"href":"https:\/\/www.europesays.com\/fr\/wp-json\/wp\/v2\/categories?post=320519"},{"taxonomy":"post_tag","embeddable":true,"href":"https:\/\/www.europesays.com\/fr\/wp-json\/wp\/v2\/tags?post=320519"}],"curies":[{"name":"wp","href":"https:\/\/api.w.org\/{rel}","templated":true}]}}