{"id":320524,"date":"2025-08-15T09:34:18","date_gmt":"2025-08-15T09:34:18","guid":{"rendered":"https:\/\/www.europesays.com\/fr\/320524\/"},"modified":"2025-08-15T09:34:18","modified_gmt":"2025-08-15T09:34:18","slug":"nantes-psg-javier-pastore-en-consultant-de-luxe-sur-ligue-1","status":"publish","type":"post","link":"https:\/\/www.europesays.com\/fr\/320524\/","title":{"rendered":"Nantes-PSG\u00a0: Javier Pastore en consultant de luxe sur Ligue\u00a01 +"},"content":{"rendered":"<p class=\"paragraph text_align_left lp-f-body-02\">Pour son lancement, <a href=\"https:\/\/www.leparisien.fr\/sports\/football\/ligue-1\/le-destin-force-de-la-plate-forme-ligue-1-bouee-de-sauvetage-du-foot-francais-10-08-2025-5UFKIMMZC5C7NL4DI7PK6C3YRU.php\" target=\"_blank\" rel=\"noreferrer nofollow noopener\">Ligue 1 +<\/a> a mis les petits plats dans les grands. La nouvelle cha\u00eene accueillera pour un soir Javier Pastore en tant que consultant, dimanche \u00e0 20h45 \u00e0 l\u2019occasion de Nantes-PSG, pour la premi\u00e8re journ\u00e9e de championnat.<\/p>\n<p class=\"paragraph text_align_left lp-f-body-02\">Afin de se faire conna\u00eetre du grand public, Ligue 1 + diffusera cette rencontre en clair. Pastore, pass\u00e9 par le <a href=\"https:\/\/www.leparisien.fr\/sports\/football\/psg\/\" target=\"_blank\" rel=\"noreferrer nofollow noopener\">PSG<\/a> entre 2011 et 2018 (269 matchs, 45 buts, 61 passes d\u00e9cisives), interviendra au micro depuis le stade de la Beaujoire, et sera accompagn\u00e9 de Marina Lorenzo et d\u2019un autre ex-Parisien devenu consultant, Guillaume Hoarau.<\/p>\n","protected":false},"excerpt":{"rendered":"Pour son lancement, Ligue 1 + a mis les petits plats dans les grands. La nouvelle cha\u00eene accueillera&hellip;\n","protected":false},"author":2,"featured_media":320525,"comment_status":"","ping_status":"","sticky":false,"template":"","format":"standard","meta":{"footnotes":""},"categories":[2818],"tags":[1111,11,1777,674,63,1011,27,766,12,2636,93,25,60],"class_list":{"0":"post-320524","1":"post","2":"type-post","3":"status-publish","4":"format-standard","5":"has-post-thumbnail","7":"category-nantes","8":"tag-actu","9":"tag-actualites","10":"tag-eu","11":"tag-europe","12":"tag-football","13":"tag-fr","14":"tag-france","15":"tag-nantes","16":"tag-news","17":"tag-pays-de-la-loire","18":"tag-psg","19":"tag-republique-francaise","20":"tag-sports"},"share_on_mastodon":{"url":"https:\/\/pubeurope.com\/@fr\/115032100891499502","error":""},"_links":{"self":[{"href":"https:\/\/www.europesays.com\/fr\/wp-json\/wp\/v2\/posts\/320524","targetHints":{"allow":["GET"]}}],"collection":[{"href":"https:\/\/www.europesays.com\/fr\/wp-json\/wp\/v2\/posts"}],"about":[{"href":"https:\/\/www.europesays.com\/fr\/wp-json\/wp\/v2\/types\/post"}],"author":[{"embeddable":true,"href":"https:\/\/www.europesays.com\/fr\/wp-json\/wp\/v2\/users\/2"}],"replies":[{"embeddable":true,"href":"https:\/\/www.europesays.com\/fr\/wp-json\/wp\/v2\/comments?post=320524"}],"version-history":[{"count":0,"href":"https:\/\/www.europesays.com\/fr\/wp-json\/wp\/v2\/posts\/320524\/revisions"}],"wp:featuredmedia":[{"embeddable":true,"href":"https:\/\/www.europesays.com\/fr\/wp-json\/wp\/v2\/media\/320525"}],"wp:attachment":[{"href":"https:\/\/www.europesays.com\/fr\/wp-json\/wp\/v2\/media?parent=320524"}],"wp:term":[{"taxonomy":"category","embeddable":true,"href":"https:\/\/www.europesays.com\/fr\/wp-json\/wp\/v2\/categories?post=320524"},{"taxonomy":"post_tag","embeddable":true,"href":"https:\/\/www.europesays.com\/fr\/wp-json\/wp\/v2\/tags?post=320524"}],"curies":[{"name":"wp","href":"https:\/\/api.w.org\/{rel}","templated":true}]}}