{"id":320534,"date":"2025-08-15T09:39:10","date_gmt":"2025-08-15T09:39:10","guid":{"rendered":"https:\/\/www.europesays.com\/fr\/320534\/"},"modified":"2025-08-15T09:39:10","modified_gmt":"2025-08-15T09:39:10","slug":"villeneuve-dascq-en-septembre-courez-5-ou-10-km-autour-du-lac-du-heron-pour-la-bonne-cause","status":"publish","type":"post","link":"https:\/\/www.europesays.com\/fr\/320534\/","title":{"rendered":"Villeneuve-d&rsquo;Ascq. En septembre, courez 5 ou 10 km autour du lac du H\u00e9ron pour la bonne cause"},"content":{"rendered":"<p>            Par<br \/>\n        <strong><br \/>\n            <a href=\"https:\/\/actu.fr\/auteur\/redaction-lille\" title=\"Consulter tous les articles de R\u00e9daction Lille\" target=\"_blank\" rel=\"noopener\">R\u00e9daction Lille<\/a><br \/>\n        <\/strong><\/p>\n<p>        Publi\u00e9 le<\/p>\n<p>            15 ao\u00fbt 2025 \u00e0 11h07        <\/p>\n<p>Courir pour se vider la t\u00eate c\u2019est bien, mais pour soutenir une cause c\u2019est encore mieux. Le dimanche 21 septembre 2025, une <b>course solidaire<\/b> est organis\u00e9e par<b> l\u2019association Jozette<\/b> autour du <b>lac du H\u00e9ron<\/b> \u00e0 <a href=\"https:\/\/actu.fr\/hauts-de-france\/villeneuve-d-ascq_59009\" target=\"_blank\" rel=\"noopener\">Villeneuve-d\u2019Ascq<\/a>, pr\u00e8s de <a href=\"https:\/\/actu.fr\/lille\/\" target=\"_blank\" rel=\"noopener\">Lille<\/a>. L\u2019objectif est de r\u00e9colter des fonds pour la <b>f\u00e9d\u00e9ration M\u00e8res Pour la Paix<\/b>. Il est d\u2019ores est d\u00e9j\u00e0 possible de <b>s\u2019inscrire<\/b> pour <b>courir 5 ou 10 km.<\/b><\/p>\n<p>Courez 5 ou 10 km autour du lac du H\u00e9ron<\/p>\n<p class=\" wall-content\">C\u2019est d\u00e9j\u00e0 la <b>3\u00e8me \u00e9dition de cette course solidaire<\/b> organis\u00e9e par l\u2019association Jozette. Elle se tiendra le dimanche 21 septembre autour du lac du H\u00e9ron. Chaque coureur inscrit permettra de r\u00e9colter des fonds pour l\u2019association M\u00e8res Pour la Paix, \u00e0 hauteur de <b>1 euro par coureur<\/b>.\u00a0<\/p>\n<p class=\" wall-content\">Deux distances sont propos\u00e9es :<\/p>\n<ul class=\" wall-content\">\n<li>10 km, course non chronom\u00e9tr\u00e9e, \u00e0 partir de 16 ans ;<\/li>\n<li>5 km, course non chronom\u00e9tr\u00e9e, \u00e0 partir de 8 ans.<\/li>\n<\/ul>\n<p class=\" wall-content\">Pour chacune, le <b>top d\u00e9part sera donn\u00e9 \u00e0 10h<\/b>. \u00c0 noter que pour les coureurs mineurs, une autorisation parentale est n\u00e9cessaire. Pour en savoir plus et pour s\u2019inscrire, <a href=\"https:\/\/www.helloasso.com\/associations\/jozette\/evenements\/course-solidaire-jozette-3eme-edition\" target=\"_blank\" rel=\"noopener\">\u00e7a se passe par ici.<\/a><\/p>\n<p class=\" wall-content\">Les fonds r\u00e9colt\u00e9s seront transf\u00e9r\u00e9s \u00e0 M\u00e8res Pour la Paix. Cette association, cr\u00e9\u00e9e en 1994 pendant la guerre des Balkans, s\u2019engage \u00e0 <b>soutenir les femmes et leurs enfants<\/b> dans les pays touch\u00e9s par les conflits \u00e0 travers divers programmes. Elles soutiennent \u00e9galement des projets sportifs et solidaires comme celui des Jozettes.<\/p>\n<p class=\" wall-content\">Suivez toute l\u2019actualit\u00e9 de vos villes et m\u00e9dias favoris en vous inscrivant \u00e0 <a href=\"https:\/\/moncompte.actu.fr\" title=\"D\u00e9couvez Mon Actu\" rel=\"nofollow noopener\" data-trk=\"{&quot;cta&quot;:{&quot;action&quot;:&quot;https:\\\/\\\/moncompte.actu.fr&quot;,&quot;category&quot;:&quot;mon compte&quot;,&quot;from&quot;:&quot;article footer&quot;,&quot;name&quot;:&quot;Mon actu&quot;,&quot;type&quot;:&quot;cta&quot;}}\" target=\"_blank\">Mon Actu<\/a>.<\/p>\n","protected":false},"excerpt":{"rendered":"Par R\u00e9daction Lille Publi\u00e9 le 15 ao\u00fbt 2025 \u00e0 11h07 Courir pour se vider la t\u00eate c\u2019est bien,&hellip;\n","protected":false},"author":2,"featured_media":320535,"comment_status":"","ping_status":"","sticky":false,"template":"","format":"standard","meta":{"footnotes":""},"categories":[2815],"tags":[1111,11,1777,674,1011,27,811,1307,1652,12,25,3400],"class_list":{"0":"post-320534","1":"post","2":"type-post","3":"status-publish","4":"format-standard","5":"has-post-thumbnail","7":"category-lille","8":"tag-actu","9":"tag-actualites","10":"tag-eu","11":"tag-europe","12":"tag-fr","13":"tag-france","14":"tag-hauts-de-france","15":"tag-lille","16":"tag-loisirs-culture","17":"tag-news","18":"tag-republique-francaise","19":"tag-solidarite"},"share_on_mastodon":{"url":"https:\/\/pubeurope.com\/@fr\/115032120657877742","error":""},"_links":{"self":[{"href":"https:\/\/www.europesays.com\/fr\/wp-json\/wp\/v2\/posts\/320534","targetHints":{"allow":["GET"]}}],"collection":[{"href":"https:\/\/www.europesays.com\/fr\/wp-json\/wp\/v2\/posts"}],"about":[{"href":"https:\/\/www.europesays.com\/fr\/wp-json\/wp\/v2\/types\/post"}],"author":[{"embeddable":true,"href":"https:\/\/www.europesays.com\/fr\/wp-json\/wp\/v2\/users\/2"}],"replies":[{"embeddable":true,"href":"https:\/\/www.europesays.com\/fr\/wp-json\/wp\/v2\/comments?post=320534"}],"version-history":[{"count":0,"href":"https:\/\/www.europesays.com\/fr\/wp-json\/wp\/v2\/posts\/320534\/revisions"}],"wp:featuredmedia":[{"embeddable":true,"href":"https:\/\/www.europesays.com\/fr\/wp-json\/wp\/v2\/media\/320535"}],"wp:attachment":[{"href":"https:\/\/www.europesays.com\/fr\/wp-json\/wp\/v2\/media?parent=320534"}],"wp:term":[{"taxonomy":"category","embeddable":true,"href":"https:\/\/www.europesays.com\/fr\/wp-json\/wp\/v2\/categories?post=320534"},{"taxonomy":"post_tag","embeddable":true,"href":"https:\/\/www.europesays.com\/fr\/wp-json\/wp\/v2\/tags?post=320534"}],"curies":[{"name":"wp","href":"https:\/\/api.w.org\/{rel}","templated":true}]}}