{"id":320538,"date":"2025-08-15T09:41:10","date_gmt":"2025-08-15T09:41:10","guid":{"rendered":"https:\/\/www.europesays.com\/fr\/320538\/"},"modified":"2025-08-15T09:41:10","modified_gmt":"2025-08-15T09:41:10","slug":"tous-les-meubles-ont-explose-tout-est-casse-le-logement-dune-femme-de-92-ans-detruit-par-un-tir-de-mortier-a-marseille-en-pleine-matinee","status":"publish","type":"post","link":"https:\/\/www.europesays.com\/fr\/320538\/","title":{"rendered":"\u00ab\u00a0Tous les meubles ont explos\u00e9, tout est cass\u00e9\u00a0\u00bb\u00a0: le logement d\u2019une femme de 92 ans d\u00e9truit par un tir de mortier \u00e0 Marseille en pleine matin\u00e9e"},"content":{"rendered":"<p>\n                                                                La victime allait quitter son logement quand l\u2019explosion a eu lieu.\n                            <\/p>\n<p>On a fr\u00f4l\u00e9 le drame dans le 9e arrondissement\u00a0de Marseille mercredi 13\u00a0ao\u00fbt. Une dame \u00e2g\u00e9e de 92 ans a \u00e9t\u00e9 hospitalis\u00e9e en \u00e9tat de choc apr\u00e8s l\u2019explosion de son appartement en pleine matin\u00e9e. Elle n\u2019est heureusement pas bless\u00e9e. Un tir de mortier d\u2019artifice a fini sa course sur son balcon provoquant de tr\u00e8s importants d\u00e9g\u00e2ts sur la fa\u00e7ade de l\u2019immeuble et dans l\u2019appartement.<\/p>\n<p>L\u2019explosion \u00e9tait d\u2019une telle intensit\u00e9 qu\u2019elle a \u00e9t\u00e9 entendue \u00e0 des kilom\u00e8tres \u00e0 la ronde. La nonag\u00e9naire, qui s\u2019appr\u00eatait \u00e0 sortir quand l\u2019accident a eu lieu, \u00e9tait heureusement loin de l\u2019impact. Son logement est d\u00e9vast\u00e9.\u00a0\u00ab\u00a0Tous les meubles ont explos\u00e9 dans la salle \u00e0 manger, tout est cass\u00e9 \u00ab\u00a0, a indiqu\u00e9 le fils de la victime \u00e0 <a href=\"https:\/\/www.bfmtv.com\/police-justice\/tout-est-casse-un-tir-de-mortier-d-artifice-provoque-une-explosion-dans-un-appartement-a-marseille-une-nonagenaire-en-etat-de-choc_AN-202508130489.html\" target=\"_self\" rel=\"nofollow noopener\">BFMTV<\/a>.<\/p>\n<p>Une enqu\u00eate pour d\u00e9gradation volontaire et blessures volontaires a \u00e9t\u00e9 ouverte et la famille de la nonag\u00e9naire a port\u00e9 plainte.<\/p>\n","protected":false},"excerpt":{"rendered":"La victime allait quitter son logement quand l\u2019explosion a eu lieu. On a fr\u00f4l\u00e9 le drame dans le&hellip;\n","protected":false},"author":2,"featured_media":320539,"comment_status":"","ping_status":"","sticky":false,"template":"","format":"standard","meta":{"footnotes":""},"categories":[2814],"tags":[1111,11,1777,674,1011,27,884,12,882,25],"class_list":{"0":"post-320538","1":"post","2":"type-post","3":"status-publish","4":"format-standard","5":"has-post-thumbnail","7":"category-marseille","8":"tag-actu","9":"tag-actualites","10":"tag-eu","11":"tag-europe","12":"tag-fr","13":"tag-france","14":"tag-marseille","15":"tag-news","16":"tag-provence-alpes-cote-dazur","17":"tag-republique-francaise"},"share_on_mastodon":{"url":"https:\/\/pubeurope.com\/@fr\/115032128460466583","error":""},"_links":{"self":[{"href":"https:\/\/www.europesays.com\/fr\/wp-json\/wp\/v2\/posts\/320538","targetHints":{"allow":["GET"]}}],"collection":[{"href":"https:\/\/www.europesays.com\/fr\/wp-json\/wp\/v2\/posts"}],"about":[{"href":"https:\/\/www.europesays.com\/fr\/wp-json\/wp\/v2\/types\/post"}],"author":[{"embeddable":true,"href":"https:\/\/www.europesays.com\/fr\/wp-json\/wp\/v2\/users\/2"}],"replies":[{"embeddable":true,"href":"https:\/\/www.europesays.com\/fr\/wp-json\/wp\/v2\/comments?post=320538"}],"version-history":[{"count":0,"href":"https:\/\/www.europesays.com\/fr\/wp-json\/wp\/v2\/posts\/320538\/revisions"}],"wp:featuredmedia":[{"embeddable":true,"href":"https:\/\/www.europesays.com\/fr\/wp-json\/wp\/v2\/media\/320539"}],"wp:attachment":[{"href":"https:\/\/www.europesays.com\/fr\/wp-json\/wp\/v2\/media?parent=320538"}],"wp:term":[{"taxonomy":"category","embeddable":true,"href":"https:\/\/www.europesays.com\/fr\/wp-json\/wp\/v2\/categories?post=320538"},{"taxonomy":"post_tag","embeddable":true,"href":"https:\/\/www.europesays.com\/fr\/wp-json\/wp\/v2\/tags?post=320538"}],"curies":[{"name":"wp","href":"https:\/\/api.w.org\/{rel}","templated":true}]}}