{"id":320542,"date":"2025-08-15T09:43:09","date_gmt":"2025-08-15T09:43:09","guid":{"rendered":"https:\/\/www.europesays.com\/fr\/320542\/"},"modified":"2025-08-15T09:43:09","modified_gmt":"2025-08-15T09:43:09","slug":"20-moins-cher-quun-taxi-a-lyon-ce-jeune-entrepreneur-fait-le-pari-du-velo-electrique-a-trois-roues","status":"publish","type":"post","link":"https:\/\/www.europesays.com\/fr\/320542\/","title":{"rendered":"\u00ab\u00a020\u00a0% moins cher qu\u2019un taxi\u00a0\u00bb\u00a0: \u00e0 Lyon, ce jeune entrepreneur fait le pari du v\u00e9lo \u00e9lectrique \u00e0 trois roues"},"content":{"rendered":"<p class=\"paragraph text_align_left lp-f-body-02\">Ils sont color\u00e9s, se faufilent partout et filent jusqu\u2019\u00e0 25 km\/h : les tuk-tuks \u00e9lectriques en circulation depuis la semaine derni\u00e8re \u00e0 Lyon <a href=\"https:\/\/www.leparisien.fr\/rhone-69\/\" target=\"_blank\" rel=\"noreferrer noopener\">(Rh\u00f4ne)<\/a> ont plus d\u2019un atout. Inspir\u00e9 par <a href=\"https:\/\/www.leparisien.fr\/paris-75\/les-tuk-tuks-proliferent-a-paris-cest-une-nouvelle-forme-de-delinquance-17-08-2022-SKITTHQLLRGHTJF5FSCR7E4EH4.php\" target=\"_blank\" rel=\"noreferrer noopener\">les trois-roues asiatiques,<\/a> Antoine Abou, un habitant de 27 ans, vient de lancer Drop, un <a href=\"https:\/\/www.leparisien.fr\/info-paris-ile-de-france-oise\/transports\/bimboum-turtle-les-velos-taxis-bientot-une-vraie-alternative-aux-vtc-dans-le-grand-paris-21-01-2023-XNCS3KV74RFVRHJNNVBALSHW44.php\" target=\"_blank\" rel=\"noreferrer noopener\">service de v\u00e9lotaxi.<\/a> Jusqu\u2019\u00e0 la fin de l\u2019\u00e9t\u00e9, les Lyonnais peuvent emprunter l\u2019un des neuf v\u00e9hicules pour leurs vir\u00e9es nocturnes, du jeudi au samedi de 22 heures \u00e0 6 heures.<\/p>\n<p class=\"paragraph text_align_left lp-f-body-02\">\u00ab C\u2019est une p\u00e9riode de rodage mais, d\u00e8s la rentr\u00e9e, les amplitudes horaires seront bien plus importantes \u00bb, indique l\u2019entrepreneur. Il sera alors possible de r\u00e9server un v\u00e9hicule via une appli ou de le h\u00e9ler directement. Pour s\u00e9duire les Lyonnais, l\u2019entrepreneur mise sur une \u00ab exp\u00e9rience \u00e0 forte valeur ajout\u00e9e \u00bb, alliant originalit\u00e9 et confort : chauffage, climatisation, musique\u2026 Les v\u00e9hicules sont con\u00e7us et fabriqu\u00e9s \u00e0 Lyon, dans des ateliers du quartier de Valmy (IXe arrondissement).<\/p>\n<p>Une flotte carburant \u00e0 l\u2019hydrog\u00e8ne d\u2019ici l\u2019\u00e9t\u00e9 2026<\/p>\n<p class=\"paragraph text_align_left lp-f-body-02\">Mais Antoine Abou ne compte pas s\u2019arr\u00eater l\u00e0 : \u00ab En 2020, j\u2019ai fait un tour d\u2019Europe \u00e0 v\u00e9lo pour comprendre le fonctionnement de l\u2019hydrog\u00e8ne, avant de cr\u00e9er un tuk-tuk \u00e0 l\u2019hydrog\u00e8ne pour les 24 heures du Mans, raconte-t-il. Mon objectif est de mettre en circulation d\u2019ici l\u2019\u00e9t\u00e9 2026 50 v\u00e9hicules que nous pr\u00e9parons \u00e0 un fonctionnement hybride batterie et hydrog\u00e8ne. Cela permettra une meilleure dur\u00e9e de vie des deux composants et une meilleure gestion de la flotte. \u00bb<\/p>\n<p class=\"paragraph text_align_left lp-f-body-02\">Le jeune dirigeant revendique un prix de course \u00ab 20 % moins cher qu\u2019un taxi \u00bb : comptez 9 euros pour aller de la gare de Perrache \u00e0 l\u2019H\u00f4tel de ville.<\/p>\n","protected":false},"excerpt":{"rendered":"Ils sont color\u00e9s, se faufilent partout et filent jusqu\u2019\u00e0 25 km\/h : les tuk-tuks \u00e9lectriques en circulation depuis&hellip;\n","protected":false},"author":2,"featured_media":320543,"comment_status":"","ping_status":"","sticky":false,"template":"","format":"standard","meta":{"footnotes":""},"categories":[1889],"tags":[1111,917,11,2430,459,33,1777,674,1011,27,2428,12,25,11244],"class_list":{"0":"post-320542","1":"post","2":"type-post","3":"status-publish","4":"format-standard","5":"has-post-thumbnail","7":"category-lyon","8":"tag-actu","9":"tag-actu-locale","10":"tag-actualites","11":"tag-auvergne-rhone-alpes","12":"tag-departements-horsidfo","13":"tag-economie","14":"tag-eu","15":"tag-europe","16":"tag-fr","17":"tag-france","18":"tag-lyon","19":"tag-news","20":"tag-republique-francaise","21":"tag-rhone-69"},"share_on_mastodon":{"url":"https:\/\/pubeurope.com\/@fr\/115032136430171410","error":""},"_links":{"self":[{"href":"https:\/\/www.europesays.com\/fr\/wp-json\/wp\/v2\/posts\/320542","targetHints":{"allow":["GET"]}}],"collection":[{"href":"https:\/\/www.europesays.com\/fr\/wp-json\/wp\/v2\/posts"}],"about":[{"href":"https:\/\/www.europesays.com\/fr\/wp-json\/wp\/v2\/types\/post"}],"author":[{"embeddable":true,"href":"https:\/\/www.europesays.com\/fr\/wp-json\/wp\/v2\/users\/2"}],"replies":[{"embeddable":true,"href":"https:\/\/www.europesays.com\/fr\/wp-json\/wp\/v2\/comments?post=320542"}],"version-history":[{"count":0,"href":"https:\/\/www.europesays.com\/fr\/wp-json\/wp\/v2\/posts\/320542\/revisions"}],"wp:featuredmedia":[{"embeddable":true,"href":"https:\/\/www.europesays.com\/fr\/wp-json\/wp\/v2\/media\/320543"}],"wp:attachment":[{"href":"https:\/\/www.europesays.com\/fr\/wp-json\/wp\/v2\/media?parent=320542"}],"wp:term":[{"taxonomy":"category","embeddable":true,"href":"https:\/\/www.europesays.com\/fr\/wp-json\/wp\/v2\/categories?post=320542"},{"taxonomy":"post_tag","embeddable":true,"href":"https:\/\/www.europesays.com\/fr\/wp-json\/wp\/v2\/tags?post=320542"}],"curies":[{"name":"wp","href":"https:\/\/api.w.org\/{rel}","templated":true}]}}