{"id":320544,"date":"2025-08-15T09:44:13","date_gmt":"2025-08-15T09:44:13","guid":{"rendered":"https:\/\/www.europesays.com\/fr\/320544\/"},"modified":"2025-08-15T09:44:13","modified_gmt":"2025-08-15T09:44:13","slug":"jai-hate-de-me-retrouver-face-au-meilleur-public-de-lhistoire-de-la-wwe","status":"publish","type":"post","link":"https:\/\/www.europesays.com\/fr\/320544\/","title":{"rendered":"\u00ab\u00a0J\u2019ai h\u00e2te de me retrouver face au meilleur public de l\u2019histoire de la WWE\u00a0\u00bb"},"content":{"rendered":"<p>Invit\u00e9 sur le plateau du The Tonight Show de Jimmy Fallon, John Cena a partag\u00e9 son enthousiasme \u00e0 l\u2019approche du prochain \u00e9v\u00e9nement de catch organis\u00e9 par la WWE \u00e0 la LDLC Arena, le 29 ao\u00fbt 2025. Malgr\u00e9 une carri\u00e8re riche et des tourn\u00e9es dans le monde entier, la star am\u00e9ricaine admet ne jamais avoir rencontr\u00e9 un public aussi exceptionnel que celui de Lyon. Selon lui, c\u2019est cette ferveur unique que son \u00e9quipe elle-m\u00eame d\u00e9signe comme \u00ab\u00a0le meilleur public de toute l\u2019histoire de la f\u00e9d\u00e9ration WWE \u00bb.<\/p>\n<p>\u00ab J\u2019ai fait \u00e9norm\u00e9ment de choses dans ma carri\u00e8re. J\u2019ai \u00e9t\u00e9 face \u00e0 des publics compl\u00e8tement fous. Mais je n\u2019ai jamais \u00e9t\u00e9 devant le public que notre effectif consid\u00e8re comme \u00ab\u00a0le meilleur public de toute l\u2019histoire de la WWE\u00a0\u00bb, \u00e0 Lyon, en France. Donc, dans quelques semaines, j\u2019ai vraiment h\u00e2te de me retrouver face \u00e0 lui\u2026 \u00bb, a d\u00e9clar\u00e9 John Cena.<\/p>\n<p>Cette d\u00e9votion des fans lyonnais ne date pas d\u2019hier. Lors des pr\u00e9c\u00e9dents shows en 2024, la LDLC Arena avait vibr\u00e9 sous pr\u00e8s de 11 000 spectateurs chaque soir, avec des records historiques de recettes et une ambiance salu\u00e9e par des figures legendaires telles que Triple\u00a0H, <a href=\"https:\/\/www.leprogres.fr\/culture-loisirs\/2024\/05\/04\/smackdown-et-backlash-pourquoi-lyon-a-rendu-absolument-dingue-le-monde-du-catch-americain\" target=\"_blank\" rel=\"noopener\">impressionn\u00e9 par le niveau sonore<\/a>.<\/p>\n<p>\u00ab J\u2019apprends encore\u00a0\u00bb<\/p>\n<p><a href=\"https:\/\/www.leprogres.fr\/culture-loisirs\/2025\/05\/09\/la-star-de-fast-and-furious-john-cena-sera-a-lyon-en-aout-pour-un-dernier-combat\" target=\"_blank\" rel=\"noopener\">La venue de John Cena<\/a> \u00e0 Lyon est d\u2019autant plus symbolique qu\u2019elle pourrait marquer l\u2019un de ses derniers combats sur un ring WWE.\u00a0Star incontest\u00e9e du catch mondial, John Cena s\u2019est peu \u00e0 peu tourn\u00e9 vers le cin\u00e9ma mais a choisi Lyon pour ce qu\u2019il d\u00e9crit comme une \u00e9tape capitale et un moment d\u2019apprentissage, m\u00eame \u00e0 la fin de sa carri\u00e8re : \u00ab M\u00eame \u00e0 ce stade final, j\u2019apprends encore. Je continue de vivre de nouvelles exp\u00e9riences, et je suis toujours reconnaissant de pouvoir le faire. \u00bb<\/p>\n<p>Le public lyonnais pourra \u00e9galement applaudir d\u2019autres grandes figures de la WWE comme Cody Rhodes, Charlotte Flair ou Drew McIntyre, promettant une soir\u00e9e explosive. Avec d\u00e9j\u00e0 une billetterie pris\u00e9e, l\u2019\u00e9v\u00e9nement s\u2019annonce comme un rendez-vous incontournable.<\/p>\n","protected":false},"excerpt":{"rendered":"Invit\u00e9 sur le plateau du The Tonight Show de Jimmy Fallon, John Cena a partag\u00e9 son enthousiasme \u00e0&hellip;\n","protected":false},"author":2,"featured_media":320545,"comment_status":"","ping_status":"","sticky":false,"template":"","format":"standard","meta":{"footnotes":""},"categories":[1889],"tags":[1111,11,2430,1687,4624,3152,2757,3153,3154,1777,674,107,1011,27,2428,12,25,2429,3140,21508],"class_list":{"0":"post-320544","1":"post","2":"type-post","3":"status-publish","4":"format-standard","5":"has-post-thumbnail","7":"category-lyon","8":"tag-actu","9":"tag-actualites","10":"tag-auvergne-rhone-alpes","11":"tag-culture-loisirs","12":"tag-decines-charpieu","13":"tag-edition-est-lyonnais","14":"tag-edition-lyon-villeurbanne","15":"tag-edition-ouest-lyonnais","16":"tag-edition-sud-lyonnais","17":"tag-eu","18":"tag-europe","19":"tag-fil-info","20":"tag-fr","21":"tag-france","22":"tag-lyon","23":"tag-news","24":"tag-republique-francaise","25":"tag-rhone","26":"tag-spectacle","27":"tag-sports-de-combat"},"share_on_mastodon":{"url":"https:\/\/pubeurope.com\/@fr\/115032140205992742","error":""},"_links":{"self":[{"href":"https:\/\/www.europesays.com\/fr\/wp-json\/wp\/v2\/posts\/320544","targetHints":{"allow":["GET"]}}],"collection":[{"href":"https:\/\/www.europesays.com\/fr\/wp-json\/wp\/v2\/posts"}],"about":[{"href":"https:\/\/www.europesays.com\/fr\/wp-json\/wp\/v2\/types\/post"}],"author":[{"embeddable":true,"href":"https:\/\/www.europesays.com\/fr\/wp-json\/wp\/v2\/users\/2"}],"replies":[{"embeddable":true,"href":"https:\/\/www.europesays.com\/fr\/wp-json\/wp\/v2\/comments?post=320544"}],"version-history":[{"count":0,"href":"https:\/\/www.europesays.com\/fr\/wp-json\/wp\/v2\/posts\/320544\/revisions"}],"wp:featuredmedia":[{"embeddable":true,"href":"https:\/\/www.europesays.com\/fr\/wp-json\/wp\/v2\/media\/320545"}],"wp:attachment":[{"href":"https:\/\/www.europesays.com\/fr\/wp-json\/wp\/v2\/media?parent=320544"}],"wp:term":[{"taxonomy":"category","embeddable":true,"href":"https:\/\/www.europesays.com\/fr\/wp-json\/wp\/v2\/categories?post=320544"},{"taxonomy":"post_tag","embeddable":true,"href":"https:\/\/www.europesays.com\/fr\/wp-json\/wp\/v2\/tags?post=320544"}],"curies":[{"name":"wp","href":"https:\/\/api.w.org\/{rel}","templated":true}]}}