{"id":320546,"date":"2025-08-15T09:46:21","date_gmt":"2025-08-15T09:46:21","guid":{"rendered":"https:\/\/www.europesays.com\/fr\/320546\/"},"modified":"2025-08-15T09:46:21","modified_gmt":"2025-08-15T09:46:21","slug":"virus-du-nil-occidental-west-nile-deux-cas-autochtones-confirmes-en-ile-de-france","status":"publish","type":"post","link":"https:\/\/www.europesays.com\/fr\/320546\/","title":{"rendered":"Virus du Nil occidental (West Nile) : deux cas autochtones confirm\u00e9s en \u00cele-de-France"},"content":{"rendered":"<p class=\"text-align-justify\">Aucun de ces deux cas n\u2019a voyag\u00e9 en zone d\u2019end\u00e9mie. Le premier cas, identifi\u00e9 fin juillet, avait \u00e9galement s\u00e9journ\u00e9 dans le d\u00e9partement du Jura (Bourgogne-Franche-Comt\u00e9) durant la p\u00e9riode possible d\u2019exposition \u00e0 risque. Le second cas, confirm\u00e9 le 6 ao\u00fbt, n\u2019a pas quitt\u00e9 l\u2019\u00cele-de-France dans les 15 jours pr\u00e9c\u00e9dant l\u2019apparition des sympt\u00f4mes. Il s\u2019agit des premi\u00e8res identifications de transmission locale vectorielle du virus West Nile en \u00cele-de-France.<\/p>\n<p><strong>Modes de transmission et sympt\u00f4mes<\/strong><\/p>\n<p class=\"text-align-justify\">Le virus du Nil occidental est transmis \u00e0 l\u2019homme principalement par la piq\u00fbre d\u2019un moustique du genre Culex, infect\u00e9 apr\u00e8s avoir piqu\u00e9 un oiseau porteur du virus. Ce moustique, commun en France hexagonale, pique surtout en soir\u00e9e et la nuit, contrairement au moustique tigre, aedes albopictus, actif en journ\u00e9e.<\/p>\n<ul>\n<li>\n<p class=\"text-align-justify\"><strong>Pas de transmission directe entre humains, ni via un moustique ayant piqu\u00e9 une personne infect\u00e9e.<\/strong><\/p>\n<\/li>\n<li>\n<p class=\"text-align-justify\"><strong>Transmission saisonni\u00e8re : de mai \u00e0 novembre, p\u00e9riode d\u2019activit\u00e9 des moustiques vecteurs.<\/strong><\/p>\n<\/li>\n<\/ul>\n<p class=\"text-align-justify\">Dans 80 % des cas, l\u2019infection est asymptomatique. Lorsqu\u2019elle est symptomatique, elle se manifeste par un syndrome pseudo-grippal (fi\u00e8vre importante accompagn\u00e9e de maux de t\u00eate, douleurs musculaires ou abdominales, naus\u00e9es, diarrh\u00e9es).\u00a0<\/p>\n<p class=\"text-align-justify\">Dans de rares cas (moins de 1 %), des complications neurologiques (m\u00e9ningite, enc\u00e9phalite) peuvent survenir. G\u00e9n\u00e9ralement, le malade r\u00e9cup\u00e8re spontan\u00e9ment, parfois avec s\u00e9quelles. Mais l\u2019infection virale peut s\u2019av\u00e9rer mortelle principalement chez les personnes \u00e2g\u00e9es.\u00a0<\/p>\n<p class=\"text-align-justify\">Depuis 2021, la fi\u00e8vre du virus du Nil occidental est inscrite sur la liste des maladies \u00e0 d\u00e9claration obligatoire (MDO).<\/p>\n<p class=\"text-align-justify\">Un cas est d\u00e9fini comme autochtone lorsqu\u2019aucun voyage en zone d\u2019end\u00e9mie n\u2019a eu lieu dans les 15 jours pr\u00e9c\u00e9dant les sympt\u00f4mes. D\u00e8s le signalement d\u2019un cas av\u00e9r\u00e9 d\u2019arbovirose \u00e0 l\u2019ARS, une enqu\u00eate sanitaire est men\u00e9e par l\u2019Agence et Sant\u00e9 publique France pour identifier tout d\u00e9placement r\u00e9cent de la personne contamin\u00e9e en zone d\u2019end\u00e9mie ou contact avec une personne malade.\u00a0<\/p>\n<p><strong>Surveillance et dispositif de pr\u00e9vention<\/strong><\/p>\n<p class=\"text-align-justify\">Pr\u00e9sent sur plusieurs continents, le virus du Nil occidental conna\u00eet, depuis 2010, une extension progressive en Europe, notamment dans les pays du Sud, avec une augmentation des formes neuro-invasives.<\/p>\n<p class=\"text-align-justify\">En France, un dispositif tripartite de surveillance chez les humains, les chevaux et les oiseaux existe. Il repose sur les secteurs de la sant\u00e9 humaine (ARS, Sant\u00e9 publique France, Centre national de r\u00e9f\u00e9rence des arbovirus, professionnels de sant\u00e9) et de la sant\u00e9 animale (\u00e9quine et aviaire \u2013 ANSES, Laboratoires nationaux de r\u00e9f\u00e9rence, Office national de la Biodiversit\u00e9), ainsi que les Directions d\u00e9partementales de protection des populations (DDPP), des \u00e9quipes de recherche, des op\u00e9rateurs de d\u00e9moustication et des entomologistes.<\/p>\n<p class=\"text-align-justify\">Cette surveillance est renforc\u00e9e chaque ann\u00e9e du 1\u1d49\u02b3 mai au 30 novembre, p\u00e9riode d\u2019activit\u00e9 des moustiques vecteurs. Elle vise \u00e0 d\u00e9tecter rapidement la circulation du virus pour d\u00e9clencher des mesures de protection, notamment la s\u00e9curisation des dons de sang et d\u2019organes.<\/p>\n<p><strong>Actions mises en \u0153uvre par l\u2019ARS \u00cele-de-France en collaboration avec d\u2019autres acteurs<\/strong><\/p>\n<p class=\"text-align-justify\">Face \u00e0 une situation in\u00e9dite en \u00cele-de-France,\u00a0l\u2019ARS intensifie sa coop\u00e9ration avec plusieurs partenaires afin de caract\u00e9riser le risque sanitaire, d\u2019en limiter l\u2019extension et d\u2019assurer une r\u00e9ponse coordonn\u00e9e sur le territoire impact\u00e9\u00a0:<\/p>\n<ul>\n<li>\n<p class=\"text-align-justify\">Enqu\u00eate \u00e9pid\u00e9miologique en collaboration avec la cellule r\u00e9gionale de Sant\u00e9 publique France pour identifier les lieux possibles de contamination\u00a0;\u00a0<\/p>\n<\/li>\n<li>\n<p class=\"text-align-justify\">S\u00e9curisation temporaire des produits issus du corps humains d\u00e8s notification de l\u2019alerte concernant les produits sanguins labiles mais \u00e9galement les dons d\u2019organes, tissus, cellules et gam\u00e8tes par l\u2019\u00c9tablissement fran\u00e7ais du sang (EFS) et l\u2019Agence de biom\u00e9decine (ABM), en lien avec Sant\u00e9 Publique France ;<\/p>\n<\/li>\n<li>\n<p class=\"text-align-justify\">Sensibilisation des \u00e9tablissements de sant\u00e9 franciliens susceptibles d\u2019accueillir des personnes pr\u00e9sentant des formes graves de la maladie\u00a0;<\/p>\n<\/li>\n<li>\n<p class=\"text-align-justify\">Renforcement de la surveillance entomologique autour des cas humains confirm\u00e9s et des zones potentielles de transmission aviaire\u00a0;\u00a0<\/p>\n<\/li>\n<li>\n<p class=\"text-align-justify\">Mobilisation des acteurs de la sant\u00e9 animale pour renforcer la surveillance chez les oiseaux et les \u00e9quid\u00e9s pr\u00e9sents en \u00cele-de-France.\u00a0<\/p>\n<\/li>\n<\/ul>\n<p><strong>Recommandations pour le grand public<\/strong><\/p>\n<p class=\"text-align-justify\"><strong>\u00a0 \u00a0 \u00a0 1- Se prot\u00e9ger des piq\u00fbres en cas de pr\u00e9sence de moustique\u00a0:<\/strong><\/p>\n<ul>\n<li>\n<p class=\"text-align-justify\">Porter des v\u00eatements couvrants et amples, surtout en soir\u00e9e, les moustiques Culex ayant principalement une activit\u00e9 nocturne\u00a0;<\/p>\n<\/li>\n<li>\n<p class=\"text-align-justify\">Utiliser des r\u00e9pulsifs adapt\u00e9s, conseill\u00e9s par un pharmacien, sur les zones de peau d\u00e9couvertes\u00a0;\u00a0<\/p>\n<\/li>\n<li>\n<p class=\"text-align-justify\">Installer des moustiquaires ou grillages aux portes et fen\u00eatres\u00a0;\u00a0<\/p>\n<\/li>\n<li>\n<p class=\"text-align-justify\">Utiliser des diffuseurs \u00e9lectriques \u00e0 l\u2019int\u00e9rieur et des serpentins insecticides uniquement \u00e0 l\u2019ext\u00e9rieur.<\/p>\n<\/li>\n<\/ul>\n<p><strong>\u00a0\u00a0\u00a0\u00a0\u00a0 2 \u2013 Consulter rapidement un m\u00e9decin en cas de sympt\u00f4mes \u00e9vocateurs\u00a0:<\/strong>\u00a0 apparition brutale d\u2019une fi\u00e8vre importante accompagn\u00e9e de maux de t\u00eate et de dos, de douleurs musculaires, d\u2019une toux, d\u2019un gonflement des ganglions du cou, et souvent d\u2019une \u00e9ruption cutan\u00e9e, de naus\u00e9es, de douleurs abdominales, de diarrh\u00e9es et de sympt\u00f4mes respiratoires.<\/p>\n","protected":false},"excerpt":{"rendered":"Aucun de ces deux cas n\u2019a voyag\u00e9 en zone d\u2019end\u00e9mie. Le premier cas, identifi\u00e9 fin juillet, avait \u00e9galement&hellip;\n","protected":false},"author":2,"featured_media":4186,"comment_status":"","ping_status":"","sticky":false,"template":"","format":"standard","meta":{"footnotes":""},"categories":[1592],"tags":[1111,11,1777,674,1011,27,662,12,626,25],"class_list":{"0":"post-320546","1":"post","2":"type-post","3":"status-publish","4":"format-standard","5":"has-post-thumbnail","7":"category-ile-de-france","8":"tag-actu","9":"tag-actualites","10":"tag-eu","11":"tag-europe","12":"tag-fr","13":"tag-france","14":"tag-ile-de-france","15":"tag-news","16":"tag-paris","17":"tag-republique-francaise"},"share_on_mastodon":{"url":"https:\/\/pubeurope.com\/@fr\/115032148103633279","error":""},"_links":{"self":[{"href":"https:\/\/www.europesays.com\/fr\/wp-json\/wp\/v2\/posts\/320546","targetHints":{"allow":["GET"]}}],"collection":[{"href":"https:\/\/www.europesays.com\/fr\/wp-json\/wp\/v2\/posts"}],"about":[{"href":"https:\/\/www.europesays.com\/fr\/wp-json\/wp\/v2\/types\/post"}],"author":[{"embeddable":true,"href":"https:\/\/www.europesays.com\/fr\/wp-json\/wp\/v2\/users\/2"}],"replies":[{"embeddable":true,"href":"https:\/\/www.europesays.com\/fr\/wp-json\/wp\/v2\/comments?post=320546"}],"version-history":[{"count":0,"href":"https:\/\/www.europesays.com\/fr\/wp-json\/wp\/v2\/posts\/320546\/revisions"}],"wp:featuredmedia":[{"embeddable":true,"href":"https:\/\/www.europesays.com\/fr\/wp-json\/wp\/v2\/media\/4186"}],"wp:attachment":[{"href":"https:\/\/www.europesays.com\/fr\/wp-json\/wp\/v2\/media?parent=320546"}],"wp:term":[{"taxonomy":"category","embeddable":true,"href":"https:\/\/www.europesays.com\/fr\/wp-json\/wp\/v2\/categories?post=320546"},{"taxonomy":"post_tag","embeddable":true,"href":"https:\/\/www.europesays.com\/fr\/wp-json\/wp\/v2\/tags?post=320546"}],"curies":[{"name":"wp","href":"https:\/\/api.w.org\/{rel}","templated":true}]}}